{"id":327930,"date":"2025-08-18T21:30:16","date_gmt":"2025-08-18T21:30:16","guid":{"rendered":"https:\/\/www.europesays.com\/fr\/327930\/"},"modified":"2025-08-18T21:30:16","modified_gmt":"2025-08-18T21:30:16","slug":"laeroport-toulouse-blagnac-penalise-par-le-depart-deasyjet-2","status":"publish","type":"post","link":"https:\/\/www.europesays.com\/fr\/327930\/","title":{"rendered":"L\u2019a\u00e9roport Toulouse-Blagnac p\u00e9nalis\u00e9 par le d\u00e9part d\u2019EasyJet"},"content":{"rendered":"<p>Nouveau coup dur pour l&rsquo;a\u00e9roport Toulouse-Blagnac (ATB). La plateforme, qui a accueilli 7,8\u00a0millions de passagers en 2024, <a href=\"https:\/\/toulouse.latribune.fr\/entreprises\/business\/2025-03-12\/l-aeroport-toulouse-blagnac-en-quete-d-un-nouveau-modele-de-croissance-1020436.html\" rel=\"nofollow noopener\" target=\"_blank\">a perdu l&rsquo;an dernier une place<\/a> dans le classement des a\u00e9roports fran\u00e7ais en devenant cinqui\u00e8me plateforme r\u00e9gionale, derri\u00e8re B\u00e2le-Mulhouse. Traditionnellement tourn\u00e9 vers le tourisme d&rsquo;affaires, l&rsquo;a\u00e9roport est frapp\u00e9 par la forte r\u00e9duction de vols d&rsquo;Air France entre la Ville rose et la capitale (perte de 800\u00a0000\u00a0passagers en cinq ans).<\/p>\n<p>Depuis le mois d&rsquo;avril, l&rsquo;a\u00e9roport doit composer avec un nouveau frein \u00e0 sa croissance avec la fermeture de la base a\u00e9rienne d&rsquo;EasyJet. La compagnie low cost britannique, qui transportait 1,5\u00a0million de passagers par an depuis Toulouse, a annonc\u00e9 en janvier <a href=\"https:\/\/toulouse.latribune.fr\/entreprises\/business\/2025-01-08\/easyjet-ferme-sa-base-toulousaine-et-reduit-ses-destinations-de-moitie-1015410.html\" rel=\"nofollow noopener\" target=\"_blank\">passer de 20\u00a0\u00e0 10\u00a0destinations au d\u00e9part de la Ville rose<\/a>. Une d\u00e9cision qui affecte les chiffres de la plateforme au deuxi\u00e8me trimestre. \u00ab\u00a0Le trafic s&rsquo;\u00e9l\u00e8ve \u00e0 2\u00a0060\u00a0438\u00a0passagers, soit une baisse de 3,7\u00a0% par rapport \u00e0 la m\u00eame p\u00e9riode en 2024. La fermeture de la base easyJet d\u00e9but avril explique en grande partie cette \u00e9volution sur les trois premiers mois du programme \u00e9t\u00e9\u00a0\u00bb, constate ATB.<\/p>\n","protected":false},"excerpt":{"rendered":"Nouveau coup dur pour l&rsquo;a\u00e9roport Toulouse-Blagnac (ATB). La plateforme, qui a accueilli 7,8\u00a0millions de passagers en 2024, a&hellip;\n","protected":false},"author":2,"featured_media":327931,"comment_status":"","ping_status":"","sticky":false,"template":"","format":"standard","meta":{"footnotes":""},"categories":[2816],"tags":[17,1111,11,46484,3985,39465,1777,674,1011,27,46482,12,2680,5912,46483,25,2312,44494],"class_list":{"0":"post-327930","1":"post","2":"type-post","3":"status-publish","4":"format-standard","5":"has-post-thumbnail","7":"category-toulouse","8":"tag-17","9":"tag-actu","10":"tag-actualites","11":"tag-deasyjet","12":"tag-depart","13":"tag-entreprises-la-tribune-toulouse","14":"tag-eu","15":"tag-europe","16":"tag-fr","17":"tag-france","18":"tag-laeroport","19":"tag-news","20":"tag-occitanie","21":"tag-par","22":"tag-penalise","23":"tag-republique-francaise","24":"tag-toulouse","25":"tag-toulouse-blagnac"},"share_on_mastodon":{"url":"https:\/\/pubeurope.com\/@fr\/115051903252732198","error":""},"_links":{"self":[{"href":"https:\/\/www.europesays.com\/fr\/wp-json\/wp\/v2\/posts\/327930","targetHints":{"allow":["GET"]}}],"collection":[{"href":"https:\/\/www.europesays.com\/fr\/wp-json\/wp\/v2\/posts"}],"about":[{"href":"https:\/\/www.europesays.com\/fr\/wp-json\/wp\/v2\/types\/post"}],"author":[{"embeddable":true,"href":"https:\/\/www.europesays.com\/fr\/wp-json\/wp\/v2\/users\/2"}],"replies":[{"embeddable":true,"href":"https:\/\/www.europesays.com\/fr\/wp-json\/wp\/v2\/comments?post=327930"}],"version-history":[{"count":0,"href":"https:\/\/www.europesays.com\/fr\/wp-json\/wp\/v2\/posts\/327930\/revisions"}],"wp:featuredmedia":[{"embeddable":true,"href":"https:\/\/www.europesays.com\/fr\/wp-json\/wp\/v2\/media\/327931"}],"wp:attachment":[{"href":"https:\/\/www.europesays.com\/fr\/wp-json\/wp\/v2\/media?parent=327930"}],"wp:term":[{"taxonomy":"category","embeddable":true,"href":"https:\/\/www.europesays.com\/fr\/wp-json\/wp\/v2\/categories?post=327930"},{"taxonomy":"post_tag","embeddable":true,"href":"https:\/\/www.europesays.com\/fr\/wp-json\/wp\/v2\/tags?post=327930"}],"curies":[{"name":"wp","href":"https:\/\/api.w.org\/{rel}","templated":true}]}}