{"id":327932,"date":"2025-08-18T21:32:12","date_gmt":"2025-08-18T21:32:12","guid":{"rendered":"https:\/\/www.europesays.com\/fr\/327932\/"},"modified":"2025-08-18T21:32:12","modified_gmt":"2025-08-18T21:32:12","slug":"solideogloria-olivier-giroud-buteur-pour-son-retour-en-ligue-1-avec-lille","status":"publish","type":"post","link":"https:\/\/www.europesays.com\/fr\/327932\/","title":{"rendered":"\u00abSoliDeoGloria\u00bb: Olivier Giroud buteur pour son retour en Ligue 1 avec Lille"},"content":{"rendered":"<p>Olivier Giroud, qui a rejoint <a href=\"https:\/\/www.evangeliques.info\/2025\/07\/03\/retour-en-terrain-connu-du-chretien-olivier-giroud\/\" target=\"_blank\" rel=\"noreferrer noopener\">le LOSC Lille cet \u00e9t\u00e9<\/a> apr\u00e8s une saison \u00e0 Los Angeles (MLS), a c\u00e9l\u00e9br\u00e9 son premier but sous ses nouvelles couleurs. Si son \u00e9quipe n\u2019a pas ramen\u00e9 les trois points de Brest (3-3), l\u2019attaquant chr\u00e9tien a partag\u00e9 sa joie sur Instagram. \u00abQuel bonheur de retrouver les pelouses de Ligue 1 et de faire trembler les filets! On a pouss\u00e9 pour la victoire jusqu\u2019au bout avec le soutien des n\u00f4tres dans les tribunes\u00bb, <a href=\"https:\/\/www.instagram.com\/p\/DNdjnxwsdTO\/?img_index=1\" target=\"_blank\" rel=\"noreferrer noopener\">a \u00e9crit le croyant \u00e9vang\u00e9lique<\/a> de 38 ans.<\/p>\n<p>Le meilleur buteur de l\u2019histoire de l\u2019\u00e9quipe de France natif de Chamb\u00e9ry, pass\u00e9 par Grenoble, Tours, Montpellier, Arsenal, Chelsea et Milan AC, a conclu sa publication par \u00abSoliDeoGloria\u00bb, c\u2019est \u00e0 dire \u00abA Dieu seul la gloire\u00bb. \u00abSi Dieu permet qu\u2019il soit dans ce club, c\u2019est qu\u2019il a de belles rencontres \u00e0 faire et des occasions pour partager l\u2019amour qu\u2019il a re\u00e7u de Dieu. Il y en a tellement besoin dans ce monde du football\u00bb, a r\u00e9agi aupr\u00e8s de <a href=\"https:\/\/www.rcf.fr\/articles\/actualite\/olivier-giroud-au-losc-cest-dieu-qui-a-voulu-quil-soit-la\" target=\"_blank\" rel=\"noreferrer noopener\">RCF<\/a> Jo\u00ebl Thibault, aum\u00f4nier du sport, au moment de l\u2019annonce de son retour en France.<\/p>\n<p>\t\t\t<script async src=\"\/\/www.instagram.com\/embed.js\"><\/script><\/p>\n","protected":false},"excerpt":{"rendered":"Olivier Giroud, qui a rejoint le LOSC Lille cet \u00e9t\u00e9 apr\u00e8s une saison \u00e0 Los Angeles (MLS), a&hellip;\n","protected":false},"author":2,"featured_media":327933,"comment_status":"","ping_status":"","sticky":false,"template":"","format":"standard","meta":{"footnotes":""},"categories":[2815],"tags":[1111,11,11997,1777,674,10271,1011,27,811,1307,12,973,25,60],"class_list":{"0":"post-327932","1":"post","2":"type-post","3":"status-publish","4":"format-standard","5":"has-post-thumbnail","7":"category-lille","8":"tag-actu","9":"tag-actualites","10":"tag-bible","11":"tag-eu","12":"tag-europe","13":"tag-evangeliques","14":"tag-fr","15":"tag-france","16":"tag-hauts-de-france","17":"tag-lille","18":"tag-news","19":"tag-people","20":"tag-republique-francaise","21":"tag-sports"},"share_on_mastodon":{"url":"https:\/\/pubeurope.com\/@fr\/115051911145428988","error":""},"_links":{"self":[{"href":"https:\/\/www.europesays.com\/fr\/wp-json\/wp\/v2\/posts\/327932","targetHints":{"allow":["GET"]}}],"collection":[{"href":"https:\/\/www.europesays.com\/fr\/wp-json\/wp\/v2\/posts"}],"about":[{"href":"https:\/\/www.europesays.com\/fr\/wp-json\/wp\/v2\/types\/post"}],"author":[{"embeddable":true,"href":"https:\/\/www.europesays.com\/fr\/wp-json\/wp\/v2\/users\/2"}],"replies":[{"embeddable":true,"href":"https:\/\/www.europesays.com\/fr\/wp-json\/wp\/v2\/comments?post=327932"}],"version-history":[{"count":0,"href":"https:\/\/www.europesays.com\/fr\/wp-json\/wp\/v2\/posts\/327932\/revisions"}],"wp:featuredmedia":[{"embeddable":true,"href":"https:\/\/www.europesays.com\/fr\/wp-json\/wp\/v2\/media\/327933"}],"wp:attachment":[{"href":"https:\/\/www.europesays.com\/fr\/wp-json\/wp\/v2\/media?parent=327932"}],"wp:term":[{"taxonomy":"category","embeddable":true,"href":"https:\/\/www.europesays.com\/fr\/wp-json\/wp\/v2\/categories?post=327932"},{"taxonomy":"post_tag","embeddable":true,"href":"https:\/\/www.europesays.com\/fr\/wp-json\/wp\/v2\/tags?post=327932"}],"curies":[{"name":"wp","href":"https:\/\/api.w.org\/{rel}","templated":true}]}}