{"id":327936,"date":"2025-08-18T21:35:18","date_gmt":"2025-08-18T21:35:18","guid":{"rendered":"https:\/\/www.europesays.com\/fr\/327936\/"},"modified":"2025-08-18T21:35:18","modified_gmt":"2025-08-18T21:35:18","slug":"pres-de-lyon-un-dangereux-pyromane-arrete-apres-des-incendies-en-serie-dans-cette-commune","status":"publish","type":"post","link":"https:\/\/www.europesays.com\/fr\/327936\/","title":{"rendered":"Pr\u00e8s de Lyon. Un dangereux pyromane arr\u00eat\u00e9 apr\u00e8s des incendies en s\u00e9rie dans cette commune"},"content":{"rendered":"<p>            Par<br \/>\n        <strong><br \/>\n            <a href=\"https:\/\/actu.fr\/auteur\/anthony-soudani\" title=\"Consulter tous les articles de Anthony Soudani\" rel=\"nofollow noopener\" target=\"_blank\">Anthony Soudani<\/a><br \/>\n        <\/strong><\/p>\n<p>        Publi\u00e9 le<\/p>\n<p>            18 ao\u00fbt 2025 \u00e0 16h45        <\/p>\n<p>Un<strong> pyromane \u00e2g\u00e9 de 58 ans<\/strong> a \u00e9t\u00e9 arr\u00eat\u00e9 par les gendarmes du Rh\u00f4ne dans le cadre d\u2019une enqu\u00eate ouverte apr\u00e8s plusieurs d\u00e9parts de feu dans la commune de Brignais (Rh\u00f4ne), au sud-ouest de <a href=\"https:\/\/actu.fr\/lyon\/\" rel=\"nofollow noopener\" target=\"_blank\">Lyon<\/a>, d\u2019apr\u00e8s nos informations.<\/p>\n<p class=\" wall-content\">L\u2019enqu\u00eate a permis de lui imputer la responsabilit\u00e9 de feux de v\u00e9g\u00e9tation le long de la rivi\u00e8re du Garon.<\/p>\n<p class=\" wall-content\">Ces d\u00e9parts d\u2019incendies situ\u00e9s en zone urbaine ont n\u00e9cessit\u00e9 l\u2019intervention r\u00e9p\u00e9t\u00e9e des pompiers. Les sinistres \u00e9taient \u00e0 chaque fois localis\u00e9s dans l\u2019agglom\u00e9ration de Brignais, principalement le long de la rivi\u00e8re.<\/p>\n<p>Un habitant de la commune<\/p>\n<p class=\" wall-content\">Le suspect est un habitant de la commune. Il a reconnu les faits lors de sa garde \u00e0 vue.<\/p>\n<p class=\" wall-content\">\u00ab Il sera convoqu\u00e9 devant la justice pour r\u00e9pondre de ces actes, pr\u00e9cise la gendarmerie du Rh\u00f4ne. Les sanctions p\u00e9nales peuvent \u00eatre importantes en fonction de la gravit\u00e9 de l\u2019incendie. \u00bb<\/p>\n<p class=\" wall-content\">Alors qu\u2019une <a href=\"https:\/\/actu.fr\/auvergne-rhone-alpes\/lyon_69123\/lyon-la-canicule-est-elle-vraiment-finie-ce-qui-nous-attend-pour-le-week-end-du-15-aout_63035921.html\" rel=\"nofollow noopener\" target=\"_blank\">canicule exceptionnelle a touch\u00e9 le Rh\u00f4ne<\/a> en ce mois d\u2019ao\u00fbt, les militaires rappellent que les d\u00e9parts de feu sont souvent dus \u00e0 des actes de n\u00e9gligences ou des incivilit\u00e9s : \u00ab Jeter son m\u00e9got de cigarette par-dessus la fen\u00eatre de son v\u00e9hicule est un acte irresponsable \u00bb, rappellent-ils.<\/p>\n<p class=\" wall-content\">Personnalisez votre actualit\u00e9 en ajoutant vos villes et m\u00e9dias en favori avec <a href=\"https:\/\/moncompte.actu.fr\" title=\"D\u00e9couvez Mon Actu\" rel=\"nofollow noopener\" data-trk=\"{&quot;cta&quot;:{&quot;action&quot;:&quot;https:\\\/\\\/moncompte.actu.fr&quot;,&quot;category&quot;:&quot;mon compte&quot;,&quot;from&quot;:&quot;article footer&quot;,&quot;name&quot;:&quot;Mon actu&quot;,&quot;type&quot;:&quot;cta&quot;}}\" target=\"_blank\">Mon Actu<\/a>.<\/p>\n","protected":false},"excerpt":{"rendered":"Par Anthony Soudani Publi\u00e9 le 18 ao\u00fbt 2025 \u00e0 16h45 Un pyromane \u00e2g\u00e9 de 58 ans a \u00e9t\u00e9&hellip;\n","protected":false},"author":2,"featured_media":327937,"comment_status":"","ping_status":"","sticky":false,"template":"","format":"standard","meta":{"footnotes":""},"categories":[1889],"tags":[1111,11,2430,1777,674,118,1011,27,3381,1310,2428,12,25],"class_list":{"0":"post-327936","1":"post","2":"type-post","3":"status-publish","4":"format-standard","5":"has-post-thumbnail","7":"category-lyon","8":"tag-actu","9":"tag-actualites","10":"tag-auvergne-rhone-alpes","11":"tag-eu","12":"tag-europe","13":"tag-faits-divers","14":"tag-fr","15":"tag-france","16":"tag-gendarmerie","17":"tag-incendie","18":"tag-lyon","19":"tag-news","20":"tag-republique-francaise"},"share_on_mastodon":{"url":"https:\/\/pubeurope.com\/@fr\/115051923044284604","error":""},"_links":{"self":[{"href":"https:\/\/www.europesays.com\/fr\/wp-json\/wp\/v2\/posts\/327936","targetHints":{"allow":["GET"]}}],"collection":[{"href":"https:\/\/www.europesays.com\/fr\/wp-json\/wp\/v2\/posts"}],"about":[{"href":"https:\/\/www.europesays.com\/fr\/wp-json\/wp\/v2\/types\/post"}],"author":[{"embeddable":true,"href":"https:\/\/www.europesays.com\/fr\/wp-json\/wp\/v2\/users\/2"}],"replies":[{"embeddable":true,"href":"https:\/\/www.europesays.com\/fr\/wp-json\/wp\/v2\/comments?post=327936"}],"version-history":[{"count":0,"href":"https:\/\/www.europesays.com\/fr\/wp-json\/wp\/v2\/posts\/327936\/revisions"}],"wp:featuredmedia":[{"embeddable":true,"href":"https:\/\/www.europesays.com\/fr\/wp-json\/wp\/v2\/media\/327937"}],"wp:attachment":[{"href":"https:\/\/www.europesays.com\/fr\/wp-json\/wp\/v2\/media?parent=327936"}],"wp:term":[{"taxonomy":"category","embeddable":true,"href":"https:\/\/www.europesays.com\/fr\/wp-json\/wp\/v2\/categories?post=327936"},{"taxonomy":"post_tag","embeddable":true,"href":"https:\/\/www.europesays.com\/fr\/wp-json\/wp\/v2\/tags?post=327936"}],"curies":[{"name":"wp","href":"https:\/\/api.w.org\/{rel}","templated":true}]}}