{"id":327940,"date":"2025-08-18T21:39:14","date_gmt":"2025-08-18T21:39:14","guid":{"rendered":"https:\/\/www.europesays.com\/fr\/327940\/"},"modified":"2025-08-18T21:39:14","modified_gmt":"2025-08-18T21:39:14","slug":"sophie-bouilhet-dumas-la-creatrice-de-la-joaillerie-mira-stella","status":"publish","type":"post","link":"https:\/\/www.europesays.com\/fr\/327940\/","title":{"rendered":"Sophie Bouilhet-Dumas, la cr\u00e9atrice de la joaillerie Mira Stella"},"content":{"rendered":"<p>\n  La cr\u00e9atrice con\u00e7oit ses bijoux \u00e0 partir de la nature : \u00ab\u00a0quand j\u2019ai commenc\u00e9 \u00e0 travailler mon jardin, l\u00e0 o\u00f9 les autres voyaient des fleurs, je voyais des bijoux\u00a0\u00bb, dit-elle.\n<\/p>\n<p>Issue de la famille fondatrice de la maison Christofle, Sophie Bouilhet-Dumas t\u00e9moigne, avec ses collections, son attachement aux m\u00e9tiers de l\u2019orf\u00e8vrerie et de la joaillerie. Elle a exerc\u00e9 ses talents de directrice artistique pour le porcelainier anglais Thomas Goode et a aussi imagin\u00e9 des objets pour Herm\u00e8s, Burberry ou Paul Smith avant de fonder sa maison <a href=\"https:\/\/mira-stella.com\/\" target=\"_blank\" rel=\"noopener nofollow\">Mira Stella. <\/a>Rencontre avec une cr\u00e9atrice passionn\u00e9e de nature qui sublime les formes naturellement pr\u00e9sentes dans le vivant.<\/p>\n<p><strong>Franceinfo Culture : Pourquoi votre joaillerie porte-elle le nom de Mira Stella ?<br \/><\/strong><strong>Sophie Bouilhet-Dumas :\u00a0<\/strong>Mira Stella est la r\u00e9union de deux pr\u00e9noms de femmes amoureuses des jardins naturels et des fleurs, celui de ma m\u00e8re, Mirabelle, et de Stella, mon arri\u00e8re-grand-m\u00e8re. J\u2019ai voulu rendre hommage \u00e0 celles qui m\u2019ont insuffl\u00e9 cette passion mais aussi la vie. Mais, hasard po\u00e9tique, Mira Stella signifie aussi Regarde l\u2019\u00e9toile en latin. Et, si mes collections de bijoux c\u00e9l\u00e8brent le vivant dans ce qu\u2019il a de plus humble et de discret, comme une graine ou un p\u00e9tale de fleur, chacune renferme un monde.<\/p>\n<p>Cette invitation \u00e0 \u00ab\u00a0regarder l\u2019\u00e9toile\u00a0\u00bb\u00a0devient alors double\u00a0: elle nous invite \u00e0 porter notre regard vers l\u2019infiniment petit qui nous entoure, \u00e0 en d\u00e9couvrir la beaut\u00e9 cach\u00e9e mais elle nous rappelle aussi que ces fragments de vie sont le reflet d\u2019une harmonie plus vaste. Car c\u2019est la m\u00eame force qui anime la plus petite semence et aussi celle qui fait briller les \u00e9toiles. Je suis convaincue qu\u2019en contemplant le microcosme, nous touchons au macrocosme, et que c\u2019est dans cette compl\u00e9mentarit\u00e9 que se r\u00e9v\u00e8le la po\u00e9sie de l\u2019existence.<\/p>\n<p><strong>Vous dites : \u00ab\u00a0Quand j\u2019ai commenc\u00e9 \u00e0 travailler mon jardin, l\u00e0 o\u00f9 les autres voyaient des fleurs, je voyais des bijoux\u2009\u00a0\u00bb&#8230; Vos collections rendent hommage aux formes naturelles que vous avez pu y observer ?<br \/><\/strong>En cr\u00e9ant un jardin, on prend go\u00fbt \u00e0 observer l\u2019infiniment petit qui devient un monde en soi. Ces formes naturelles et discr\u00e8tes existent depuis bien plus longtemps que notre esp\u00e8ce : imaginez que la graine de Chou Maritime ou le p\u00e9tale d\u2019Hortensia ont au moins 60 millions d\u2019ann\u00e9es. Des \u00e9chelles de temps qui nous rendent bien petits. \u00c0 chaque printemps, leur renaissance pose la question de la fragilit\u00e9 du vivant mais heureusement les plantes ont d\u00e9velopp\u00e9 des stratag\u00e8mes de survie qui sont au-del\u00e0 de tout ce que l&rsquo;on peut imaginer.<\/p>\n<p>En cr\u00e9ant la marque Mira Stella, je peux remercier la beaut\u00e9 de la nature essentielle \u00e0 l\u2019\u00e9quilibre de notre existence et puis, j\u2019appartiens \u00e0 la famille fondatrice de la maison Christofle o\u00f9 la tradition de sublimer des formes v\u00e9g\u00e9tales en m\u00e9tal argent\u00e9 \u00e0 l\u2019\u00e9chelle \u00e9tait une source d\u2019inspiration pour la cr\u00e9ation. R\u00eavasser devant le plateau \u00e0 th\u00e9 en forme de feuille de paulownia ou le couvercle d&rsquo;une soupi\u00e8re en forme de brocoli au mus\u00e9e Bouilhet-Christofle a d\u00fb jouer inconsciemment un r\u00f4le dans cette direction stylistique tr\u00e8s niche.<\/p>\n<p>    <img decoding=\"async\" class=\"cms-media-image lazyload\" alt=\"Collection cosse de lin de la joaillerie Mira Stella (MIRA STELLA)\" width=\"720\" height=\"1079.8626478443\" data- src=\"https:\/\/www.europesays.com\/fr\/wp-content\/uploads\/2025\/08\/btguqfpz-68930cdd929a6226879603.jpg\"\/><\/p>\n<p>      Collection cosse de lin de la joaillerie Mira Stella (MIRA STELLA)<\/p>\n<p><strong>L&rsquo;histoire de votre joaillerie d\u00e9bute dans un jardin du pays de Caux dont vous avez h\u00e9rit\u00e9. En 2009, pour sa r\u00e9alisation, vous avez fait appel \u00e0 Mark Brown, botaniste et artiste anglais.\u00a0<br \/><\/strong>Dix ans avant de r\u00e9aliser ce jardin, j\u2019ai d\u00e9couvert le travail de Mark Brown \u00e0 travers le magnifique livre consacr\u00e9 \u00e0 son \u0153uvre Jardin des champs. Souffle de la nature. J\u2019avais trouv\u00e9 tellement merveilleux ce qu&rsquo;il racontait, de faire revenir la biodiversit\u00e9 en respectant le rythme de la nature.\u00a0Lorsque je vivais en Angleterre, j\u2019avais eu l\u2019occasion de d\u00e9couvrir l\u2019approche naturaliste du jardin anglais, dans le m\u00eame esprit que celui cr\u00e9\u00e9 par ma m\u00e8re dans les environs de Paris.<\/p>\n<p>Mark Brown est f\u00e9ru de pal\u00e9obotanique et s\u2019attache \u00e0 r\u00e9activer des paysages primitifs dans son jardin plant\u00e9 d\u2019esp\u00e8ces remontant \u00e0 plusieurs millions d\u2019ann\u00e9es. Il se trouve que nous habitons la m\u00eame r\u00e9gion et que j\u2019ai eu la chance de le rencontrer. Aussi, lorsque j\u2019ai d\u00e9cid\u00e9 de transformer les p\u00e2tures qui entouraient ma maison en un v\u00e9ritable jardin, cette collaboration s\u2019est impos\u00e9e naturellement. Son r\u00f4le a \u00e9t\u00e9 essentiel tant il est talentueux et \u00e0 l\u2019\u00e9coute du vivant. Aujourd\u2019hui, quand j\u2019aper\u00e7ois un chevreuil \u00e0 l\u2019aube ou un li\u00e8vre prendre un bain de soleil, je me dis que nous avons r\u00e9ussi notre projet.<\/p>\n<p>    <img loading=\"lazy\" decoding=\"async\" class=\"cms-media-image lazyload\" alt=\"Mark Brown et Sophie Bouilhet-Dumas, cr\u00e9atrice de la joaillerie Mira Stella, dans son jardin du pays de Caux (TOM MANNION)\" width=\"720\" height=\"405\" data- src=\"https:\/\/www.europesays.com\/fr\/wp-content\/uploads\/2025\/08\/mark-et-sophie-coleur-68930c64425a6579210844.jpg\"\/><\/p>\n<p>      Mark Brown et Sophie Bouilhet-Dumas, cr\u00e9atrice de la joaillerie Mira Stella, dans son jardin du pays de Caux (TOM MANNION)<\/p>\n<p><strong>Vous souhaitiez un jardin au naturel qui dialogue avec la biodiversit\u00e9 du pays de Caux, entre le sauvage et le cultiv\u00e9 ?\u00a0<br \/><\/strong>En effet, mon id\u00e9e \u00e9tait de choisir des esp\u00e8ces v\u00e9g\u00e9tales adapt\u00e9es au pays de Caux, puis de laisser la nature faire son travail \u00e0 l\u2019aide du vent, des insectes et des oiseaux. La chicor\u00e9e sauvage et l\u2019ancolie poussent c\u00f4te \u00e0 c\u00f4te, avec pour voisines des vari\u00e9t\u00e9s anciennes d\u2019hortensias, tandis que les dahlias contrastent avec les feuilles de moutarde. Certaines plantes ont une origine locale ou un lien historique avec la r\u00e9gion, comme <a href=\"https:\/\/www.franceinfo.fr\/culture\/mode\/reportage-du-champ-au-dressing-a-la-decouverte-de-la-plus-ancienne-des-fibres-textiles-avec-la-cooperative-normande-terre-de-lin_7080303.html\" target=\"_blank\" rel=\"noopener nofollow\">le lin,<\/a> qui donne \u00e0 nos paysages cette touche de bleu si caract\u00e9ristique. Cette plante aux mille usages est cultiv\u00e9e depuis le XIIIe\u00a0si\u00e8cle en Haute Normandie et fait la fiert\u00e9 du pays de Caux, qui en est le premier exportateur mondial.<\/p>\n<p>\u00c0 cette histoire du lieu, viennent s\u2019entrelacer des \u00e9l\u00e9ments de mon histoire personnelle, comme le rosier Lisette, un cadeau d\u2019un ami auquel je pense chaque mois de mai lorsque les fleurs s\u2019\u00e9panouissent ou encore cet arbuste de bois de reinette qui est n\u00e9 de graines que mon mari m\u2019a rapport\u00e9es d\u2019un voyage au Moyen-Orient.\u00a0C\u2019est tr\u00e8s ressour\u00e7ant de faire pousser toutes ces vari\u00e9t\u00e9s de plantes, car elles sont bien plus anciennes que nous et ont \u00e9volu\u00e9 vers des formes toujours plus belles et intelligentes. Plus nous passons du temps au contact de la nature, plus l\u2019ing\u00e9niosit\u00e9 des formes et la d\u00e9licatesse des teintes exercent un pouvoir d\u2019\u00e9merveillement.<\/p>\n<p><strong>Vous avez toujours eu une fascination pour les plantes et leur histoire ?<br \/><\/strong>Cultiver un jardin est une passion qui s\u2019est transmise par les femmes du c\u00f4t\u00e9 de ma famille maternelle. J\u2019ai grandi avec une m\u00e8re jardini\u00e8re qui avait cr\u00e9\u00e9 de toutes pi\u00e8ces un jardin d\u2019ombre et de lumi\u00e8re, plein de charme qui semblait lui apporter beaucoup de satisfaction.\u00a0Elle avait appris le m\u00e9tier aupr\u00e8s de ses grands-parents maternels, qui \u00e9taient rosi\u00e9ristes amateurs \u00e0 leurs heures perdues, \u00e0 Knokke-Le-Zoute (Belgique).<\/p>\n<p>Avec mon mari, j&rsquo;ai h\u00e9rit\u00e9 de ce terrain en Seine-Maritime. C&rsquo;est un projet qui a mis une quinzaine d&rsquo;ann\u00e9es \u00e0 aboutir. C&rsquo;\u00e9tait \u00e0 un moment de ma vie o\u00f9 je sentais qu&rsquo;il fallait que je me pose par rapport \u00e0 ma vie familiale. Mes trois enfants \u00e9taient alors tr\u00e8s jeunes et j\u2019ai ressenti le besoin de travailler \u00e0 un rythme diff\u00e9rent, pour pouvoir leur consacrer du temps. C\u2019\u00e9tait un moment o\u00f9 je pouvais alors r\u00e9fl\u00e9chir \u00e0 la r\u00e9alisation d\u2019un jardin naturel et compter sur l\u2019exp\u00e9rience de Mark Brown, pour cr\u00e9er sur ce terrain en friche, argileux et venteux et abandonn\u00e9 depuis 25 ans, une expansion spontan\u00e9e du paysage environnant.<\/p>\n<p>    <img loading=\"lazy\" decoding=\"async\" class=\"cms-media-image lazyload\" alt=\"Sophie Bouilhet-Dumas, cr\u00e9atrice de la joaillerie Mira Stella, dans son jardin (TOM MANNION)\" width=\"720\" height=\"405\" data- src=\"https:\/\/www.europesays.com\/fr\/wp-content\/uploads\/2025\/08\/portrait-sophie-bouilhet-dumas-3-68930b9a800eb316370084.jpg\"\/><\/p>\n<p>      Sophie Bouilhet-Dumas, cr\u00e9atrice de la joaillerie Mira Stella, dans son jardin (TOM MANNION)<\/p>\n<p><strong>Vous dites : \u00ab\u00a0Quand j\u2019ai commenc\u00e9 \u00e0 travailler mon jardin, l\u00e0 o\u00f9 les autres voyaient des fleurs, je voyais des bijoux\u2009\u00a0\u00bb&#8230; Vos collections rendent hommage aux formes naturelles que vous avez pu y observer ?<br \/><\/strong>En cr\u00e9ant un jardin, on prend go\u00fbt \u00e0 observer l\u2019infiniment petit qui devient un monde en soi. Ces formes naturelles et discr\u00e8tes existent depuis bien plus longtemps que notre esp\u00e8ce : imaginez que la graine de Chou Maritime ou le p\u00e9tale d\u2019Hortensia ont au moins 60 millions d\u2019ann\u00e9es. Des \u00e9chelles de temps qui nous rendent bien petits. \u00c0 chaque printemps, leur renaissance pose la question de la fragilit\u00e9 du vivant mais heureusement les plantes ont d\u00e9velopp\u00e9 des stratag\u00e8mes de survie qui sont au-del\u00e0 de tout ce que l&rsquo;on peut imaginer.<\/p>\n<p><strong>Vos collections, r\u00e9alis\u00e9es \u00e0 la main, t\u00e9moignent aussi d&rsquo;un profond attachement aux m\u00e9tiers de l\u2019orf\u00e8vrerie et de la joaillerie&#8230;\u00a0<\/strong><br \/>Ces bijoux sont le fruit d\u2019une pr\u00e9cieuse collaboration avec un atelier de ma\u00eetres-joailliers \u00e0 Paris. La premi\u00e8re \u00e9tape se d\u00e9roule en Normandie. Elle consiste \u00e0 collecter et pr\u00e9server les plantes\u00a0: les graines et les p\u00e9tales sont herboris\u00e9s, puis conserv\u00e9s \u00e0 l\u2019abri dans mon atelier. Vient alors l\u2019\u00e9tape du dessin avant que la forme d\u2019origine soit envoy\u00e9e \u00e0 Paris chez un sculpteur qui r\u00e9alise une r\u00e9plique, \u00e0 l\u2019\u00e9chelle, en utilisant la technique tr\u00e8s ancienne de la fonte \u00e0 la cire perdue. Ceci permet de reproduire dans les moindres d\u00e9tails la d\u00e9licatesse des structures v\u00e9g\u00e9tales, comme les nervures. Ce moulage de pr\u00e9cision est suivi d\u2019un travail de reprise de fonte en or rose 18\u00a0carats.<\/p>\n<p>Les bijoux sont lim\u00e9s et \u00e9meris\u00e9s, puis polis \u00e0 la main pour cr\u00e9er un subtil contraste entre les surfaces satin\u00e9es et mates. Ce jeu de surfaces est particuli\u00e8rement saisissant avec les pi\u00e8ces de la collection P\u00e9tale d\u2019Hortensia. La bague, par exemple, qui reproduit la forme d\u2019un bouton de fleur d\u2019hortensia japonais a \u00e9t\u00e9 r\u00e9alis\u00e9e \u00e0 partir de quatre fontes qui s\u2019articulent autour d\u2019un pivot pour restituer le mouvement naturel de la fleur, tandis que la couleur de l\u2019or rose et les finitions satin\u00e9es et mates \u00e9voquent pour moi la couleur du soleil couchant.<\/p>\n<p><strong>Quel type de d\u00e9marche \u00e9thique avez-vous ?<br \/><\/strong>Cr\u00e9er des bijoux c\u00e9l\u00e9brant la beaut\u00e9 du vivant sans adopter une d\u00e9marche \u00e9thique n\u2019aurait pas de sens. D\u00e8s le d\u00e9but, j&rsquo;ai privil\u00e9gi\u00e9 un circuit court, du jardin \u00e0 l\u2019atelier, tout en soutenant l\u2019artisanat de la joaillerie fine \u00e0 Paris. Tous nos partenaires sont certifi\u00e9s pour les pratiques responsables en bijouterie-joaillerie (Responsible Jewelry Council) dans l\u2019ensemble de leurs pratiques professionnelles, \u00e9thique, sociale et environnementale, ce qui nous permet de garantir une tra\u00e7abilit\u00e9 et un contr\u00f4le de qualit\u00e9 \u00e0 chaque \u00e9tape de la production.\u00a0Enfin, l\u2019or que nous employons est soit extrait dans des mines certifi\u00e9es, soit de l\u2019or recycl\u00e9 ou de l\u2019or dit \u00ab\u00a0grandfathered\u00a0\u00bb, c\u2019est-\u00e0-dire provenant de stocks constitu\u00e9s avant le 1er\u00a0janvier 2012.<\/p>\n<p>    <img decoding=\"async\" class=\"cms-media-image lazyload\" alt=\"Collection p\u00e9tale d'hortensia de la joaillerie Mira Stella (MIRA STELLA)\" width=\"720\" height=\"479.952\" data- src=\"https:\/\/www.europesays.com\/fr\/wp-content\/uploads\/2025\/08\/26wvllol-2-68930d640b055497275538.jpg\"\/><\/p>\n<p>      Collection p\u00e9tale d&rsquo;hortensia de la joaillerie Mira Stella (MIRA STELLA)<\/p>\n<p><strong>Comment cr\u00e9ez-vous vos collections ?<br \/><\/strong>Mon jardin constitue une source in\u00e9puisable d\u2019\u00e9merveillement. C\u2019est l\u00e0 que je trouve l\u2019inspiration pour les bijoux qui viendront constituer mes collections. Je choisis les plantes pour la d\u00e9licatesse de leurs formes, bien s\u00fbr, mais \u00e9galement pour leur discr\u00e8te ing\u00e9niosit\u00e9 et l\u2019histoire qu\u2019elles transmettent. L\u2019arroche, par exemple, est originaire d\u2019Asie centrale et de Sib\u00e9rie, puis elle a occup\u00e9 une place de choix dans les potagers de l\u2019Antiquit\u00e9 romaine et du Moyen-\u00c2ge. Sa graine est d\u2019autant plus fascinante quand on sait qu\u2019elle appartient \u00e0 une famille de plantes, les Amaranthaceae, qui existe depuis plus de 87\u00a0millions d\u2019ann\u00e9es dans nos paysages \u2009!<\/p>\n<p>Il y a \u00e9galement les plantes voyageuses, comme le chou maritime, qui est pr\u00e9sent sur le littoral normand et anglais depuis des mill\u00e9naires, et dont les graines f\u00e9cond\u00e9es deviennent imperm\u00e9ables pour voyager sur l\u2019eau. Ses formes, comme des mini-citrons, sont tellement ravissantes alors je les ai substitu\u00e9es aux billes, que l&rsquo;on utilise habituellement dans la joaillerie. Ou encore les capsules ail\u00e9es du bois de reinette, natif d\u2019Australie, qui ont su franchir seules les oc\u00e9ans et se disperser \u00e0 travers tous les continents, port\u00e9es par le vent et l\u2019eau. Ces strat\u00e9gies du vivant sont d\u2019une force et d\u2019une r\u00e9silience \u00e9tonnantes : j\u2019aime l\u2019id\u00e9e que porter un de mes bijoux, c\u2019est aussi emporter avec soi un discret fragment de cette histoire du vivant, \u00e0 la mani\u00e8re d\u2019un talisman.<\/p>\n<p>L\u2019hortensia occupe aussi une place, car c\u2019est la toute premi\u00e8re plante \u00e0 fleurs que j\u2019ai plant\u00e9e. J\u2019ai choisi la vari\u00e9t\u00e9 Teller Blue \u00e0 l\u2019occasion \u00e0 la F\u00eate des plantes de la collection Shamrock, \u00e0 Varengeville-sur-Mer, organis\u00e9e par Robert Mallet, expert en mati\u00e8re d\u2019hortensias. C\u2019est la premi\u00e8re touche de couleur apport\u00e9e au jardin que nous avons plant\u00e9 progressivement.<\/p>\n<p><strong>Apr\u00e8s avoir \u00e9t\u00e9 vendus dans des galeries \u00e0 Paris et \u00e0 Londres, vos bijoux ont trouv\u00e9 leur \u00e9crin en 2022 \u00e0 Saint-Germain des Pr\u00e8s. \u00c0 la mani\u00e8re d\u2019un cabinet de curiosit\u00e9s, ils dialoguent avec des min\u00e9raux, des fleurs s\u00e9ch\u00e9es et des coquillages.<br \/><\/strong>En concevant cet espace \u00e0 la mani\u00e8re d\u2019une \u00ab\u00a0wunderkammer\u00a0\u00bb ou chambre des merveilles, j\u2019ai voulu renouer avec cet esprit curieux des humanistes de la Renaissance qui avaient cet app\u00e9tit de connaissance des secrets de la nature et d\u00e9siraient en partager les tr\u00e9sors. Mais j\u2019ai eu envie de faire partager aux visiteurs la vision d\u2019autres cr\u00e9ateurs alliant un haut savoir-faire et un regard singulier sur la nature.<\/p>\n<p>    <img decoding=\"async\" class=\"cms-media-image lazyload\" alt=\"Collection p\u00e9tale de chicor\u00e9e de la joaillerie Mira Stella (MIRA STELLA)\" width=\"720\" height=\"1279.5895932576\" data- src=\"https:\/\/www.europesays.com\/fr\/wp-content\/uploads\/2025\/08\/afdmjfsc-68930dc340619612311347.jpg\"\/><\/p>\n<p>      Collection p\u00e9tale de chicor\u00e9e de la joaillerie Mira Stella (MIRA STELLA)<\/p>\n<p><strong>Vous y accueillez aussi des artistes ?\u00a0<br \/><\/strong>Depuis l\u2019ouverture de ma boutique parisienne, quatre expositions ont \u00e9t\u00e9 organis\u00e9es. Nous avons eu la chance de pr\u00e9senter des pi\u00e8ces de la c\u00e9ramiste grecque Alexandra Solomos, de la cr\u00e9atrice Hella Jongerius, mais \u00e9galement, en exclusivit\u00e9, des porcelaines du designer new-yorkais Ted Muehling r\u00e9alis\u00e9es \u00e0 la manufacture du Nymphenburg.<\/p>\n<p>Pour sa deuxi\u00e8me exposition \u00e0 la boutique, <a href=\"https:\/\/www.simoneperrotte.com\/\" target=\"_blank\" rel=\"noopener nofollow\">Simone Perrotte<\/a> s\u2019est rendue l\u2019\u00e9t\u00e9 2024 en Normandie, munie de son carnet de croquis, pour s\u2019inspirer de l\u2019univers v\u00e9g\u00e9tal foisonnant de mon jardin. Le pays de Caux est un paysage familier de l\u2019artiste qui y a pass\u00e9 de nombreux \u00e9t\u00e9s, enfant, chez ses grands-parents. De cette \u00e9tude est n\u00e9 un ensemble de pi\u00e8ces uniques de porcelaine aux couleurs chatoyantes et aux lignes sinueuses peintes \u00e0 la main et rehauss\u00e9es d\u2019or. Elles ont \u00e9t\u00e9 sp\u00e9cialement con\u00e7ues pour l\u2019exposition et dialoguent avec mes bijoux.\u00a0J\u2019ai l\u2019habitude de dire qu\u2019au jardin, parmi les plantes, poussent de nombreuses id\u00e9es. Cette exposition en est la parfaite illustration.<\/p>\n","protected":false},"excerpt":{"rendered":"La cr\u00e9atrice con\u00e7oit ses bijoux \u00e0 partir de la nature : \u00ab\u00a0quand j\u2019ai commenc\u00e9 \u00e0 travailler mon jardin,&hellip;\n","protected":false},"author":2,"featured_media":327941,"comment_status":"","ping_status":"","sticky":false,"template":"","format":"standard","meta":{"footnotes":""},"categories":[1888],"tags":[1111,1928,11,1927,1777,674,1011,27,12,1926,626,1925,25],"class_list":{"0":"post-327940","1":"post","2":"type-post","3":"status-publish","4":"format-standard","5":"has-post-thumbnail","7":"category-paris","8":"tag-actu","9":"tag-actu-paris","10":"tag-actualites","11":"tag-actualites-paris","12":"tag-eu","13":"tag-europe","14":"tag-fr","15":"tag-france","16":"tag-news","17":"tag-news-paris","18":"tag-paris","19":"tag-paris-news","20":"tag-republique-francaise"},"share_on_mastodon":{"url":"https:\/\/pubeurope.com\/@fr\/115051939077107486","error":""},"_links":{"self":[{"href":"https:\/\/www.europesays.com\/fr\/wp-json\/wp\/v2\/posts\/327940","targetHints":{"allow":["GET"]}}],"collection":[{"href":"https:\/\/www.europesays.com\/fr\/wp-json\/wp\/v2\/posts"}],"about":[{"href":"https:\/\/www.europesays.com\/fr\/wp-json\/wp\/v2\/types\/post"}],"author":[{"embeddable":true,"href":"https:\/\/www.europesays.com\/fr\/wp-json\/wp\/v2\/users\/2"}],"replies":[{"embeddable":true,"href":"https:\/\/www.europesays.com\/fr\/wp-json\/wp\/v2\/comments?post=327940"}],"version-history":[{"count":0,"href":"https:\/\/www.europesays.com\/fr\/wp-json\/wp\/v2\/posts\/327940\/revisions"}],"wp:featuredmedia":[{"embeddable":true,"href":"https:\/\/www.europesays.com\/fr\/wp-json\/wp\/v2\/media\/327941"}],"wp:attachment":[{"href":"https:\/\/www.europesays.com\/fr\/wp-json\/wp\/v2\/media?parent=327940"}],"wp:term":[{"taxonomy":"category","embeddable":true,"href":"https:\/\/www.europesays.com\/fr\/wp-json\/wp\/v2\/categories?post=327940"},{"taxonomy":"post_tag","embeddable":true,"href":"https:\/\/www.europesays.com\/fr\/wp-json\/wp\/v2\/tags?post=327940"}],"curies":[{"name":"wp","href":"https:\/\/api.w.org\/{rel}","templated":true}]}}