{"id":327948,"date":"2025-08-18T21:43:13","date_gmt":"2025-08-18T21:43:13","guid":{"rendered":"https:\/\/www.europesays.com\/fr\/327948\/"},"modified":"2025-08-18T21:43:13","modified_gmt":"2025-08-18T21:43:13","slug":"vers-un-donbass-abandonne-a-la-russie-ce-que-dit-la-constitution-de-lukraine-sur-la-cession-de-territoires","status":"publish","type":"post","link":"https:\/\/www.europesays.com\/fr\/327948\/","title":{"rendered":"Vers un Donbass abandonn\u00e9 \u00e0 la Russie? Ce que dit la Constitution de l&rsquo;Ukraine sur la cession de territoires"},"content":{"rendered":"<p>Le pr\u00e9sident russe r\u00e9clame que l&rsquo;Ukraine lui c\u00e8de les oblasts de Donetsk et Lougansk de fa\u00e7on \u00e0 occuper toute la r\u00e9gion du Donbass. Mais Volodymyr Zelensky a exclu toute concession territoriale, s&rsquo;appuyant notamment sur la constitution de son pays.<\/p>\n<p>La paix passera-t-elle par l&rsquo;abandon de territoires ukrainiens \u00e0 la Russie? C&rsquo;est en tout cas ce que continue de r\u00e9clamer la Russie de Vladimir Poutine, trois jours apr\u00e8s son <a href=\"https:\/\/www.bfmtv.com\/international\/nous-attendons-la-victoire-la-colere-des-ukrainiens-apres-le-sommet-entre-donald-trump-et-vladimir-poutine-en-alaska_AV-202508160250.html\" title=\"&quot;Nous attendons la victoire&quot;: la col\u00e8re des Ukrainiens apr\u00e8s le sommet entre Donald Trump et Vladimir Poutine en Alaska\" class=\"internal_link\" rel=\"nofollow noopener\" target=\"_blank\">sommet avec Donald Trump<\/a> et alors que se tient une s\u00e9rie <a href=\"https:\/\/www.bfmtv.com\/international\/europe\/ukraine\/direct-guerre-en-ukraine-sommet-decisif-attendu-a-washington-entre-donald-trump-volodymyr-zelensky-et-des-dirigeants-europeenns_LN-202508180027.html\" title=\"DIRECT. Guerre en Ukraine: Emmanuel Macron propose une r\u00e9union &quot;quadrilat\u00e9rale&quot; incluant l&#039;Europe\" class=\"internal_link\" rel=\"nofollow noopener\" target=\"_blank\">de r\u00e9unions cruciales ce lundi 18 ao\u00fbt \u00e0 Washington, entre le pr\u00e9sident am\u00e9ricain, son homologue ukrainien Volodymyr Zelensky et plusieurs dirigeants europ\u00e9ens<\/a>.<\/p>\n<blockquote class=\"embed embed_quote\"><p>\u00ab\u00a0Ce qui est tr\u00e8s important, c&rsquo;est que toutes les questions sensibles, territoriales (&#8230;) soient discut\u00e9es lors d&rsquo;une r\u00e9union trilat\u00e9rale\u00a0\u00bb, a d\u00e9clar\u00e9 le pr\u00e9sident ukrainien lors d&rsquo;une r\u00e9union autour de Donald Trump et des dirigeants europ\u00e9ens.<\/p><\/blockquote>\n<p>Selon plusieurs sources \u00e0 <a href=\"https:\/\/www.reuters.com\/world\/china\/outline-emerges-putins-offer-end-his-war-ukraine-2025-08-17\/\" target=\"_blank\" class=\"external_link\" rel=\"nofollow noopener\">Reuters <\/a>et l&rsquo;AFP, Moscou r\u00e9clamerait un d\u00e9part des troupes ukrainiennes des zones de l&rsquo;oblast de Donestk qu&rsquo;elles contr\u00f4lent encore, de sorte \u00e0 ce que l&rsquo;arm\u00e9e russe, qui occupe d\u00e9j\u00e0 l&rsquo;oblast de Lougansk, d\u00e9tienne toute la r\u00e9gion du Donbass. En contrepartie, la Russie accepterait de geler la ligne de front ailleurs dans le pays.<\/p>\n<p>Un responsable au courant d&rsquo;\u00e9changes t\u00e9l\u00e9phoniques, samedi, entre Donald Trump et des dirigeants europ\u00e9ens a affirm\u00e9 \u00e0 l&rsquo;AFP que <a href=\"https:\/\/www.bfmtv.com\/international\/amerique-nord\/etats-unis\/guerre-en-ukraine-un-plan-territorial-de-poutine-soutenu-par-trump_AD-202508160253.html\" title=\"Le Donbass contre l&#039;arr\u00eat des combats en Ukraine: un plan territorial de Poutine soutenu par Trump?\" class=\"internal_link\" rel=\"nofollow noopener\" target=\"_blank\">le pr\u00e9sident am\u00e9ricain s&rsquo;\u00e9tait rang\u00e9 derri\u00e8re la proposition russe<\/a>. Officiellement, le milliardaire r\u00e9publicain d\u00e9fend un \u00ab\u00a0\u00e9change de territoires\u00a0\u00bb, sans plus de d\u00e9tails. Il r\u00e9clame en revanche publiquement que l&rsquo;Ukraine <a href=\"https:\/\/www.bfmtv.com\/international\/amerique-nord\/etats-unis\/donald-trump\/guerre-en-ukraine-donald-trump-exclut-que-l-ukraine-recupere-la-crimee-ou-entre-dans-l-otan_AN-202508180045.html\" title=\"Guerre en Ukraine: Donald Trump exclut que l&#039;Ukraine r\u00e9cup\u00e8re la Crim\u00e9e ou entre dans l&#039;Otan\" class=\"internal_link\" rel=\"nofollow noopener\" target=\"_blank\">renonce d\u00e9finitivement \u00e0 la Crim\u00e9e<\/a>, occup\u00e9e depuis 2014 par la Russie.<\/p>\n<p>\u00ab\u00a0C&rsquo;est contre notre Constitution\u00a0\u00bb<\/p>\n<p>Volodymyr Zelensky, lui, ne l&rsquo;entend pas de cette oreille. Le pr\u00e9sident ukrainien mart\u00e8le qu&rsquo;il ne retirera pas ses troupes du Donbass et ne fera pas de concessions territoriales, citant notamment la constitution ukrainienne.<\/p>\n<blockquote class=\"embed embed_quote\"><p>\u00ab\u00a0La r\u00e9ponse \u00e0 la question territoriale ukrainienne se trouve d\u00e9j\u00e0 dans la Constitution ukrainienne. Personne ne s&rsquo;en \u00e9cartera, et personne ne le pourra. Les Ukrainiens ne c\u00e9deront pas leurs terres \u00e0 l&rsquo;occupant\u00a0\u00bb, a-t-il \u00e9crit sur X le 9 ao\u00fbt dernier.<\/p><\/blockquote>\n<p>En avril dernier, alors que le pr\u00e9sident am\u00e9ricain <a href=\"https:\/\/www.bfmtv.com\/international\/europe\/ukraine\/notre-position-reste-inchangee-volodymyr-zelensky-insiste-que-la-crimee-appartient-a-l-ukraine_AD-202504250697.html\" title=\"&quot;Notre position reste inchang\u00e9e&quot;: Volodymyr Zelensky insiste que la Crim\u00e9e &quot;appartient&quot; \u00e0 l&#039;Ukraine\" class=\"internal_link\" rel=\"nofollow noopener\" target=\"_blank\">le sommait d\u00e9j\u00e0 d&rsquo;abandonner la Crim\u00e9e<\/a>, Volodymyr Zelensky r\u00e9pliquait: \u00ab\u00a0Il n&rsquo;y a rien \u00e0 discuter. C&rsquo;est contre notre Constitution. C&rsquo;est notre territoire\u00a0\u00bb.<\/p>\n<p>\u00ab\u00a0Le territoire de l&rsquo;Ukraine est indivisible et inviolable\u00a0\u00bb<\/p>\n<p>Ratifi\u00e9e en 1996, la <a href=\"https:\/\/rm.coe.int\/constitution-of-ukraine\/168071f58b\" target=\"_blank\" class=\"external_link\" rel=\"nofollow noopener\">loi fondamentale ukrainienne<\/a> est en effet sans ambiguit\u00e9 sur le sujet. Son article 2 affirme: \u00ab\u00a0la souverainet\u00e9 de l&rsquo;Ukraine s&rsquo;\u00e9tend sur tout son territoire. L&rsquo;Ukraine est un \u00c9tat unitaire. Le territoire de l&rsquo;Ukraine, dans ses fronti\u00e8res actuelles, est indivisible et inviolable\u00a0\u00bb.<\/p>\n<p>Pour c\u00e9der un territoire \u00e0 la Russie, il faudrait donc changer la Constitution, un droit qui revient \u00ab\u00a0exclusivement au peuple\u00a0\u00bb selon son article 5. Mais un autre obstacle juridique se dresserait alors. En effet, l&rsquo;article 157 de la Constitution interdit toute modification du texte qui viserait \u00e0 \u00ab\u00a0supprimer l&rsquo;ind\u00e9pendance ou \u00e0 violer l&rsquo;indivisibilit\u00e9 territoriale de l&rsquo;Ukraine\u00a0\u00bb.<\/p>\n<p>Par ailleurs, ce m\u00eame article 157 ajoute que \u00ab\u00a0la Constitution de l&rsquo;Ukraine ne peut \u00eatre modifi\u00e9e en cas de loi martiale\u00a0\u00bb, ce qui est le cas aujourd&rsquo;hui.<\/p>\n<p>Si la Constitution rend impossible la cession de territoires \u00e0 l&rsquo;ennemi, la l\u00e9gislation ukrainienne a d\u00fb s&rsquo;adapter \u00e0 l&rsquo;invasion de ses territoires par la Russie. En 2014, apr\u00e8s l&rsquo;annexion de la Crim\u00e9e, le parlement a vot\u00e9 <a href=\"https:\/\/india.mfa.gov.ua\/en\/news\/2381-zakon-ukrajini-pro-zabezpechennya-prav-i-svobod-gromadyan-ta-pravovij-rezhim-na-timchasovo-okupovanij-teritoriji-ukrajini#:~:text=According%20to%20the%20Constitution%20of,inviolable%20within%20its%20present%20border.\" target=\"_blank\" class=\"external_link\" rel=\"nofollow noopener\">une loi r\u00e9affirmant que la p\u00e9ninsule est \u00ab\u00a0partie int\u00e9grante\u00a0\u00bb de l&rsquo;Ukraine<\/a> et seulement \u00ab\u00a0temporairement occup\u00e9e\u00a0\u00bb. Le texte a depuis \u00e9t\u00e9 mis jour \u00e0 plusieurs reprises. Il juge nuls les diff\u00e9rents r\u00e9f\u00e9rendums d&rsquo;annexion tenus dans les oblasts ukrainiens envahis en 2022 et plus largement, toutes les d\u00e9cisions prises par les autorit\u00e9s occupantes.<\/p>\n<p>Ces barri\u00e8res juridiques risquent d&rsquo;agacer Donald Trump, qui s&rsquo;\u00e9tait d\u00e9j\u00e0 dit la semaine derni\u00e8re \u00ab\u00a0contrari\u00e9 que (Volodymyr) Zelensky dise &lsquo;je dois avoir une autorisation constitutionnelle'\u00a0\u00bb. Avant leur rencontre ce lundi 18 ao\u00fbt \u00e0 Washington, le chef d&rsquo;\u00c9tat am\u00e9ricain a mis une pression maximale sur son homologue ukrainien, qui a selon lui deux options: \u00ab\u00a0mettre fin \u00e0 la guerre avec la Russie presque imm\u00e9diatement\u00a0\u00bb ou \u00ab\u00a0continuer \u00e0 combattre\u00a0\u00bb.<\/p>\n","protected":false},"excerpt":{"rendered":"Le pr\u00e9sident russe r\u00e9clame que l&rsquo;Ukraine lui c\u00e8de les oblasts de Donetsk et Lougansk de fa\u00e7on \u00e0 occuper&hellip;\n","protected":false},"author":2,"featured_media":327949,"comment_status":"","ping_status":"","sticky":false,"template":"","format":"standard","meta":{"footnotes":""},"categories":[1591],"tags":[11,1887,12,1885,1886,132],"class_list":{"0":"post-327948","1":"post","2":"type-post","3":"status-publish","4":"format-standard","5":"has-post-thumbnail","7":"category-russie","8":"tag-actualites","9":"tag-federation-de-russie","10":"tag-news","11":"tag-russia","12":"tag-russian-federation","13":"tag-russie"},"share_on_mastodon":{"url":"https:\/\/pubeurope.com\/@fr\/115051954451830970","error":""},"_links":{"self":[{"href":"https:\/\/www.europesays.com\/fr\/wp-json\/wp\/v2\/posts\/327948","targetHints":{"allow":["GET"]}}],"collection":[{"href":"https:\/\/www.europesays.com\/fr\/wp-json\/wp\/v2\/posts"}],"about":[{"href":"https:\/\/www.europesays.com\/fr\/wp-json\/wp\/v2\/types\/post"}],"author":[{"embeddable":true,"href":"https:\/\/www.europesays.com\/fr\/wp-json\/wp\/v2\/users\/2"}],"replies":[{"embeddable":true,"href":"https:\/\/www.europesays.com\/fr\/wp-json\/wp\/v2\/comments?post=327948"}],"version-history":[{"count":0,"href":"https:\/\/www.europesays.com\/fr\/wp-json\/wp\/v2\/posts\/327948\/revisions"}],"wp:featuredmedia":[{"embeddable":true,"href":"https:\/\/www.europesays.com\/fr\/wp-json\/wp\/v2\/media\/327949"}],"wp:attachment":[{"href":"https:\/\/www.europesays.com\/fr\/wp-json\/wp\/v2\/media?parent=327948"}],"wp:term":[{"taxonomy":"category","embeddable":true,"href":"https:\/\/www.europesays.com\/fr\/wp-json\/wp\/v2\/categories?post=327948"},{"taxonomy":"post_tag","embeddable":true,"href":"https:\/\/www.europesays.com\/fr\/wp-json\/wp\/v2\/tags?post=327948"}],"curies":[{"name":"wp","href":"https:\/\/api.w.org\/{rel}","templated":true}]}}