{"id":327954,"date":"2025-08-18T21:46:15","date_gmt":"2025-08-18T21:46:15","guid":{"rendered":"https:\/\/www.europesays.com\/fr\/327954\/"},"modified":"2025-08-18T21:46:15","modified_gmt":"2025-08-18T21:46:15","slug":"nous-allons-faire-des-avancees-historiques-assure-keir-starmer-premier-ministre-du-royaume-uni","status":"publish","type":"post","link":"https:\/\/www.europesays.com\/fr\/327954\/","title":{"rendered":"\u00ab\u00a0Nous allons faire des avanc\u00e9es historiques\u00a0\u00bb, assure Keir Starmer, Premier ministre du Royaume-Uni"},"content":{"rendered":"<p>Sommet \u00e0 la Maison-Blanche: \u00ab\u00a0Nous allons faire des avanc\u00e9es historiques\u00a0\u00bb, assure Keir Starmer, Premier ministre du Royaume-UniSur le m\u00eame sujet<a href=\"https:\/\/www.bfmtv.com\/international\/europe\/ukraine\/video-guerre-en-ukraine-dans-une-ou-deux-semaines-nous-serons-s-il-y-a-une-solution-a-l-horizon-indique-donald-trump_VN-202508180501.html\" title=\"Guerre en Ukraine: &quot;Dans une ou deux semaines, nous serons s&#039;il y a une solution \u00e0 l&#039;horizon&quot;, indique Donald Trump\" rel=\"nofollow noopener\" target=\"_blank\"><img width=\"16\" height=\"9\" class=\"lozad\"  alt=\"Guerre en Ukraine: &quot;Dans une ou deux semaines, nous serons s'il y a une solution \u00e0 l'horizon&quot;, indique Donald Trump\"\/>1:55Guerre en Ukraine: \u00ab\u00a0Dans une ou deux semaines, nous serons s&rsquo;il y a une solution \u00e0 l&rsquo;horizon\u00a0\u00bb, indique Donald Trump<\/a><a href=\"https:\/\/www.bfmtv.com\/international\/europe\/ukraine\/video-sommet-a-la-maison-blanche-nous-allons-faire-des-avancees-historiques-assure-keir-starmer-premier-ministre-du-royaume-uni_VN-202508180500.html\" title=\"Sommet \u00e0 la Maison-Blanche: &quot;Nous allons faire des avanc\u00e9es historiques&quot;, assure Keir Starmer, Premier ministre du Royaume-Uni\" rel=\"nofollow noopener\" target=\"_blank\"><img width=\"16\" height=\"9\" class=\"lozad\"  alt=\"Sommet \u00e0 la Maison-Blanche: &quot;Nous allons faire des avanc\u00e9es historiques&quot;, assure Keir Starmer, Premier ministre du Royaume-Uni\"\/>en lectureSommet \u00e0 la Maison-Blanche: \u00ab\u00a0Nous allons faire des avanc\u00e9es historiques\u00a0\u00bb, assure Keir Starmer, Premier ministre du Royaume-Uni<\/a><a href=\"https:\/\/www.bfmtv.com\/international\/europe\/ukraine\/video-sommet-a-la-maison-blanche-nous-sommes-unis-autour-de-l-ukraine-affirme-emmanuel-macron_VN-202508180494.html\" title=\"Sommet \u00e0 la Maison-Blanche: &quot;Nous sommes unis autour de l&#039;Ukraine&quot;, affirme Emmanuel Macron \" rel=\"nofollow noopener\" target=\"_blank\"><img width=\"16\" height=\"9\" class=\"lozad\"  alt=\"Sommet \u00e0 la Maison-Blanche: &quot;Nous sommes unis autour de l'Ukraine&quot;, affirme Emmanuel Macron \"\/>1:51Sommet \u00e0 la Maison-Blanche: \u00ab\u00a0Nous sommes unis autour de l&rsquo;Ukraine\u00a0\u00bb, affirme Emmanuel Macron<\/a><a href=\"https:\/\/www.bfmtv.com\/international\/europe\/ukraine\/video-sommet-a-la-maison-blanche-les-negociations-ne-vont-pas-etre-simple-rappelle-le-chancelier-allemand-friedrich-merz_VN-202508180488.html\" title=\"Sommet \u00e0 la Maison-Blanche: &quot;Les n\u00e9gociations ne vont pas \u00eatre simples&quot;, rappelle le chancelier allemand, Friedrich Merz\" rel=\"nofollow noopener\" target=\"_blank\"><img width=\"16\" height=\"9\" class=\"lozad\"  alt=\"Sommet \u00e0 la Maison-Blanche: &quot;Les n\u00e9gociations ne vont pas \u00eatre simples&quot;, rappelle le chancelier allemand, Friedrich Merz\"\/>1:50Sommet \u00e0 la Maison-Blanche: \u00ab\u00a0Les n\u00e9gociations ne vont pas \u00eatre simples\u00a0\u00bb, rappelle le chancelier allemand, Friedrich Merz<\/a><a href=\"https:\/\/www.bfmtv.com\/international\/europe\/ukraine\/video-sommet-a-la-maison-blanche-ursula-von-der-leyen-remercie-donald-trump-d-avoir-mentionne-les-milliers-d-enfants-ukrainiens-qui-ont-ete-captures_VN-202508180485.html\" title=\"Sommet \u00e0 la Maison-Blanche: Ursula von der Leyen remercie Donald Trump &quot;d&#039;avoir mentionn\u00e9 les milliers d&#039;enfants ukrainiens qui ont \u00e9t\u00e9 captur\u00e9s&quot;\" rel=\"nofollow noopener\" target=\"_blank\"><img width=\"16\" height=\"9\" class=\"lozad\"  alt=\"Sommet \u00e0 la Maison-Blanche: Ursula von der Leyen remercie Donald Trump &quot;d'avoir mentionn\u00e9 les milliers d'enfants ukrainiens qui ont \u00e9t\u00e9 captur\u00e9s&quot;\"\/>1:12Sommet \u00e0 la Maison-Blanche: Ursula von der Leyen remercie Donald Trump \u00ab\u00a0d&rsquo;avoir mentionn\u00e9 les milliers d&rsquo;enfants ukrainiens qui ont \u00e9t\u00e9 captur\u00e9s\u00a0\u00bb<\/a><a href=\"https:\/\/www.bfmtv.com\/international\/europe\/ukraine\/video-sommet-a-la-maison-blanche-les-meilleurs-echanges-restent-a-venir-estime-volodymyr-zelensky-apres-son-entretien-avec-donald-trump_VN-202508180484.html\" title=\"Sommet \u00e0 la Maison-Blanche: &quot;Les meilleurs \u00e9changes restent \u00e0 venir&quot;, estime Volodymyr Zelensky, apr\u00e8s son entretien avec Donald Trump\" rel=\"nofollow noopener\" target=\"_blank\"><img width=\"16\" height=\"9\" class=\"lozad\"  alt=\"Sommet \u00e0 la Maison-Blanche: &quot;Les meilleurs \u00e9changes restent \u00e0 venir&quot;, estime Volodymyr Zelensky, apr\u00e8s son entretien avec Donald Trump\"\/>2:51Sommet \u00e0 la Maison-Blanche: \u00ab\u00a0Les meilleurs \u00e9changes restent \u00e0 venir\u00a0\u00bb, estime Volodymyr Zelensky, apr\u00e8s son entretien avec Donald Trump<\/a><a href=\"https:\/\/www.bfmtv.com\/international\/europe\/ukraine\/video-sommet-a-la-maison-blanche-c-est-une-journee-couronnee-de-reussite-affirme-donald-trump_VN-202508180481.html\" title=\"Sommet \u00e0 la Maison-Blanche: &quot;C&#039;est une journ\u00e9e couronn\u00e9e de r\u00e9ussite&quot;, affirme Donald Trump\" rel=\"nofollow noopener\" target=\"_blank\"><img width=\"16\" height=\"9\" class=\"lozad\"  alt=\"Sommet \u00e0 la Maison-Blanche: &quot;C'est une journ\u00e9e couronn\u00e9e de r\u00e9ussite&quot;, affirme Donald Trump\"\/>1:08Sommet \u00e0 la Maison-Blanche: \u00ab\u00a0C&rsquo;est une journ\u00e9e couronn\u00e9e de r\u00e9ussite\u00a0\u00bb, affirme Donald Trump<\/a><a href=\"https:\/\/www.bfmtv.com\/international\/europe\/ukraine\/video-sommet-avec-donald-trump-la-guerre-va-se-terminer-affirme-le-president-americain_VN-202508180460.html\" title=\"Sommet avec Donald Trump: &quot;La guerre va se terminer&quot;, affirme le pr\u00e9sident am\u00e9ricain\" rel=\"nofollow noopener\" target=\"_blank\"><img width=\"16\" height=\"9\" class=\"lozad\"  alt=\"Sommet avec Donald Trump: &quot;La guerre va se terminer&quot;, affirme le pr\u00e9sident am\u00e9ricain\"\/>1:19Sommet avec Donald Trump: \u00ab\u00a0La guerre va se terminer\u00a0\u00bb, affirme le pr\u00e9sident am\u00e9ricain<\/a><a href=\"https:\/\/www.bfmtv.com\/international\/europe\/ukraine\/video-sommet-avec-donald-trump-il-faut-arreter-la-russie-exhorte-volodymyr-zelensky-en-direct-de-la-maison-blanche_VN-202508180457.html\" title=\"Sommet avec Donald Trump: &quot;Il faut arr\u00eater la Russie&quot; exhorte Volodymyr Zelensky, en direct de la Maison-Blanche\" rel=\"nofollow noopener\" target=\"_blank\"><img width=\"16\" height=\"9\" class=\"lozad\"  alt=\"Sommet avec Donald Trump: &quot;Il faut arr\u00eater la Russie&quot; exhorte Volodymyr Zelensky, en direct de la Maison-Blanche\"\/>0:44Sommet avec Donald Trump: \u00ab\u00a0Il faut arr\u00eater la Russie\u00a0\u00bb exhorte Volodymyr Zelensky, en direct de la Maison-Blanche<\/a><a href=\"https:\/\/www.bfmtv.com\/international\/europe\/ukraine\/video-sommet-avec-donald-trump-volodymyr-zelensky-salue-les-efforts-du-president-americain-pour-mettre-fin-a-la-guerre-en-ukraine_VN-202508180455.html\" title=\"Sommet avec Donald Trump: Volodymyr Zelensky salue les &quot;efforts&quot; du pr\u00e9sident am\u00e9ricain pour mettre fin \u00e0 la guerre en Ukraine\" rel=\"nofollow noopener\" target=\"_blank\"><img width=\"16\" height=\"9\" class=\"lozad\"  alt=\"Sommet avec Donald Trump: Volodymyr Zelensky salue les &quot;efforts&quot; du pr\u00e9sident am\u00e9ricain pour mettre fin \u00e0 la guerre en Ukraine\"\/>1:11Sommet avec Donald Trump: Volodymyr Zelensky salue les \u00ab\u00a0efforts\u00a0\u00bb du pr\u00e9sident am\u00e9ricain pour mettre fin \u00e0 la guerre en Ukraine<\/a><a href=\"https:\/\/www.bfmtv.com\/international\/europe\/ukraine\/video-sommet-avec-donald-trump-volodymyr-zelensky-est-arrive-a-la-maison-blanche-en-chemise-mais-sans-cravate_VN-202508180453.html\" title=\"Sommet avec Donald Trump: Volodymyr Zelensky est arriv\u00e9 \u00e0 la Maison-Blanche en chemise mais sans cravate\" rel=\"nofollow noopener\" target=\"_blank\"><img width=\"16\" height=\"9\" class=\"lozad\"  alt=\"Sommet avec Donald Trump: Volodymyr Zelensky est arriv\u00e9 \u00e0 la Maison-Blanche en chemise mais sans cravate\"\/>1:42Sommet avec Donald Trump: Volodymyr Zelensky est arriv\u00e9 \u00e0 la Maison-Blanche en chemise mais sans cravate<\/a><a href=\"https:\/\/www.bfmtv.com\/international\/europe\/ukraine\/video-la-presidente-italienne-du-conseil-des-ministres-giorgia-meloni-est-arrivee-a-la-maison-blanche_VN-202508180436.html\" title=\"La pr\u00e9sidente italienne du conseil des Ministres Giorgia Meloni est arriv\u00e9e \u00e0 la Maison-Blanche\" rel=\"nofollow noopener\" target=\"_blank\"><img width=\"16\" height=\"9\" class=\"lozad\"  alt=\"La pr\u00e9sidente italienne du conseil des Ministres Giorgia Meloni est arriv\u00e9e \u00e0 la Maison-Blanche\"\/>1:01La pr\u00e9sidente italienne du conseil des Ministres Giorgia Meloni est arriv\u00e9e \u00e0 la Maison-Blanche<\/a><a href=\"https:\/\/www.bfmtv.com\/international\/europe\/ukraine\/video-le-premier-ministre-anglais-keir-starmer-est-arrive-a-la-maison-blanche_VN-202508180432.html\" title=\"Le premier ministre anglais Keir Starmer est arriv\u00e9 \u00e0 la Maison Blanche\" rel=\"nofollow noopener\" target=\"_blank\"><img width=\"16\" height=\"9\" class=\"lozad\"  alt=\"Le premier ministre anglais Keir Starmer est arriv\u00e9 \u00e0 la Maison Blanche\"\/>0:32Le premier ministre anglais Keir Starmer est arriv\u00e9 \u00e0 la Maison Blanche<\/a><a href=\"https:\/\/www.bfmtv.com\/international\/europe\/ukraine\/video-les-ukrainiens-ont-bien-compris-qu-une-partie-de-leur-destin-pouvait-se-jouer-ce-soir-explique-nicolas-coadou-envoye-special-en-ukraine_VN-202508180406.html\" title=\"&quot;Les Ukrainiens ont bien compris qu&#039;une partie de leur destin pouvait se jouer ce soir&quot;, explique Nicolas Coadou, envoy\u00e9 sp\u00e9cial en Ukraine\" rel=\"nofollow noopener\" target=\"_blank\"><img width=\"16\" height=\"9\" class=\"lozad\"  alt=\"&quot;Les Ukrainiens ont bien compris qu'une partie de leur destin pouvait se jouer ce soir&quot;, explique Nicolas Coadou, envoy\u00e9 sp\u00e9cial en Ukraine\"\/>1:49&Prime;Les Ukrainiens ont bien compris qu&rsquo;une partie de leur destin pouvait se jouer ce soir\u00a0\u00bb, explique Nicolas Coadou, envoy\u00e9 sp\u00e9cial en Ukraine<\/a><a class=\"jumpToVideo\" target=\"_blank\"><img class=\"thumbnailPreview\"\/><\/a><\/p>\n","protected":false},"excerpt":{"rendered":"Sommet \u00e0 la Maison-Blanche: \u00ab\u00a0Nous allons faire des avanc\u00e9es historiques\u00a0\u00bb, assure Keir Starmer, Premier ministre du Royaume-UniSur le&hellip;\n","protected":false},"author":2,"featured_media":327955,"comment_status":"","ping_status":"","sticky":false,"template":"","format":"standard","meta":{"footnotes":""},"categories":[1588],"tags":[11,1777,674,12,473,1853,1851,1850,1852],"class_list":{"0":"post-327954","1":"post","2":"type-post","3":"status-publish","4":"format-standard","5":"has-post-thumbnail","7":"category-royaume-uni","8":"tag-actualites","9":"tag-eu","10":"tag-europe","11":"tag-news","12":"tag-royaume-uni","13":"tag-royaume-uni-de-grande-bretagne-et-dirlande-du-nord","14":"tag-uk","15":"tag-united-kingdom","16":"tag-united-kingdom-of-great-britain-and-northern-ireland"},"share_on_mastodon":{"url":"https:\/\/pubeurope.com\/@fr\/115051966192081773","error":""},"_links":{"self":[{"href":"https:\/\/www.europesays.com\/fr\/wp-json\/wp\/v2\/posts\/327954","targetHints":{"allow":["GET"]}}],"collection":[{"href":"https:\/\/www.europesays.com\/fr\/wp-json\/wp\/v2\/posts"}],"about":[{"href":"https:\/\/www.europesays.com\/fr\/wp-json\/wp\/v2\/types\/post"}],"author":[{"embeddable":true,"href":"https:\/\/www.europesays.com\/fr\/wp-json\/wp\/v2\/users\/2"}],"replies":[{"embeddable":true,"href":"https:\/\/www.europesays.com\/fr\/wp-json\/wp\/v2\/comments?post=327954"}],"version-history":[{"count":0,"href":"https:\/\/www.europesays.com\/fr\/wp-json\/wp\/v2\/posts\/327954\/revisions"}],"wp:featuredmedia":[{"embeddable":true,"href":"https:\/\/www.europesays.com\/fr\/wp-json\/wp\/v2\/media\/327955"}],"wp:attachment":[{"href":"https:\/\/www.europesays.com\/fr\/wp-json\/wp\/v2\/media?parent=327954"}],"wp:term":[{"taxonomy":"category","embeddable":true,"href":"https:\/\/www.europesays.com\/fr\/wp-json\/wp\/v2\/categories?post=327954"},{"taxonomy":"post_tag","embeddable":true,"href":"https:\/\/www.europesays.com\/fr\/wp-json\/wp\/v2\/tags?post=327954"}],"curies":[{"name":"wp","href":"https:\/\/api.w.org\/{rel}","templated":true}]}}