{"id":327956,"date":"2025-08-18T21:47:27","date_gmt":"2025-08-18T21:47:27","guid":{"rendered":"https:\/\/www.europesays.com\/fr\/327956\/"},"modified":"2025-08-18T21:47:27","modified_gmt":"2025-08-18T21:47:27","slug":"nous-sommes-au-debut-dun-processus-difficile-lallemagne-prudente-sur-leventualite-davoir-des-troupes-en-ukraine","status":"publish","type":"post","link":"https:\/\/www.europesays.com\/fr\/327956\/","title":{"rendered":"\u00ab\u00a0Nous sommes au d\u00e9but d\u2019un processus difficile\u00a0\u00bb\u00a0: l\u2019Allemagne prudente sur l\u2019\u00e9ventualit\u00e9 d\u2019avoir des troupes en Ukraine"},"content":{"rendered":"<p>  \tL\u2019Allemagne se montre prudente sur un \u00e9ventuel d\u00e9ploiement de troupes en Ukraine, soulignant que toute contribution militaire devra encore \u00eatre n\u00e9goci\u00e9e.<\/p>\n<p>&#13;<br \/>\n&#13;<\/p>\n<p>Le ministre allemand des Affaires \u00e9trang\u00e8res Johann Wadephul s\u2019est exprim\u00e9 de mani\u00e8re tr\u00e8s prudente, lundi, au sujet d\u2019un potentiel d\u00e9ploiement de troupes allemandes en Ukraine pour concr\u00e9tiser des garanties de s\u00e9curit\u00e9 dans le cadre d\u2019un accord de paix avec la Russie. Selon lui, Berlin n\u2019a pas d\u2019accord avec les autres pays europ\u00e9ens sur une pr\u00e9sence militaire en Ukraine.<\/p>\n<p>\u00ab\u00a0Nous sommes au d\u00e9but d\u2019un processus difficile\u00a0\u00bb, a r\u00e9sum\u00e9 le ministre, en visite \u00e0 Tokyo. Il a insist\u00e9 sur le fait que l\u2019Allemagne est d\u00e9sireuse de contribuer \u00e0 des garanties de s\u00e9curit\u00e9 robustes en faveur de l\u2019Ukraine, un des points essentiels pour Volodymyr Zelensky. Tout en ajoutant qu\u2019il n\u2019est pas clair pour l\u2019instant si cela impliquerait le d\u00e9ploiement de troupes.<\/p>\n<p>&#13;<br \/>\n&#13;<\/p>\n<p>&#13;<br \/>\n&#13;<\/p>\n<p>    \u00c0 lire aussi<\/p>\n<p>  <img decoding=\"async\" data-copyright=\"AFP\" class=\"r-img\"  typeof=\"foaf:Image\" src=\"https:\/\/www.europesays.com\/fr\/wp-content\/uploads\/2025\/08\/47135394.jpeg\" alt=\"Belgaimage-131487741 (1).jpg\"\/><br \/>\n      <a href=\"https:\/\/www.rtl.be\/actu\/monde\/international\/guerre-en-ukraine\/direct-la-question-sera-de-savoir-quand-pas-si-elle-aura-lieu-trump-confiant-sur\/2025-08-18\/article\/760310\" class=\"r-stories--link\" rel=\"nofollow noopener\" target=\"_blank\">Direct \u2013 \u00ab\u00a0La question sera de savoir quand, pas si elle aura lieu\u00a0\u00bb\u00a0: Trump confiant sur la tenue d\u2019une r\u00e9union \u00e0 trois avec Zelensky et Poutine, l\u2019Europe demande une place<\/a><\/p>\n<p>\u00ab\u00a0Cela devra vraiment \u00eatre n\u00e9goci\u00e9\u00a0\u00bb, a ajout\u00e9 le ministre. Il avait d\u00e9j\u00e0 laiss\u00e9 entendre, dans un podcast, que l\u2019Allemagne se concentre sur la protection du territoire de l\u2019Otan.<\/p>\n<p>Pour Donald Trump, il semble acquis que l\u2019Ukraine doit renoncer \u00e0 toute possibilit\u00e9 d\u2019adh\u00e9sion \u00e0 l\u2019Otan, comme l\u2019attend Moscou. L\u2019Am\u00e9ricain semble \u00e9galement convaincu que Kiev doit abandonner toute ambition de reprendre le contr\u00f4le de la Crim\u00e9e.<\/p>\n<p>Le Premier ministre britannique Keir Starmer, qui participera lundi \u00e0 l\u2019\u00e9change Trump-Zelensky \u00e0 Washington, a cependant r\u00e9it\u00e9r\u00e9 la position europ\u00e9enne, selon laquelle l\u2019Ukraine est sur une voie \u00ab\u00a0irr\u00e9versible\u00a0\u00bb vers l\u2019Alliance. \u00ab\u00a0La Russie ne peut pas poser de v\u00e9to contre le chemin de l\u2019Ukraine vers l\u2019UE ou l\u2019Otan\u00a0\u00bb, a encore indiqu\u00e9 lundi le porte-parole du Premier ministre.<\/p>\n<p>Selon lui, les fameuses \u00ab\u00a0garanties de s\u00e9curit\u00e9\u00a0\u00bb seront justement au centre des discussions \u00e0 la Maison-Blanche.<\/p>\n<p>&#13;<br \/>\n&#13;<\/p>\n<p>&#13;<br \/>\n&#13;<\/p>\n","protected":false},"excerpt":{"rendered":"L\u2019Allemagne se montre prudente sur un \u00e9ventuel d\u00e9ploiement de troupes en Ukraine, soulignant que toute contribution militaire devra&hellip;\n","protected":false},"author":2,"featured_media":327957,"comment_status":"","ping_status":"","sticky":false,"template":"","format":"standard","meta":{"footnotes":""},"categories":[1587],"tags":[29950,11,672,1804,1805,1803,1777,674,1801,12,1802],"class_list":{"0":"post-327956","1":"post","2":"type-post","3":"status-publish","4":"format-standard","5":"has-post-thumbnail","7":"category-allemagne","8":"tag-nodefield_freetags","9":"tag-actualites","10":"tag-allemagne","11":"tag-bundesrepublik-deutschland","12":"tag-de","13":"tag-deutschland","14":"tag-eu","15":"tag-europe","16":"tag-germany","17":"tag-news","18":"tag-republique-federale-dallemagne"},"share_on_mastodon":{"url":"https:\/\/pubeurope.com\/@fr\/115051970428695202","error":""},"_links":{"self":[{"href":"https:\/\/www.europesays.com\/fr\/wp-json\/wp\/v2\/posts\/327956","targetHints":{"allow":["GET"]}}],"collection":[{"href":"https:\/\/www.europesays.com\/fr\/wp-json\/wp\/v2\/posts"}],"about":[{"href":"https:\/\/www.europesays.com\/fr\/wp-json\/wp\/v2\/types\/post"}],"author":[{"embeddable":true,"href":"https:\/\/www.europesays.com\/fr\/wp-json\/wp\/v2\/users\/2"}],"replies":[{"embeddable":true,"href":"https:\/\/www.europesays.com\/fr\/wp-json\/wp\/v2\/comments?post=327956"}],"version-history":[{"count":0,"href":"https:\/\/www.europesays.com\/fr\/wp-json\/wp\/v2\/posts\/327956\/revisions"}],"wp:featuredmedia":[{"embeddable":true,"href":"https:\/\/www.europesays.com\/fr\/wp-json\/wp\/v2\/media\/327957"}],"wp:attachment":[{"href":"https:\/\/www.europesays.com\/fr\/wp-json\/wp\/v2\/media?parent=327956"}],"wp:term":[{"taxonomy":"category","embeddable":true,"href":"https:\/\/www.europesays.com\/fr\/wp-json\/wp\/v2\/categories?post=327956"},{"taxonomy":"post_tag","embeddable":true,"href":"https:\/\/www.europesays.com\/fr\/wp-json\/wp\/v2\/tags?post=327956"}],"curies":[{"name":"wp","href":"https:\/\/api.w.org\/{rel}","templated":true}]}}