{"id":327962,"date":"2025-08-18T21:50:12","date_gmt":"2025-08-18T21:50:12","guid":{"rendered":"https:\/\/www.europesays.com\/fr\/327962\/"},"modified":"2025-08-18T21:50:12","modified_gmt":"2025-08-18T21:50:12","slug":"nous-avons-vu-la-mort-marion-marechal-et-son-mari-vincenzo-sofo-victimes-dun-grave-accident-rtl-fr","status":"publish","type":"post","link":"https:\/\/www.europesays.com\/fr\/327962\/","title":{"rendered":"&quot;Nous avons vu la mort&quot; : Marion Mar\u00e9chal et son mari Vincenzo Sofo victimes d&#039;un grave accident &#8211; RTL.fr"},"content":{"rendered":"<ol>\n<li><a href=\"https:\/\/news.google.com\/rss\/articles\/CBMi0wFBVV95cUxPWGF5YkljQUo1TVdiSVdEWEl6TVhMNk15cUVvUWZiS2tEbkhvMXotUEwxelhUV3k1dnNpcXpnZ3hUNElpcDR5U18yZ205cW5tRUdsT0NERi01SnNxeEplTkc3ZE93X0c4RjB2bzlXMlVzMUZDT29lN1hkRXFQRXlSd1BIcmYwdXJiamlEbEJyNFlrS2hlRmFYYlVlMnlUNVZlNHRmNERBTmdpcDBSdlU2VVVOSi1vM3N5LWljOGhvZ0FzWm1HazBiQXpEd3lYMGFkZWNF?oc=5\" target=\"_blank\" rel=\"nofollow noopener\">\u00ab\u00a0Nous avons vu la mort\u00a0\u00bb : Marion Mar\u00e9chal et son mari Vincenzo Sofo victimes d&rsquo;un grave accident<\/a>&nbsp;&nbsp;RTL.fr<\/li>\n<li><a href=\"https:\/\/news.google.com\/rss\/articles\/CBMi4AFBVV95cUxOS3ZtNmVvZkRaVGY5ZGc0MXJSWUdxZGJKY0lBUjYwU25xS3NmZkQ0QmhnMnJ3bHRnbnVRT1EzR3pDT3BaYnp4dGlLZEtJcEJaTVhXQXZnN3Q1bklVRlpPMlp0dEZ3Q3RnUHVQd0lrSGw2UU9MNHBQeWF4WVhqSHNkeUVRUDlzX0pGbXV3ZWVoQnMwQm15M01udzNFTE5ac2xHT0cyRGRCa0NyV2FwVUxDSWxqdDJYMXItalB6WDNXV0VPTnlrQ2kxQ3c0NjA1NWNKU1VCM0VzaGVzSTBadUt4SA?oc=5\" target=\"_blank\" rel=\"nofollow noopener\">Marion Mar\u00e9chal et son mari victimes d&rsquo;un violent accident de voiture en Italie<\/a>&nbsp;&nbsp;BFMTV<\/li>\n<li><a href=\"https:\/\/news.google.com\/rss\/articles\/CBMiiwJBVV95cUxNQnlGWVpzeVF2X2JsSVlCZ1RZelFZaENFMkUtdE5YbE1ONHMwSjBSbmVZMHE5V3Q0eXJPR2lYR0hLcmRBdGtOMVhlZVBpc2FnLVpmSnRYMFVvUVRCQ0hzOFY1S0pJdEtPZ3BHeFhHbDVOem5PWUZrM0xkVlc2Tm1RWlVWRFNBTm01djdLWHcxZXQ1Q0ZlaFhhbzMtVGE2TmJHdnkyMzdxMTRFd2RidklhS3FtcDJXZE1rRFJ4dDFTUlRBRWZmdG9jZlNXbjZaWHNsYVpLVUQ3VjF0MlFCZmVtdlZOcTA3S0hMbW15ODk1R1kxMjhadWtoakJTMmtXTkVNMUFkQ0tHaHZpNm8?oc=5\" target=\"_blank\" rel=\"nofollow noopener\">\u00ab Nous avons vu la mort \u00bb : Marion Mar\u00e9chal et son mari Vincenzo Sofo victimes d\u2019un grave accident en Italie<\/a>&nbsp;&nbsp;Le Parisien<\/li>\n<li><a href=\"https:\/\/news.google.com\/rss\/articles\/CBMi2AFBVV95cUxNQ3d2aXpsSEZ0dXRLWjhvUUlObjJ3S3lSUFRqbThDallWY3ZxYTBLTGJNVl8yTW1idDZVZXZndllCY0trd2k0RHJ0b3FjVndJYWFuTXFMZ1FqTFpaTVpXZVhxbkVqRGpCX2hCc1M1ZzNBeFViNnduMktiaUlJTEg3RzRrUmVLSlpjZW1sNXkyQWZ2V3lsamY5TmpHTFkxXzBjVjdWLVdOWWd3dW9jLUw3V09MMGpFUFR3ZXl1ZURkUTNMYUhPb0hHai1iNTNCeng5dUhDUE03eHE?oc=5\" target=\"_blank\" rel=\"nofollow noopener\">Italie : Marion Mar\u00e9chal et son mari hospitalis\u00e9s apr\u00e8s un grave accident de voiture<\/a>&nbsp;&nbsp;Portail Orange<\/li>\n<li><a href=\"https:\/\/news.google.com\/rss\/articles\/CBMi1gFBVV95cUxNUE5jbVdaOG5MYUFhNkVEcEVYQXF5WjNwbmR6c0t6YlRhLVZ0YWxaTlNnREgxV0stV2daUjg3cVFYWVBHbndNRFFjd0NSb2NCLXR4MnM0NnFPdF9WM2lsV1c0bUM5a09HRWEwSURvd3lTRGtTZGowUXNzOWNualVpUkRUV2pILU1QaTVwRXY0MEJoRGFkZmRTa1VEU28ybWZ2QmJpUlg3alo1NGN0SFRiQ1lQd0JUSDJZTGZZXzFLbm9zWVVENEZ3S0JER3I5ZmlmbS1FOU9B?oc=5\" target=\"_blank\" rel=\"nofollow noopener\">\u00ab Nous avons vu la mort s\u2019abattre sur nous \u00bb : Marion Mar\u00e9chal et son mari victimes d\u2019un violent accident<\/a>&nbsp;&nbsp;Paris Normandie<\/li>\n<\/ol>\n","protected":false},"excerpt":{"rendered":"\u00ab\u00a0Nous avons vu la mort\u00a0\u00bb : Marion Mar\u00e9chal et son mari Vincenzo Sofo victimes d&rsquo;un grave accident&nbsp;&nbsp;RTL.fr Marion&hellip;\n","protected":false},"author":2,"featured_media":327963,"comment_status":"","ping_status":"","sticky":false,"template":"","format":"standard","meta":{"footnotes":""},"categories":[2],"tags":[119,11,107,1011,27,452,15233,12,25],"class_list":{"0":"post-327962","1":"post","2":"type-post","3":"status-publish","4":"format-standard","5":"has-post-thumbnail","7":"category-actualites","8":"tag-accident","9":"tag-actualites","10":"tag-fil-info","11":"tag-fr","12":"tag-france","13":"tag-italie","14":"tag-marion-marechal","15":"tag-news","16":"tag-republique-francaise"},"share_on_mastodon":{"url":"https:\/\/pubeurope.com\/@fr\/115051981952146664","error":""},"_links":{"self":[{"href":"https:\/\/www.europesays.com\/fr\/wp-json\/wp\/v2\/posts\/327962","targetHints":{"allow":["GET"]}}],"collection":[{"href":"https:\/\/www.europesays.com\/fr\/wp-json\/wp\/v2\/posts"}],"about":[{"href":"https:\/\/www.europesays.com\/fr\/wp-json\/wp\/v2\/types\/post"}],"author":[{"embeddable":true,"href":"https:\/\/www.europesays.com\/fr\/wp-json\/wp\/v2\/users\/2"}],"replies":[{"embeddable":true,"href":"https:\/\/www.europesays.com\/fr\/wp-json\/wp\/v2\/comments?post=327962"}],"version-history":[{"count":0,"href":"https:\/\/www.europesays.com\/fr\/wp-json\/wp\/v2\/posts\/327962\/revisions"}],"wp:featuredmedia":[{"embeddable":true,"href":"https:\/\/www.europesays.com\/fr\/wp-json\/wp\/v2\/media\/327963"}],"wp:attachment":[{"href":"https:\/\/www.europesays.com\/fr\/wp-json\/wp\/v2\/media?parent=327962"}],"wp:term":[{"taxonomy":"category","embeddable":true,"href":"https:\/\/www.europesays.com\/fr\/wp-json\/wp\/v2\/categories?post=327962"},{"taxonomy":"post_tag","embeddable":true,"href":"https:\/\/www.europesays.com\/fr\/wp-json\/wp\/v2\/tags?post=327962"}],"curies":[{"name":"wp","href":"https:\/\/api.w.org\/{rel}","templated":true}]}}