{"id":327970,"date":"2025-08-18T21:55:09","date_gmt":"2025-08-18T21:55:09","guid":{"rendered":"https:\/\/www.europesays.com\/fr\/327970\/"},"modified":"2025-08-18T21:55:09","modified_gmt":"2025-08-18T21:55:09","slug":"le-programme-chaud-des-matchs-amicaux-cette-semaine","status":"publish","type":"post","link":"https:\/\/www.europesays.com\/fr\/327970\/","title":{"rendered":"le programme chaud des matchs amicaux cette semaine"},"content":{"rendered":"<p>            Par<br \/>\n        <strong><br \/>\n            <a href=\"https:\/\/actu.fr\/auteur\/emilie-dudonfournier\" title=\"Consulter tous les articles de Emilie Dudon-Fournier\" target=\"_blank\" rel=\"noopener\">Emilie Dudon-Fournier<\/a><br \/>\n        <\/strong><\/p>\n<p>        Publi\u00e9 le<\/p>\n<p>            18 ao\u00fbt 2025 \u00e0 18h13        <\/p>\n<p>On monte d\u2019un cran. Si le thermom\u00e8tre devrait enfin afficher des temp\u00e9ratures\u00a0 supportables cette semaine, il fera de plus en plus chaud sur les terrains de rugby avec<strong> les premiers matchs amicaux de quasiment tous les clubs de Top 14,<\/strong> dont ceux du champion d\u2019Europe, Bordeaux-B\u00e8gles, et du champion de France, Toulouse.<\/p>\n<p class=\" wall-content\">Mais aussi avec<strong> quelques derbys fratricides<\/strong> qui ne manqueront pas d\u2019enflammer les tribunes. Petit tour d\u2019horizon des r\u00e9jouissances \u00e0 venir.<\/p>\n<p>Le champion de France Toulouse en Bretagne<\/p>\n<p class=\" wall-content\">Des clubs de l\u2019\u00e9lite, seuls le Stade rochelais et Lyon ne fouleront pas encore les terrains. La grande rentr\u00e9e du champion de France toulousain se fera en terres bretonnes, \u00e0 Guinguamp, pour une premi\u00e8re sortie estivale face \u00e0 Vannes ce jeudi 21 ao\u00fbt (19h). M\u00eame date, m\u00eame heure pour le premier derby de la semaine, qui verra s\u2019affronter \u00e0 Guy-Boniface Mont-de-Marsan et Dax, tous deux d\u00e9faits pour leur reprise la semaine derni\u00e8re (respectivement contre Colomiers, 34-36, et \u00e0 Biarritz, 36-14).<\/p>\n<p class=\" wall-content\">Oyonnax en d\u00e9coudra alors \u00e0 Valserh\u00f4ne (Ain) avec Valence-Romans, battu par Aix-en Provence 22-26 il y a quelques jours. \u00c0 20h, Provence Rugby tentera la passe de deux face \u00e0 B\u00e9ziers, \u00e0 Maurice-David, en m\u00eame temps que se tiendra l\u2019historique empoignade basque Bayonne\/Biarritz, \u00e0 Jean-Dauger.<\/p>\n<p>Le champion d\u2019Europe Bordeaux-B\u00e8gles \u00e0 Angoul\u00eame<\/p>\n<p class=\" wall-content\">Vendredi 22 ao\u00fbt, premi\u00e8re sortie \u00e9galement pour Pau et Montpellier qui se retrouveront \u00e0 Auch (19h). Le champion d\u2019Europe bordelais entrera en lice \u00e0 Angoul\u00eame \u00e0 19h30, quand se d\u00e9rouleront Perpignan\/Toulon \u00e0 Aim\u00e9-Giral et Montauban\/Castres \u00e0 Sapiac. Brive recevra Clermont \u00e0 Am\u00e9d\u00e9e-Domenech \u00e0 21h pour un derby du centre. Le club corr\u00e9zien a d\u00e9j\u00e0 fait sa rentr\u00e9e la semaine derni\u00e8re, d\u00e9fait face au Racing 92 7-28.<\/p>\n<p class=\" wall-content\">Le club francilien est le seul, de Top 14, \u00e0 avoir d\u00e9j\u00e0 jou\u00e9 \u00e0 ce jour. Il affrontera le Stade fran\u00e7ais \u00e0 Ch\u00e2teauroux samedi 23 \u00e0 19h pour le dernier derby de cette semaine \u00ab\u00a0amicale\u00a0\u00bb.<\/p>\n<p class=\" wall-content\"><strong>21 ao\u00fbt 2025<\/strong><\/p>\n<ul class=\" wall-content\">\n<li>19h. Vannes \u2013 Stade Toulousain (\u00e0 Guingamp)<\/li>\n<li>19h. Mont-de-Marsan \u2013 Dax (\u00e0 Mont-de-Marsan)<\/li>\n<li>19h. Oyonnax \u2013 Valence-Romans (\u00e0 Valserh\u00f4ne)<\/li>\n<li>20h. Bayonne \u2013 Biarritz (\u00e0 Bayonne)<\/li>\n<li>20h. Provence Rugby \u2013 B\u00e9ziers (\u00e0 Maurice-David)<\/li>\n<\/ul>\n<p class=\" wall-content\"><strong>22 ao\u00fbt 2025<\/strong><\/p>\n<ul class=\" wall-content\">\n<li>19h. Pau \u2013 Montpellier (\u00e0 Auch)<\/li>\n<li>19h30. Soyaux-Angoul\u00eame \u2013 Bordeaux-B\u00e8gles (au stade Chanzy)<\/li>\n<li>19h30. Perpignan \u2013 Toulon (\u00e0 Perpignan)<\/li>\n<li>19h30. Montauban \u2013 Castres (\u00e0 Montauban)<\/li>\n<li>21h. Brive \u2013 Clermont (\u00e0 Brive)<\/li>\n<\/ul>\n<p>Votre r\u00e9gion, votre actu !<\/p>\n<p>Recevez chaque jour les infos qui comptent pour vous.<\/p>\n<p>\t<a href=\"https:\/\/actu.fr\/newsletter\" class=\"ac-btn ac-btn--corner ac-btn--medium ac-btn--blue800\" target=\"_blank\" rel=\"noopener\">S&rsquo;incrire<\/a><\/p>\n<p class=\" wall-content\"><strong>23 ao\u00fbt 2025<\/strong><\/p>\n<ul class=\" wall-content\">\n<li>19h. Racing 92 \u2013 Stade Fran\u00e7ais (\u00e0 Ch\u00e2teauroux)<\/li>\n<\/ul>\n<p class=\" wall-content\">Personnalisez votre actualit\u00e9 en ajoutant vos villes et m\u00e9dias en favori avec <a href=\"https:\/\/moncompte.actu.fr\" title=\"D\u00e9couvez Mon Actu\" rel=\"nofollow noopener\" data-trk=\"{&quot;cta&quot;:{&quot;action&quot;:&quot;https:\\\/\\\/moncompte.actu.fr&quot;,&quot;category&quot;:&quot;mon compte&quot;,&quot;from&quot;:&quot;article footer&quot;,&quot;name&quot;:&quot;Mon actu&quot;,&quot;type&quot;:&quot;cta&quot;}}\" target=\"_blank\">Mon Actu<\/a>.<\/p>\n","protected":false},"excerpt":{"rendered":"Par Emilie Dudon-Fournier Publi\u00e9 le 18 ao\u00fbt 2025 \u00e0 18h13 On monte d\u2019un cran. Si le thermom\u00e8tre devrait&hellip;\n","protected":false},"author":2,"featured_media":327971,"comment_status":"","ping_status":"","sticky":false,"template":"","format":"standard","meta":{"footnotes":""},"categories":[1416],"tags":[1011,27,479,1468,60,476,478,4435],"class_list":{"0":"post-327970","1":"post","2":"type-post","3":"status-publish","4":"format-standard","5":"has-post-thumbnail","7":"category-rugby","8":"tag-fr","9":"tag-france","10":"tag-rugby","11":"tag-rugby-football","12":"tag-sports","13":"tag-stade-toulousain","14":"tag-top-14","15":"tag-ubb-union-bordeaux-begles"},"share_on_mastodon":{"url":"https:\/\/pubeurope.com\/@fr\/115052001600580688","error":""},"_links":{"self":[{"href":"https:\/\/www.europesays.com\/fr\/wp-json\/wp\/v2\/posts\/327970","targetHints":{"allow":["GET"]}}],"collection":[{"href":"https:\/\/www.europesays.com\/fr\/wp-json\/wp\/v2\/posts"}],"about":[{"href":"https:\/\/www.europesays.com\/fr\/wp-json\/wp\/v2\/types\/post"}],"author":[{"embeddable":true,"href":"https:\/\/www.europesays.com\/fr\/wp-json\/wp\/v2\/users\/2"}],"replies":[{"embeddable":true,"href":"https:\/\/www.europesays.com\/fr\/wp-json\/wp\/v2\/comments?post=327970"}],"version-history":[{"count":0,"href":"https:\/\/www.europesays.com\/fr\/wp-json\/wp\/v2\/posts\/327970\/revisions"}],"wp:featuredmedia":[{"embeddable":true,"href":"https:\/\/www.europesays.com\/fr\/wp-json\/wp\/v2\/media\/327971"}],"wp:attachment":[{"href":"https:\/\/www.europesays.com\/fr\/wp-json\/wp\/v2\/media?parent=327970"}],"wp:term":[{"taxonomy":"category","embeddable":true,"href":"https:\/\/www.europesays.com\/fr\/wp-json\/wp\/v2\/categories?post=327970"},{"taxonomy":"post_tag","embeddable":true,"href":"https:\/\/www.europesays.com\/fr\/wp-json\/wp\/v2\/tags?post=327970"}],"curies":[{"name":"wp","href":"https:\/\/api.w.org\/{rel}","templated":true}]}}