{"id":327974,"date":"2025-08-18T21:58:14","date_gmt":"2025-08-18T21:58:14","guid":{"rendered":"https:\/\/www.europesays.com\/fr\/327974\/"},"modified":"2025-08-18T21:58:14","modified_gmt":"2025-08-18T21:58:14","slug":"fermin-aldeguer-2e-malgre-un-circuit-quil-naime-pas","status":"publish","type":"post","link":"https:\/\/www.europesays.com\/fr\/327974\/","title":{"rendered":"Ferm\u00edn Aldeguer 2e malgr\u00e9 un circuit qu\u2019il n\u2019aime pas"},"content":{"rendered":"<p>Depuis la deuxi\u00e8me ligne, Aldeguer s\u2019est rapidement install\u00e9 dans le groupe de t\u00eate. R\u00e9gulier dans son rythme, il a su contenir ses adversaires directs et profiter de la gestion des pneus pour se maintenir dans le sillage de Marc M\u00e1rquez, sans jamais vraiment pouvoir contester la victoire.<\/p>\n<p><b>Un r\u00e9sultat de haut niveau sur un circuit \u201cnon-favori\u201d<\/b><\/p>\n<p>Malgr\u00e9 sa performance, Aldeguer a tenu \u00e0 rappeler que le Red Bull Ring n\u2019\u00e9tait pas un trac\u00e9 qui lui convenait particuli\u00e8rement en mettant en avant la difficult\u00e9 de trouver le bon feeling sur ce circuit aux longues lignes droites et freinages appuy\u00e9s.<\/p>\n<blockquote>\n<p>\u201cJe suis super content ! L\u2019Autriche ne fait pas partie de mes circuits pr\u00e9f\u00e9r\u00e9s, tout comme Le Mans. R\u00e9ussir \u00e0 faire deux podiums sur deux pistes qui ne sont pas les meilleures par rapport \u00e0 mon style, c\u2019est superbe. Je suis tr\u00e8s rapide avec les pneus us\u00e9s en effet, on va essayer de continuer \u00e0 travailler comme cela. Je remercie Ducati, toute l\u2019\u00e9quipe aujourd\u2019hui, et je d\u00e9die cette course \u00e0 Borja Gomez et Pau Alsina.\u201d Explique Aldeguer, source : <a href=\"http:\/\/autohebdo.fr\" target=\"_blank\" rel=\"noopener\">autohebdo.fr<\/a>\u00a0<\/p>\n<\/blockquote>\n<p>Ce nouveau podium confirme l\u2019ascension fulgurante de l\u2019Espagnol, qui encha\u00eene les r\u00e9sultats probants d\u00e8s sa premi\u00e8re saison compl\u00e8te en MotoGP. Capable de briller m\u00eame sur des circuits o\u00f9 il se sent moins \u00e0 l\u2019aise, Aldeguer prouve qu\u2019il faudra compter sur lui dans la lutte aux avant-postes.<\/p>\n<p>Fort de cette 2e place, Aldeguer arrive en confiance au Grand Prix de Hongrie, prochaine \u00e9tape du calendrier. Sur un trac\u00e9 in\u00e9dit, il pourrait bien transformer cette r\u00e9gularit\u00e9 en nouvelle opportunit\u00e9 pour viser la victoire.<\/p>\n<p>    Partagez cette info avec vos amis et vos proches en cliquant ici  <\/p>\n<p> Podcasts \u00e0 la une MEN LIFE <\/p>\n<p>    GP d\u2019Autriche : Aldeguer confirme avec une 2e place sur un trac\u00e9 qu\u2019il n\u2019appr\u00e9cie pas<\/p>\n<p>Ferm\u00edn Aldeguer poursuit son excellente saison en MotoGP avec une 2e place solide au Red Bull Ring. Parti 6e, l\u2019Espagnol a su g\u00e9rer son rythme et ses pneus pour s\u2019offrir un podium malgr\u00e9 un circuit qui ne correspond pas \u00e0 son style de pilotage.<\/p>\n<p>R\u00e9dacteur<\/p>\n<p><img decoding=\"async\" width=\"76\" height=\"76\" loading=\"lazy\" src=\"https:\/\/www.europesays.com\/fr\/wp-content\/uploads\/2025\/04\/avatar-sport-am.png\" alt=\"Victor Teyssier\"\/><\/p>\n","protected":false},"excerpt":{"rendered":"Depuis la deuxi\u00e8me ligne, Aldeguer s\u2019est rapidement install\u00e9 dans le groupe de t\u00eate. R\u00e9gulier dans son rythme, il&hellip;\n","protected":false},"author":2,"featured_media":327975,"comment_status":"","ping_status":"","sticky":false,"template":"","format":"standard","meta":{"footnotes":""},"categories":[1413],"tags":[1011,27,1457,1456,60],"class_list":{"0":"post-327974","1":"post","2":"type-post","3":"status-publish","4":"format-standard","5":"has-post-thumbnail","7":"category-moto","8":"tag-fr","9":"tag-france","10":"tag-moto","11":"tag-motocycle","12":"tag-sports"},"share_on_mastodon":{"url":"https:\/\/pubeurope.com\/@fr\/115052013435248811","error":""},"_links":{"self":[{"href":"https:\/\/www.europesays.com\/fr\/wp-json\/wp\/v2\/posts\/327974","targetHints":{"allow":["GET"]}}],"collection":[{"href":"https:\/\/www.europesays.com\/fr\/wp-json\/wp\/v2\/posts"}],"about":[{"href":"https:\/\/www.europesays.com\/fr\/wp-json\/wp\/v2\/types\/post"}],"author":[{"embeddable":true,"href":"https:\/\/www.europesays.com\/fr\/wp-json\/wp\/v2\/users\/2"}],"replies":[{"embeddable":true,"href":"https:\/\/www.europesays.com\/fr\/wp-json\/wp\/v2\/comments?post=327974"}],"version-history":[{"count":0,"href":"https:\/\/www.europesays.com\/fr\/wp-json\/wp\/v2\/posts\/327974\/revisions"}],"wp:featuredmedia":[{"embeddable":true,"href":"https:\/\/www.europesays.com\/fr\/wp-json\/wp\/v2\/media\/327975"}],"wp:attachment":[{"href":"https:\/\/www.europesays.com\/fr\/wp-json\/wp\/v2\/media?parent=327974"}],"wp:term":[{"taxonomy":"category","embeddable":true,"href":"https:\/\/www.europesays.com\/fr\/wp-json\/wp\/v2\/categories?post=327974"},{"taxonomy":"post_tag","embeddable":true,"href":"https:\/\/www.europesays.com\/fr\/wp-json\/wp\/v2\/tags?post=327974"}],"curies":[{"name":"wp","href":"https:\/\/api.w.org\/{rel}","templated":true}]}}