{"id":327976,"date":"2025-08-18T21:59:20","date_gmt":"2025-08-18T21:59:20","guid":{"rendered":"https:\/\/www.europesays.com\/fr\/327976\/"},"modified":"2025-08-18T21:59:20","modified_gmt":"2025-08-18T21:59:20","slug":"f1-red-bull-tient-le-nouveau-verstappen-il-dit-stop","status":"publish","type":"post","link":"https:\/\/www.europesays.com\/fr\/327976\/","title":{"rendered":"F1 : Red Bull tient le \u00abnouveau Verstappen\u00bb, il dit stop !"},"content":{"rendered":"<p>                    Benjamin Labrousse<br \/>\n                        &#8211;<\/p>\n<p>R\u00e9dacteur<\/p>\n<p>Malgr\u00e9 un double cursus Espagnol\/Communication, j\u2019ai d\u00e9cid\u00e9 de prendre en main mes r\u00eaves en me dirigeant vers le journalisme. Dipl\u00f4m\u00e9 d\u2019un master en journalisme de sport, je couvre l\u2019actualit\u00e9 sportive et footballistique avec toujours autant d\u2019admiration pour les p\u00e9riode de mercato, o\u00f9 un club se doit de faire des choix cruciaux pour la saison prochaine.<\/p>\n<p class=\"heading\">A seulement 18 ans, le Britanico-Su\u00e9dois Arvid Lindblad est consid\u00e9r\u00e9 comme l\u2019une des plus belles promesses du sport automobile. Le crack n\u00e9 en 2007 est d\u00e9j\u00e0 per\u00e7u comme le prochain Max Verstappen du c\u00f4t\u00e9 de Red Bull. Cependant, ce dernier refuse d\u00e9j\u00e0 cette \u00e9tiquette, et souhaite se construire sa propre histoire en Formule 1.<\/p>\n<p>Il est l\u2019une des plus belles promesses du circuit. \u00c2g\u00e9 de 18 ans, <strong>Arvid Lindblad<\/strong> fait partie des plus grands talents de Formule 2, lui qui pilote pour l\u2019\u00e9curie Campos Racing, filiale du groupe <strong>Red Bull<\/strong>. Au sein de l\u2019\u00e9curie autrichienne, on n\u2019h\u00e9site pas \u00e0 qualifier le jeune Britannique (qui dispose \u00e9galement de la nationalit\u00e9 su\u00e9doise), comme le nouveau <a href=\"https:\/\/le10sport.com\/formule1\/f1-verstappen-la-punchline-de-red-bull-754556\" rel=\"nofollow noopener\" target=\"_blank\"><strong>Max Verstappen<\/strong><\/a>.<\/p>\n<p>                                            \u00ab\u00a0Je veux \u00eatre le premier Arvid Lindblad, pas le prochain Max Verstappen\u00a0\u00bb<\/p>\n<p>\u00ab\u00a0C\u2019est \u00e9videmment tr\u00e8s cool d\u2019\u00eatre associ\u00e9 \u00e0 un quadruple champion du monde. Mais d\u2019un autre c\u00f4t\u00e9, je veux \u00eatre le premier Arvid Lindblad, pas le prochain Max Verstappen. Je suis arriv\u00e9 \u00e0 un point o\u00f9 je ne pense plus idol\u00e2trer aucun des pilotes de Formule 1, mais j\u2019ai simplement un tr\u00e8s grand respect pour eux tous. Le niveau auquel ils \u00e9voluent est extr\u00eamement impressionnant, et je les respecte tous \u00e9norm\u00e9ment\u00a0\u00bb, a quant \u00e0 lui r\u00e9agi <strong>Arvid Lindblad<\/strong> dans des propos relay\u00e9s par Next-Gen Auto.<\/p>\n<p>                                            \u00ab\u00a0Il est g\u00e9nial\u00a0\u00bb<\/p>\n<p>Pour <strong>Max Verstappen<\/strong>, <strong>Lindblad <\/strong>est effectivement tr\u00e8s prometteur\u00a0: \u00ab\u00a0Il a couru pour l\u2019\u00e9quipe de karting de mon meilleur ami, donc j\u2019avais d\u00e9j\u00e0 quelques informations sur lui, et il est g\u00e9nial. Il est tr\u00e8s rapide, et il doit simplement y aller \u00e9tape par \u00e9tape. Je pense que la fa\u00e7on dont Red Bull le pr\u00e9pare est bonne. Il doit simplement faire son travail. \u00c9tiquet\u00e9 comme le prochain Max, il doit simplement rester lui-m\u00eame. C\u2019est ce sur quoi il doit se concentrer. Je pense que c\u2019est aussi ce qu\u2019il sait faire. Il est entour\u00e9 de personnes comp\u00e9tentes qui sont comme des mentors pour lui. Donc, oui, \u00e9tape par \u00e9tape. Je suis heureux pour lui. Il se d\u00e9brouille bien. Voyons ce qui se passera lorsqu\u2019il pourra enfin entrer en F1\u00a0\u00bb, affirme le quadruple champion du monde.<\/p>\n","protected":false},"excerpt":{"rendered":"Benjamin Labrousse &#8211; R\u00e9dacteur Malgr\u00e9 un double cursus Espagnol\/Communication, j\u2019ai d\u00e9cid\u00e9 de prendre en main mes r\u00eaves en&hellip;\n","protected":false},"author":2,"featured_media":327977,"comment_status":"","ping_status":"","sticky":false,"template":"","format":"standard","meta":{"footnotes":""},"categories":[1412],"tags":[1451,1452,1453,1454,1455,1011,27,60],"class_list":{"0":"post-327976","1":"post","2":"type-post","3":"status-publish","4":"format-standard","5":"has-post-thumbnail","7":"category-f1","8":"tag-f1","9":"tag-formula-1","10":"tag-formula1","11":"tag-formule-1","12":"tag-formule1","13":"tag-fr","14":"tag-france","15":"tag-sports"},"share_on_mastodon":{"url":"https:\/\/pubeurope.com\/@fr\/115052017309462467","error":""},"_links":{"self":[{"href":"https:\/\/www.europesays.com\/fr\/wp-json\/wp\/v2\/posts\/327976","targetHints":{"allow":["GET"]}}],"collection":[{"href":"https:\/\/www.europesays.com\/fr\/wp-json\/wp\/v2\/posts"}],"about":[{"href":"https:\/\/www.europesays.com\/fr\/wp-json\/wp\/v2\/types\/post"}],"author":[{"embeddable":true,"href":"https:\/\/www.europesays.com\/fr\/wp-json\/wp\/v2\/users\/2"}],"replies":[{"embeddable":true,"href":"https:\/\/www.europesays.com\/fr\/wp-json\/wp\/v2\/comments?post=327976"}],"version-history":[{"count":0,"href":"https:\/\/www.europesays.com\/fr\/wp-json\/wp\/v2\/posts\/327976\/revisions"}],"wp:featuredmedia":[{"embeddable":true,"href":"https:\/\/www.europesays.com\/fr\/wp-json\/wp\/v2\/media\/327977"}],"wp:attachment":[{"href":"https:\/\/www.europesays.com\/fr\/wp-json\/wp\/v2\/media?parent=327976"}],"wp:term":[{"taxonomy":"category","embeddable":true,"href":"https:\/\/www.europesays.com\/fr\/wp-json\/wp\/v2\/categories?post=327976"},{"taxonomy":"post_tag","embeddable":true,"href":"https:\/\/www.europesays.com\/fr\/wp-json\/wp\/v2\/tags?post=327976"}],"curies":[{"name":"wp","href":"https:\/\/api.w.org\/{rel}","templated":true}]}}