{"id":327978,"date":"2025-08-18T22:00:14","date_gmt":"2025-08-18T22:00:14","guid":{"rendered":"https:\/\/www.europesays.com\/fr\/327978\/"},"modified":"2025-08-18T22:00:14","modified_gmt":"2025-08-18T22:00:14","slug":"peu-importe-ce-qui-arrive-demain-on-va-arriver-en-jaune-a-saint-laurent","status":"publish","type":"post","link":"https:\/\/www.europesays.com\/fr\/327978\/","title":{"rendered":"Peu importe ce qui arrive, demain on va arriver en jaune \u00e0 Saint-Laurent"},"content":{"rendered":"<p>Apr\u00e8s avoir franchi la ligne d&rsquo;arriv\u00e9e, le soci\u00e9taire du V\u00e9lo Club du Maroni \u00e9tait en larmes. S&rsquo;il n&rsquo;a pas remport\u00e9 cette troisi\u00e8me \u00e9tape du Tour de Guyane 2025, Benjmain Bousquet en repart avec, sur les \u00e9paules, le maillot jaune. Un symbole alors que demain, mardi, l&rsquo;arriv\u00e9e se fera dans son fief, \u00e0 Saint-Laurent du Maroni.<\/p>\n<p>D\u00e8s le d\u00e9part de cette troisi\u00e8me \u00e9tape, les attaques fusent \u00e0 Matoury. Le peloton se dirige vers la RD5 et Montsin\u00e9ry-Tonnegrande, mais aucune tentative de sortie ne parvient \u00e0 s\u2019imposer: le peloton est verrouill\u00e9.<\/p>\n<p>Au 40 \u00e8me kilom\u00e8tre, une dizaine de coureurs s\u2019\u00e9chappe. Profitant du relief accident\u00e9 et d\u2019un parcours sinueux, les coureurs creusent rapidement un \u00e9cart de deux minutes. Parmi eux: le Saint-Laurentin Benjamin Bousquet et le jeune Caymmi Serrano Ursule du V\u00e9lo Club Guyanais.<\/p>\n<p>Le groupe de t\u00eate est relev\u00e9 : Charlie Lacaille pour l\u2019Angleterre, qui terminera deuxi\u00e8me de l\u2019\u00e9tape, Max Grabosch pour l\u2019Allemagne, le Qu\u00e9b\u00e9cois L\u00e9o Roy, futur vainqueur du jour, son co\u00e9quipier F\u00e9lix Drouin, ou encore Benjamin Le Ny (Guadeloupe) et Nathan Molle (Team Bornheures). Chacun a ses objectifs, mais la coop\u00e9ration fonctionne. Peu d\u2019entre eux repr\u00e9sentent un danger au classement g\u00e9n\u00e9ral, Bousque endosse donc le r\u00f4le de maillot jaune virtuel.<\/p>\n<p>Parmi les initiatives fortes de la journ\u00e9e : celle prise par une vingtaine de coureurs dans le bourg de Tonate. Mais ils seront rapidement repris. Va ensuite partir une \u00e9chapp\u00e9e d\u2019une dizaine de coureurs \u00e0 l\u2019initiative des Allemands, et notamment d\u2019Albrecht Drewese qui lance la contre-attaque. Pourtant, ils ne vont jamais r\u00e9ussir \u00e0 rentrer sur les dix for\u00e7ats du groupe de t\u00eate. Mais l&rsquo;\u00e9cart sera r\u00e9duit.<\/p>\n<p>                                    <img class=\"a-article__image lazy libre\" width=\"800\" height=\"450\" data-src=\"https:\/\/www.europesays.com\/fr\/wp-content\/uploads\/2025\/08\/whatsapp-image-2025-08-18-at-12-49-39-68a34cec8342d025938698.jpg\" style=\"--img-placeholder: url('\/assets\/img\/placeholders\/article-800-450.svg');\" alt=\"le Canadien L\u00e9o Roy, remporte la troisi\u00e8me \u00e9tape, suivi par le Britannique Charlie Lacaille\" aria-hidden=\"true\"\/><\/p>\n<p>                Le Canadien L\u00e9o Roy, remporte la troisi\u00e8me \u00e9tape, suivi par le Britannique Charlie Lacaille<br \/>\n                     \u2022<br \/>\n                            \u00a9Phil Labont\u00e9<\/p>\n<p>Sur la route nationale 1, l\u2019\u00e9cart s&rsquo;\u00e9l\u00e8ve \u00e0 3&rsquo;50 entre le peloton et la t\u00eate de course.\u00a0\u00a0<\/p>\n<p>\u00c0 Sinnamary, la victoire se joue au sprint. Le Canadien L\u00e9o Roy domine le Britannique Charlie Lacaille. Nathan Molle prend la troisi\u00e8me place, suivi de F\u00e9lix Drouin.<\/p>\n<blockquote class=\"ftvi_content_quote\">\n<p class=\"ftvi_citation_quote\">Le maillot jaune va sans doute changer d&rsquo;\u00e9paules, il change tout le temps&#8230; Mais on l&rsquo;aura eu!<\/p>\n<p>Benjamin Bousquet, du V\u00e9lo club du Maroni<\/p>\n<\/blockquote>\n<p>Neuvi\u00e8me de l\u2019\u00e9tape, Benjamin Bousquet (VC du Maroni) s\u2019empare du maillot jaune. Submerg\u00e9 par l\u2019\u00e9motion, il laisse couler quelques larmes \u00e0 l\u2019arriv\u00e9e. \u00ab\u00a0Je n&rsquo;ai pas beaucoup de mots&#8230; Je pense \u00e0 demain d\u00e9j\u00e0. On arrive \u00e0 Saint-Laurent. Peu importe ce qui arrive, on va arriver en jaune. On avait dit qu&rsquo;aujourd&rsquo;hui, on allait faire sauter la banque et on l&rsquo;a fait. Je tiens \u00e0 remercier tout le monde. Ma victoire, c&rsquo;est rien&#8230; C&rsquo;est la victoire de Saint-Laurent, du club ! \u00ab\u00a0<\/p>\n<p>Pour prendre part \u00e0 ce Tour de Guyane, Benjamin Bousquet avait b\u00e9n\u00e9fici\u00e9 d&rsquo;une cagnotte lanc\u00e9 par son club afin de lui acheter un nouveau v\u00e9lo. Termin\u00e9e le 1er ao\u00fbt, elle avait permis de r\u00e9colter 2 682 euros gr\u00e2ce \u00e0 47 participants.<\/p>\n<p>                                    <img class=\"a-article__image lazy libre\" width=\"800\" height=\"450\" data-src=\"https:\/\/www.europesays.com\/fr\/wp-content\/uploads\/2025\/08\/whatsapp-image-2025-08-18-at-14-03-45-68a37b2883aff583972003.jpg\" style=\"--img-placeholder: url('\/assets\/img\/placeholders\/article-800-450.svg');\" alt=\"Le podium \u00e0 Sinnamary\" aria-hidden=\"true\"\/><\/p>\n<p>                Le podium \u00e0 Sinnamary<br \/>\n                     \u2022<br \/>\n                            \u00a9Jean-Gilles Assard<\/p>\n","protected":false},"excerpt":{"rendered":"Apr\u00e8s avoir franchi la ligne d&rsquo;arriv\u00e9e, le soci\u00e9taire du V\u00e9lo Club du Maroni \u00e9tait en larmes. S&rsquo;il n&rsquo;a&hellip;\n","protected":false},"author":2,"featured_media":327979,"comment_status":"","ping_status":"","sticky":false,"template":"","format":"standard","meta":{"footnotes":""},"categories":[1411],"tags":[1154,207,1011,27,60],"class_list":{"0":"post-327978","1":"post","2":"type-post","3":"status-publish","4":"format-standard","5":"has-post-thumbnail","7":"category-cyclisme","8":"tag-cycling","9":"tag-cyclisme","10":"tag-fr","11":"tag-france","12":"tag-sports"},"share_on_mastodon":{"url":"https:\/\/pubeurope.com\/@fr\/115052021314191213","error":""},"_links":{"self":[{"href":"https:\/\/www.europesays.com\/fr\/wp-json\/wp\/v2\/posts\/327978","targetHints":{"allow":["GET"]}}],"collection":[{"href":"https:\/\/www.europesays.com\/fr\/wp-json\/wp\/v2\/posts"}],"about":[{"href":"https:\/\/www.europesays.com\/fr\/wp-json\/wp\/v2\/types\/post"}],"author":[{"embeddable":true,"href":"https:\/\/www.europesays.com\/fr\/wp-json\/wp\/v2\/users\/2"}],"replies":[{"embeddable":true,"href":"https:\/\/www.europesays.com\/fr\/wp-json\/wp\/v2\/comments?post=327978"}],"version-history":[{"count":0,"href":"https:\/\/www.europesays.com\/fr\/wp-json\/wp\/v2\/posts\/327978\/revisions"}],"wp:featuredmedia":[{"embeddable":true,"href":"https:\/\/www.europesays.com\/fr\/wp-json\/wp\/v2\/media\/327979"}],"wp:attachment":[{"href":"https:\/\/www.europesays.com\/fr\/wp-json\/wp\/v2\/media?parent=327978"}],"wp:term":[{"taxonomy":"category","embeddable":true,"href":"https:\/\/www.europesays.com\/fr\/wp-json\/wp\/v2\/categories?post=327978"},{"taxonomy":"post_tag","embeddable":true,"href":"https:\/\/www.europesays.com\/fr\/wp-json\/wp\/v2\/tags?post=327978"}],"curies":[{"name":"wp","href":"https:\/\/api.w.org\/{rel}","templated":true}]}}