{"id":327980,"date":"2025-08-18T22:01:10","date_gmt":"2025-08-18T22:01:10","guid":{"rendered":"https:\/\/www.europesays.com\/fr\/327980\/"},"modified":"2025-08-18T22:01:10","modified_gmt":"2025-08-18T22:01:10","slug":"officiel-dominik-greif-nouveau-gardien-de-lol","status":"publish","type":"post","link":"https:\/\/www.europesays.com\/fr\/327980\/","title":{"rendered":"Officiel : Dominik Greif nouveau gardien de l&rsquo;OL"},"content":{"rendered":"<p><strong>L\u2019Olympique Lyonnais vient d\u2019officialiser la venue de Dominik Greif en provenance du RCD Majorque. Il arrive \u00e0 l\u2019OL afin de succ\u00e9der \u00e0 notre gardien br\u00e9silien, Lucas Perri transf\u00e9r\u00e9 \u00e0 Leeds United cet \u00e9t\u00e9.\u00a0<\/strong><\/p>\n<p>\u00a0<\/p>\n<p>L\u2019OL recrute un nouveau portier et il s\u2019agit de <strong>Dominik Greif<\/strong>. International slovaque de 28 ans, il a sign\u00e9 pour 4 saisons, jusqu\u2019au 30 juin 2029. Le transfert s\u2019\u00e9l\u00e8ve \u00e0 <strong>4M\u20ac<\/strong>, auxquels pourront s\u2019ajouter <strong>1,25M\u20ac de bonus<\/strong> ainsi qu\u2019un int\u00e9ressement de <strong>15 %<\/strong> sur une \u00e9ventuelle plus-value future.<\/p>\n<p>\u00ab\u00a0Form\u00e9 dans sa ville natale au Slovan Bratislava, Dominik Greif d\u00e9bute sa carri\u00e8re professionnelle en 2015\/2016 et s\u2019impose rapidement comme l\u2019un des joueurs cl\u00e9s du club le plus titr\u00e9 de Slovaquie. En six saisons, il dispute 132 matches et remporte 3 championnats, 4 coupes nationales et 2 troph\u00e9es de meilleur gardien. Gardien imposant d\u20191,97 m, Dominik Greif rejoint aujourd\u2019hui l\u2019Olympique Lyonnais, dans la lign\u00e9e de son compatriote J\u00e1n Popluh\u00e1r, l\u00e9gende du football slovaque pass\u00e9 par le Slovan Bratislava et l\u2019OL entre 1968 et 1970\u00a0\u00bb.<\/p>\n<p>Peut-on lire sur le communiqu\u00e9 officiel. Greif pourrait m\u00eame \u00eatre apte pour d\u00e9buter son aventure avec sa nouvelle \u00e9quipe d\u00e8s samedi soir \u00e0 21 heures pour la r\u00e9ception du FC Metz\u2026<\/p>\n<blockquote class=\"twitter-tweet\">\n<p dir=\"ltr\" lang=\"fr\">Dominik Greif \ud83c\uddf8\ud83c\uddf0 signe \u00e0 l\u2019OL jusqu\u2019en juin 2029 et il devient le deuxi\u00e8me joueur slovaque de l\u2019histoire du club !! <a href=\"https:\/\/twitter.com\/hashtag\/Greif?src=hash&amp;ref_src=twsrc%5Etfw\" rel=\"nofollow noopener\" target=\"_blank\">#Greif<\/a> <a href=\"https:\/\/t.co\/sfCfDm5rTI\" rel=\"nofollow\">https:\/\/t.co\/sfCfDm5rTI<\/a><\/p>\n<p>\u2014 Ferveur Lyonnaise (@FerveurL) <a href=\"https:\/\/twitter.com\/FerveurL\/status\/1957523013076939082?ref_src=twsrc%5Etfw\" rel=\"nofollow noopener\" target=\"_blank\">August 18, 2025<\/a><\/p>\n<\/blockquote>\n<p><script async src=\"https:\/\/platform.twitter.com\/widgets.js\" charset=\"utf-8\"><\/script><\/p>\n","protected":false},"excerpt":{"rendered":"L\u2019Olympique Lyonnais vient d\u2019officialiser la venue de Dominik Greif en provenance du RCD Majorque. Il arrive \u00e0 l\u2019OL&hellip;\n","protected":false},"author":2,"featured_media":327981,"comment_status":"","ping_status":"","sticky":false,"template":"","format":"standard","meta":{"footnotes":""},"categories":[1410],"tags":[63,1011,27,60],"class_list":{"0":"post-327980","1":"post","2":"type-post","3":"status-publish","4":"format-standard","5":"has-post-thumbnail","7":"category-football","8":"tag-football","9":"tag-fr","10":"tag-france","11":"tag-sports"},"share_on_mastodon":{"url":"https:\/\/pubeurope.com\/@fr\/115052025265733768","error":""},"_links":{"self":[{"href":"https:\/\/www.europesays.com\/fr\/wp-json\/wp\/v2\/posts\/327980","targetHints":{"allow":["GET"]}}],"collection":[{"href":"https:\/\/www.europesays.com\/fr\/wp-json\/wp\/v2\/posts"}],"about":[{"href":"https:\/\/www.europesays.com\/fr\/wp-json\/wp\/v2\/types\/post"}],"author":[{"embeddable":true,"href":"https:\/\/www.europesays.com\/fr\/wp-json\/wp\/v2\/users\/2"}],"replies":[{"embeddable":true,"href":"https:\/\/www.europesays.com\/fr\/wp-json\/wp\/v2\/comments?post=327980"}],"version-history":[{"count":0,"href":"https:\/\/www.europesays.com\/fr\/wp-json\/wp\/v2\/posts\/327980\/revisions"}],"wp:featuredmedia":[{"embeddable":true,"href":"https:\/\/www.europesays.com\/fr\/wp-json\/wp\/v2\/media\/327981"}],"wp:attachment":[{"href":"https:\/\/www.europesays.com\/fr\/wp-json\/wp\/v2\/media?parent=327980"}],"wp:term":[{"taxonomy":"category","embeddable":true,"href":"https:\/\/www.europesays.com\/fr\/wp-json\/wp\/v2\/categories?post=327980"},{"taxonomy":"post_tag","embeddable":true,"href":"https:\/\/www.europesays.com\/fr\/wp-json\/wp\/v2\/tags?post=327980"}],"curies":[{"name":"wp","href":"https:\/\/api.w.org\/{rel}","templated":true}]}}