{"id":327984,"date":"2025-08-18T22:03:38","date_gmt":"2025-08-18T22:03:38","guid":{"rendered":"https:\/\/www.europesays.com\/fr\/327984\/"},"modified":"2025-08-18T22:03:38","modified_gmt":"2025-08-18T22:03:38","slug":"un-dimanche-colore-avec-les-peintres-dans-la-rue","status":"publish","type":"post","link":"https:\/\/www.europesays.com\/fr\/327984\/","title":{"rendered":"Un dimanche color\u00e9 avec \u201cLes Peintres dans la rue\u201d"},"content":{"rendered":"<p>                                        <a data-no-instant=\"1\" href=\"https:\/\/www.caphartsnaum.fr\/\" rel=\"noopener sponsored nofollow\" class=\"a2t-link\" target=\"_blank\" aria-label=\"CHI070462_43349_JHM1_ANIM_CAPHARTSNAUM_2025_(1)\"><img loading=\"lazy\" decoding=\"async\" src=\"https:\/\/www.europesays.com\/fr\/wp-content\/uploads\/2025\/08\/CHI070462_43349_JHM1_ANIM_CAPHARTSNAUM_2025_1.gif\" alt=\"\" width=\"1800\" height=\"180\"\/><\/a>                                    <\/p>\n<p><strong>\u201cLes Peintres dans la rue\u201d ont investi le square Henryot, dimanche 17 ao\u00fbt et, pr\u00e8s d\u2019une trentaine de peintres ou sculpteurs ont ainsi pu laisser libre cours \u00e0 leur inspiration devant un public toujours plus nombreux.<\/strong><\/p>\n<p>D\u00e8s 9 h, les stands et chevalets \u00e9taient d\u00e9j\u00e0 en place sur le square Henryot. Chacun des 27 artistes ayant fait le d\u00e9placement \u00e0 Langres, a ainsi pu se placer \u00e0 l\u2019ombre des arbres afin d\u2019installer tout leur mat\u00e9riel et chercher l\u2019inspiration. Et le cadre magnifique de ce square n\u2019a pas manqu\u00e9 de s\u00e9duire les peintres ou sculpteurs qui ont d\u00e9cid\u00e9 de r\u00e9pondre \u00e0 l\u2019invitation de La Palette du Fayl, association qui organise \u201cLes Peintres dans la rue\u201d. <\/p>\n<p><img loading=\"lazy\" decoding=\"async\" width=\"1024\" height=\"768\" src=\"https:\/\/www.europesays.com\/fr\/wp-content\/uploads\/2025\/08\/914057.HR_-1024x768.jpg\" alt=\"\" class=\"wp-image-5456685\"  \/>Chaque artiste a pu trouver sa place sur le square Henryot pour laisser libre cours \u00e0 son inspiration.<\/p>\n<p>Une fois bien en place, les artistes ont pu laisser libre cours \u00e0 leur inspiration du moment puisque, comme l\u2019a rappel\u00e9 Paul Peigney, pr\u00e9sident de La Palette du Fayl, plus aucun th\u00e8me n\u2019est impos\u00e9 pour cette journ\u00e9e annuelle, d\u00e9di\u00e9e \u00e0 l\u2019Art et toujours tr\u00e8s pris\u00e9e. <\/p>\n<p>L\u2019art en toute libert\u00e9<\/p>\n<p>\u00ab\u00a0Il n\u2019y a plus de th\u00e8me ni concours car il n\u2019est pas toujours ais\u00e9 de trouver un jury impartial. Et puis cela laisse la place \u00e0 la convivialit\u00e9. Le public peut venir voir les artistes en pleine cr\u00e9ation et \u00e9changer avec eux sur leur art, voire leur acheter des tableaux. D\u2019ailleurs pas mal de toiles se sont vendues, ainsi tout le monde peut \u00eatre content de cette journ\u00e9e\u00a0\u00bb, se r\u00e9jouit Paul Peigney. Et, \u00e0 en juger par l\u2019affluence, la formule fonctionne tr\u00e8s bien. <\/p>\n<p><img loading=\"lazy\" decoding=\"async\" width=\"1024\" height=\"768\" src=\"https:\/\/www.europesays.com\/fr\/wp-content\/uploads\/2025\/08\/914059.HR_-1024x768.jpg\" alt=\"\" class=\"wp-image-5456691\"  \/>Sycha a r\u00e9alis\u00e9 une sculpture sous les yeux des visiteurs.<\/p>\n<p>Toute la journ\u00e9e, les visiteurs sont venus fl\u00e2ner sur le square Henryot admirer les \u0153uvres de ces artistes. Habitu\u00e9 de l\u2019\u00e9v\u00e9nement, G\u00e9rard Romero et sa peinture au caf\u00e9 n\u2019ont pas manqu\u00e9 d\u2019attirer la curiosit\u00e9 tout comme Sycha, sculptrice langroise. Chacun a pu donc prendre le temps de cette belle journ\u00e9e d\u2019\u00e9t\u00e9 d\u00e9di\u00e9e \u00e0 l\u2019Art et m\u00eame se faire croquer le portrait, histoire de conserver un petit souvenir.<\/p>\n<p><img loading=\"lazy\" decoding=\"async\" width=\"1024\" height=\"768\" src=\"https:\/\/www.europesays.com\/fr\/wp-content\/uploads\/2025\/08\/914061.HR_-1024x768.jpg\" alt=\"\" class=\"wp-image-5456688\"  \/>Il \u00e9tait possible de se faire croquer le portait au cours de cette journ\u00e9e des peintres dans la rue.                            <\/p>\n","protected":false},"excerpt":{"rendered":"\u201cLes Peintres dans la rue\u201d ont investi le square Henryot, dimanche 17 ao\u00fbt et, pr\u00e8s d\u2019une trentaine de&hellip;\n","protected":false},"author":2,"featured_media":327985,"comment_status":"","ping_status":"","sticky":false,"template":"","format":"standard","meta":{"footnotes":""},"categories":[1358],"tags":[1348,1384,1385,1386,58,59,1011,27],"class_list":{"0":"post-327984","1":"post","2":"type-post","3":"status-publish","4":"format-standard","5":"has-post-thumbnail","7":"category-arts-et-design","8":"tag-arts","9":"tag-arts-and-design","10":"tag-arts-et-design","11":"tag-design","12":"tag-divertissement","13":"tag-entertainment","14":"tag-fr","15":"tag-france"},"share_on_mastodon":{"url":"https:\/\/pubeurope.com\/@fr\/115052033356909451","error":""},"_links":{"self":[{"href":"https:\/\/www.europesays.com\/fr\/wp-json\/wp\/v2\/posts\/327984","targetHints":{"allow":["GET"]}}],"collection":[{"href":"https:\/\/www.europesays.com\/fr\/wp-json\/wp\/v2\/posts"}],"about":[{"href":"https:\/\/www.europesays.com\/fr\/wp-json\/wp\/v2\/types\/post"}],"author":[{"embeddable":true,"href":"https:\/\/www.europesays.com\/fr\/wp-json\/wp\/v2\/users\/2"}],"replies":[{"embeddable":true,"href":"https:\/\/www.europesays.com\/fr\/wp-json\/wp\/v2\/comments?post=327984"}],"version-history":[{"count":0,"href":"https:\/\/www.europesays.com\/fr\/wp-json\/wp\/v2\/posts\/327984\/revisions"}],"wp:featuredmedia":[{"embeddable":true,"href":"https:\/\/www.europesays.com\/fr\/wp-json\/wp\/v2\/media\/327985"}],"wp:attachment":[{"href":"https:\/\/www.europesays.com\/fr\/wp-json\/wp\/v2\/media?parent=327984"}],"wp:term":[{"taxonomy":"category","embeddable":true,"href":"https:\/\/www.europesays.com\/fr\/wp-json\/wp\/v2\/categories?post=327984"},{"taxonomy":"post_tag","embeddable":true,"href":"https:\/\/www.europesays.com\/fr\/wp-json\/wp\/v2\/tags?post=327984"}],"curies":[{"name":"wp","href":"https:\/\/api.w.org\/{rel}","templated":true}]}}