{"id":327988,"date":"2025-08-18T22:05:12","date_gmt":"2025-08-18T22:05:12","guid":{"rendered":"https:\/\/www.europesays.com\/fr\/327988\/"},"modified":"2025-08-18T22:05:12","modified_gmt":"2025-08-18T22:05:12","slug":"avant-premiere-demain-nous-appartient-du-20-aout-2025-episode-2013-tf1-fr","status":"publish","type":"post","link":"https:\/\/www.europesays.com\/fr\/327988\/","title":{"rendered":"Avant-premi\u00e8re &#8211; Demain nous appartient du 20 ao\u00fbt 2025 &#8211; Episode 2013 &#8211; TF1.fr"},"content":{"rendered":"<ol>\n<li><a href=\"https:\/\/news.google.com\/rss\/articles\/CBMizgFBVV95cUxNNU5nb3BhZ0l3Ti1CdWkwQU9zZFV2bDZUY1cwQmJKbmN6SEd1eFFnTWhSblNDZl96OEZHWlNqazlvMGxvdWlXdnlsbUt3R05QRF9qd202dWk3UFlZM29aSGQ1cHBZTkpwZTJTVVZjZXBtVEs2dmI0akxqMXEwRGtvQ0JvcFRWNVRfTlBpU2JJR1VfanZxaHV0SFE1SjhmZW51Mk9pX1EyalhBNG9CZl9MbXpfSlZsR1AybDZLUWJ2YWtqVE5VNVlHeXhqVWU0QQ?oc=5\" target=\"_blank\" rel=\"noopener\">Avant-premi\u00e8re &#8211; Demain nous appartient du 20 ao\u00fbt 2025 &#8211; Episode 2013<\/a>&nbsp;&nbsp;TF1.fr<\/li>\n<li><a href=\"https:\/\/news.google.com\/rss\/articles\/CBMikAJBVV95cUxQdnlpQWt0aDd0a3h2bUthX3NNQ1RKUmpLSmJjeTI4VUJrT0IxSW9Xemw4U0oxTW13LXppZm0wVkdBMVlJeWMzRGRSV0dfRkdxU0FkXzJ4ZUMtR291bHVWLTdEUDFNc1F1TDZ2aHFxNzdJbXl4RG9pMHRSNzVES2c0c0p1YnB0cEp6S2Rld1RacmJLSUhFM1JSNy1PVU1DeEZiOFdTQXlkM25Fb1c0SnR6dnAyUGV3WGlveHo3UmJHQ0hMYlVoU0YwNWxkcy10NXhlZWgyYTZZb0NjSWpEU3FwdTVsVkxrVTBPYjdKSHZyWTNJNjJxQ1RWS0twTl9RM0JUM2JpaTNsYjlJSWJaeXpJUw?oc=5\" target=\"_blank\" rel=\"noopener\">Demain nous appartient : Fred pris en otage ! Que va-t-il se passer dans les \u00e9pisodes de cette semaine sur TF1 ?<\/a>&nbsp;&nbsp;T\u00e9l\u00e9 7 Jours<\/li>\n<li><a href=\"https:\/\/news.google.com\/rss\/articles\/CBMi3gJBVV95cUxQODBINjFEdmFHYmFxWDdjNFpJUlg5U1J4ZDgwRTlZNkcwZWpzZkxPcmsxUTRsNEdtZXJwbFdvRXF0Q3FhMWp5ZllqekVkMFlkSzMzZXJmNEdHYkZJTG52Y0NuX09qajhONUtUcVJPTks4bG9ZRzFCOWlqZDR3NG4tTHFqY1FqRzZwX25aaWs3RDFsNG5BSnNGbmEzaDQ4azhDV1ltXzhDY0loZmZmRGpNNG9hLW92cVJ5S0xDLW9NTnRKZGxGTEtMUkIwVzllbld2bkNVUnJLUnYxUWFjUnIycEN4d3hNS1VweUNya0h0N181aTNPUkk3VWJsTm5LTDQzV3FWT256MEpRZTRGS01CWDFKaFRWc3FQTHZkbk9jNzdXb2FuNE1GLUxqdzlTMWNmREpFVDB4TUJsbnFuQWVuUjdpYWFWSzMyMXBDLVRpckY5M092T2FRV1FhT2tnQQ?oc=5\" target=\"_blank\" rel=\"noopener\">Demain nous appartient en avance : Aaron dit adieu \u00e0 Simon, Joyce sauv\u00e9e par Aurore et Sara, la guerre est d\u00e9clar\u00e9e entre Marianne et Rapha\u00eblle ! Le r\u00e9sum\u00e9 de l&rsquo;\u00e9pisode 2012 du mardi 19 ao\u00fbt 2025<\/a>&nbsp;&nbsp;programme-tv.net<\/li>\n<li><a href=\"https:\/\/news.google.com\/rss\/articles\/CBMi_wFBVV95cUxOQktlRnhNS0NFUjNfNTczay1xN1dRNW5uTG0wbEJHOThTWFctMkJjNmZPcFpPTE5wLVNBWTRoaUxjOTVJOTFHVG1ZeXdaV2ZjSVBrdl83SnpIOEdPWWw2SUN3Qy1ZQVprd0ZjaVZNdzk3VHVtYV8yRUtZb25yaVVaZm5UTm5DMmZiclE0UE1jMnpnVWpkb2xjRVVBY0tvVEtUenRRMEZ5c2JBcFg4RElEMVI4bXFqNkp6WEliWThadEtCRk0xc3BFamJ3dG1Cd3Y0MG05REpDOXpwQ3YwbG83UWx4SmJxQ2V4bHh2TjhiMzFwRDFOLUxSMmthU1MwUGc?oc=5\" target=\"_blank\" rel=\"noopener\">Joyce avoue sa haine contre Ludo : Arthur, son cousin, an\u00e9anti &#8211; Demain nous appartient 22 ao\u00fbt 2025 (\u00e9pisode 2015 &#8211; r\u00e9sum\u00e9 complet DNA)<\/a>&nbsp;&nbsp;Nouveaut\u00e9s-T\u00e9l\u00e9.com<\/li>\n<li><a href=\"https:\/\/news.google.com\/rss\/articles\/CBMifkFVX3lxTFBEd3B4SEh1cjBSVHRBWl95akNYWHlqdVNhUWtES2NYblphWTk3NGZvM3VFaDdLTm1KVVhnVkYyTi0tMFhqd1JTeTB4RjI2cERLcmVranF3aUEtV1QtWkZ1d2JOR0QzZUczcUxNbWZtX0VBSGpZSWJ2WG1fNHNIdw?oc=5\" target=\"_blank\" rel=\"noopener\">Demain nous appartient : ce qui vous attend dans l&rsquo;\u00e9pisode 2012 du mardi 19 ao\u00fbt 2025 [SPOILERS]<\/a>&nbsp;&nbsp;AlloCin\u00e9<\/li>\n<\/ol>\n","protected":false},"excerpt":{"rendered":"Avant-premi\u00e8re &#8211; Demain nous appartient du 20 ao\u00fbt 2025 &#8211; Episode 2013&nbsp;&nbsp;TF1.fr Demain nous appartient : Fred pris&hellip;\n","protected":false},"author":2,"featured_media":327989,"comment_status":"","ping_status":"","sticky":false,"template":"","format":"standard","meta":{"footnotes":""},"categories":[1356],"tags":[4090,43004,58,59,1365,4089,43003,41047,1011,27,43001,43011,43015,43002,43012,43016,43008,43007,43013,43014,43009,43010,252,1364,43005,43006],"class_list":{"0":"post-327988","1":"post","2":"type-post","3":"status-publish","4":"format-standard","5":"has-post-thumbnail","7":"category-television","8":"tag-demain-nous-appartient-episode","9":"tag-demain-nous-appartient-episode-tf1","10":"tag-divertissement","11":"tag-entertainment","12":"tag-episode","13":"tag-episode-demain-nous-appartient","14":"tag-episode-demain-nous-appartient-tf1","15":"tag-episode-tf1","16":"tag-fr","17":"tag-france","18":"tag-serie-demain-nous-appartient","19":"tag-serie-demain-nous-appartient-streaming","20":"tag-serie-demain-nous-appartient-streaming-gratuit","21":"tag-serie-demain-nous-appartient-tf1","22":"tag-serie-demain-nous-appartient-tf1-streaming","23":"tag-serie-demain-nous-appartient-tf1-streaming-gratuit","24":"tag-serie-demain-nous-appartient-tf1-video","25":"tag-serie-demain-nous-appartient-video","26":"tag-streaming-gratuit-serie-demain-nous-appartient","27":"tag-streaming-gratuit-serie-demain-nous-appartient-tf1","28":"tag-streaming-serie-demain-nous-appartient","29":"tag-streaming-serie-demain-nous-appartient-tf1","30":"tag-television","31":"tag-tv","32":"tag-video-serie-demain-nous-appartient","33":"tag-video-serie-demain-nous-appartient-tf1"},"share_on_mastodon":{"url":"","error":"Validation failed: Text character limit of 500 exceeded"},"_links":{"self":[{"href":"https:\/\/www.europesays.com\/fr\/wp-json\/wp\/v2\/posts\/327988","targetHints":{"allow":["GET"]}}],"collection":[{"href":"https:\/\/www.europesays.com\/fr\/wp-json\/wp\/v2\/posts"}],"about":[{"href":"https:\/\/www.europesays.com\/fr\/wp-json\/wp\/v2\/types\/post"}],"author":[{"embeddable":true,"href":"https:\/\/www.europesays.com\/fr\/wp-json\/wp\/v2\/users\/2"}],"replies":[{"embeddable":true,"href":"https:\/\/www.europesays.com\/fr\/wp-json\/wp\/v2\/comments?post=327988"}],"version-history":[{"count":0,"href":"https:\/\/www.europesays.com\/fr\/wp-json\/wp\/v2\/posts\/327988\/revisions"}],"wp:featuredmedia":[{"embeddable":true,"href":"https:\/\/www.europesays.com\/fr\/wp-json\/wp\/v2\/media\/327989"}],"wp:attachment":[{"href":"https:\/\/www.europesays.com\/fr\/wp-json\/wp\/v2\/media?parent=327988"}],"wp:term":[{"taxonomy":"category","embeddable":true,"href":"https:\/\/www.europesays.com\/fr\/wp-json\/wp\/v2\/categories?post=327988"},{"taxonomy":"post_tag","embeddable":true,"href":"https:\/\/www.europesays.com\/fr\/wp-json\/wp\/v2\/tags?post=327988"}],"curies":[{"name":"wp","href":"https:\/\/api.w.org\/{rel}","templated":true}]}}