{"id":327990,"date":"2025-08-18T22:06:26","date_gmt":"2025-08-18T22:06:26","guid":{"rendered":"https:\/\/www.europesays.com\/fr\/327990\/"},"modified":"2025-08-18T22:06:26","modified_gmt":"2025-08-18T22:06:26","slug":"dimmu-borgir-clot-le-rock-the-lakes-2025-en-apotheose-avec-un-black-metal-symphonique-monumental","status":"publish","type":"post","link":"https:\/\/www.europesays.com\/fr\/327990\/","title":{"rendered":"Dimmu Borgir cl\u00f4t le Rock The Lakes 2025 en apoth\u00e9ose avec un black metal symphonique monumental"},"content":{"rendered":"<p><strong>Dimanche 17 ao\u00fbt \u00e0 20h50, la nuit s\u2019installe sur Cudrefin lorsque <a href=\"https:\/\/www.metalzone.fr\/dimmu-borgir\/\" rel=\"nofollow noopener\" target=\"_blank\">Dimmu Borgir<\/a> entre en sc\u00e8ne. En t\u00eate d\u2019affiche, les Norv\u00e9giens livrent un concert monumental qui cl\u00f4ture en apoth\u00e9ose une \u00e9dition historique du <a href=\"https:\/\/www.metalzone.fr\/rock-the-lakes\/\" rel=\"nofollow noopener\" target=\"_blank\">Rock The Lakes<\/a>.<\/strong><\/p>\n<p>Dimmu Borgir, un final grandiose<\/p>\n<p>D\u00e8s leur arriv\u00e9e, l\u2019aura des musiciens frappe de plein fouet. Costumes, d\u00e9cors et mise en sc\u00e8ne imposent une atmosph\u00e8re th\u00e9\u00e2trale, parfaite pour porter un <a href=\"https:\/\/www.metalzone.fr\/black-metal\/\" rel=\"nofollow noopener\" target=\"_blank\">black metal<\/a> symphonique aux orchestrations d\u00e9mesur\u00e9es. Riffs ac\u00e9r\u00e9s, batterie extr\u00eame et voix caverneuses composent un tableau sonore d\u2019une intensit\u00e9 rare.<\/p>\n<p><img loading=\"lazy\" decoding=\"async\" src=\"https:\/\/www.europesays.com\/fr\/wp-content\/uploads\/2025\/08\/dimmu_borgir_2025-17.jpg\" alt=\"\" width=\"1920\" height=\"1080\"  \/><br \/>\n\u00a9 AD\/MetalZone<\/p>\n<p><img loading=\"lazy\" decoding=\"async\" src=\"https:\/\/www.europesays.com\/fr\/wp-content\/uploads\/2025\/08\/dimmu_borgir_2025-7.jpg\" alt=\"\" width=\"1920\" height=\"1080\"  \/><br \/>\n\u00a9 AD\/MetalZone<\/p>\n<p>La setlist, m\u00e9lange de toutes les \u00e9poques du groupe, f\u00e9d\u00e8re imm\u00e9diatement. Progenies Of The Great Apocalypse ou Interdimensional Summit\u00a0d\u00e9clenchent une v\u00e9ritable euphorie, chaque morceau ajoutant \u00e0 l\u2019impression de puissance totale. Le public, fatigu\u00e9 par trois jours de chaleur et de concerts, retrouve un regain d\u2019\u00e9nergie et se laisse happer par ce spectacle total.<\/p>\n<p><img loading=\"lazy\" decoding=\"async\" src=\"https:\/\/www.europesays.com\/fr\/wp-content\/uploads\/2025\/08\/dimmu_borgir_2025-3.jpg\" alt=\"\" width=\"1920\" height=\"1080\"  \/><br \/>\n\u00a9 AD\/MetalZone<\/p>\n<p><img loading=\"lazy\" decoding=\"async\" src=\"https:\/\/www.europesays.com\/fr\/wp-content\/uploads\/2025\/08\/dimmu_borgir_2025-12.jpg\" alt=\"\" width=\"1920\" height=\"1080\"  \/><br \/>\n\u00a9 AD\/MetalZone<\/p>\n<p>Dimmu Borgir, qui travaille depuis plusieurs ann\u00e9es sur un nouvel album, rappelle son statut de groupe culte et d\u00e9montre que son m\u00e9lange d\u2019extr\u00eame et de symphonique conserve une force unique sur sc\u00e8ne.<\/p>\n<p><img loading=\"lazy\" decoding=\"async\" src=\"https:\/\/www.europesays.com\/fr\/wp-content\/uploads\/2025\/08\/dimmu_borgir_2025-11.jpg\" alt=\"\" width=\"1920\" height=\"1081\"  \/><br \/>\n\u00a9 AD\/MetalZone<\/p>\n<p><img loading=\"lazy\" decoding=\"async\" src=\"https:\/\/www.europesays.com\/fr\/wp-content\/uploads\/2025\/08\/dimmu_borgir_2025-19.jpg\" alt=\"\" width=\"1920\" height=\"1080\"  \/><br \/>\n\u00a9 AD\/MetalZoneClap de fin sur une \u00e9dition record<\/p>\n<p>Ce concert final s\u2019inscrit dans une \u00e9dition qui a marqu\u00e9 un tournant pour Rock The Lakes. Le communiqu\u00e9 de presse confirme une affluence record de 16 000 festivaliers venus de toute l\u2019Europe, soutenus par 510 b\u00e9n\u00e9voles et un comit\u00e9 de 40 personnes. Les chiffres parlent d\u2019eux-m\u00eames : 22 000 litres de bi\u00e8re, 17 000 litres de boissons sans alcool, et une ambiance rest\u00e9e conviviale malgr\u00e9 une canicule \u00e9prouvante.<\/p>\n<p><img loading=\"lazy\" decoding=\"async\" src=\"https:\/\/www.europesays.com\/fr\/wp-content\/uploads\/2025\/08\/rock_the_lakes_2025_ambiance-2-1.jpg\" alt=\"\" width=\"1920\" height=\"1079\"  \/><br \/>\n\u00a9 AD\/MetalZone<\/p>\n<p>L\u2019organisation avait multipli\u00e9 les am\u00e9nagements \u2014 zones d\u2019ombre, brumisateurs, points d\u2019eau \u2014 tandis que les pompiers, \u00e0 l\u2019aide de lances \u00e0 eau, rafra\u00eechissaient r\u00e9guli\u00e8rement la foule. Aucun incident majeur n\u2019a \u00e9t\u00e9 relev\u00e9, hormis quelques chevilles foul\u00e9es, des piq\u00fbres de gu\u00eapes et une dizaine de coups de chaleur. Un succ\u00e8s collectif, fruit de l\u2019engagement des b\u00e9n\u00e9voles, de la solidarit\u00e9 des festivaliers et du soutien des partenaires, qui inscrit le festival dans une nouvelle dimension.<\/p>\n<p><img loading=\"lazy\" decoding=\"async\" src=\"https:\/\/www.europesays.com\/fr\/wp-content\/uploads\/2025\/08\/rock_the_lakes_2025_ambiance-6.jpg\" alt=\"\" width=\"1600\" height=\"898\"  \/><br \/>\n\u00a9 AD\/MetalZone<\/p>\n<p>Clore une telle \u00e9dition avec Dimmu Borgir, dans toute sa splendeur, restera une image marquante : une ultime mont\u00e9e en puissance qui a confirm\u00e9 Rock The Lakes comme un rendez-vous majeur de la sc\u00e8ne <a href=\"https:\/\/www.metalzone.fr\/heavy-metal\/\" rel=\"nofollow noopener\" target=\"_blank\">metal<\/a> suisse.<\/p>\n<p><img loading=\"lazy\" decoding=\"async\" src=\"https:\/\/www.europesays.com\/fr\/wp-content\/uploads\/2025\/08\/dimmu_borgir_2025-18.jpg\" alt=\"\" width=\"1920\" height=\"1081\"  \/><br \/>\n\u00a9 AD\/MetalZone<\/p>\n<p><img loading=\"lazy\" decoding=\"async\" src=\"https:\/\/www.europesays.com\/fr\/wp-content\/uploads\/2025\/08\/dimmu_borgir_2025-15.jpg\" alt=\"\" width=\"1920\" height=\"1073\"  \/><br \/>\n\u00a9 AD\/MetalZone<\/p>\n","protected":false},"excerpt":{"rendered":"Dimanche 17 ao\u00fbt \u00e0 20h50, la nuit s\u2019installe sur Cudrefin lorsque Dimmu Borgir entre en sc\u00e8ne. En t\u00eate&hellip;\n","protected":false},"author":2,"featured_media":327991,"comment_status":"","ping_status":"","sticky":false,"template":"","format":"standard","meta":{"footnotes":""},"categories":[1355],"tags":[58,59,1011,27,1361,873],"class_list":{"0":"post-327990","1":"post","2":"type-post","3":"status-publish","4":"format-standard","5":"has-post-thumbnail","7":"category-musique","8":"tag-divertissement","9":"tag-entertainment","10":"tag-fr","11":"tag-france","12":"tag-music","13":"tag-musique"},"share_on_mastodon":{"url":"https:\/\/pubeurope.com\/@fr\/115052045298756353","error":""},"_links":{"self":[{"href":"https:\/\/www.europesays.com\/fr\/wp-json\/wp\/v2\/posts\/327990","targetHints":{"allow":["GET"]}}],"collection":[{"href":"https:\/\/www.europesays.com\/fr\/wp-json\/wp\/v2\/posts"}],"about":[{"href":"https:\/\/www.europesays.com\/fr\/wp-json\/wp\/v2\/types\/post"}],"author":[{"embeddable":true,"href":"https:\/\/www.europesays.com\/fr\/wp-json\/wp\/v2\/users\/2"}],"replies":[{"embeddable":true,"href":"https:\/\/www.europesays.com\/fr\/wp-json\/wp\/v2\/comments?post=327990"}],"version-history":[{"count":0,"href":"https:\/\/www.europesays.com\/fr\/wp-json\/wp\/v2\/posts\/327990\/revisions"}],"wp:featuredmedia":[{"embeddable":true,"href":"https:\/\/www.europesays.com\/fr\/wp-json\/wp\/v2\/media\/327991"}],"wp:attachment":[{"href":"https:\/\/www.europesays.com\/fr\/wp-json\/wp\/v2\/media?parent=327990"}],"wp:term":[{"taxonomy":"category","embeddable":true,"href":"https:\/\/www.europesays.com\/fr\/wp-json\/wp\/v2\/categories?post=327990"},{"taxonomy":"post_tag","embeddable":true,"href":"https:\/\/www.europesays.com\/fr\/wp-json\/wp\/v2\/tags?post=327990"}],"curies":[{"name":"wp","href":"https:\/\/api.w.org\/{rel}","templated":true}]}}