{"id":327993,"date":"2025-08-18T22:08:16","date_gmt":"2025-08-18T22:08:16","guid":{"rendered":"https:\/\/www.europesays.com\/fr\/327993\/"},"modified":"2025-08-18T22:08:16","modified_gmt":"2025-08-18T22:08:16","slug":"que-se-passe-t-il-avec-ces-lapins-zombies-affubles-de-cornes-etranges","status":"publish","type":"post","link":"https:\/\/www.europesays.com\/fr\/327993\/","title":{"rendered":"Que se passe-t-il avec ces \u00ab lapins zombies \u00bb affubl\u00e9s de cornes \u00e9tranges ?"},"content":{"rendered":"<p>De myst\u00e9rieux lapins avec des cornes ont \u00e9t\u00e9 aper\u00e7us aux \u00c9tats-Unis, dans le Colorado, suscitant de nombreuses interrogations et plusieurs surnoms (comme \u00ab lapins zombies \u00bb). Mais les autorit\u00e9s se veulent rassurantes : il s\u2019agit simplement de lapins infect\u00e9s par un virus communs se transmettant par les tiques.<\/p>\n<p>\u00ab Lapins Frankenstein \u00bb, \u00ab Lapins Zombies \u00bb, \u00ab Lapins d\u00e9mons \u00bb, voil\u00e0 les surnoms donn\u00e9s \u00e0 des lapins difformes ayant \u00e9t\u00e9 aper\u00e7us dans les alentours de Denver, dans le Colorado, aux \u00c9tats-Unis la semaine du 13 ao\u00fbt 2025.<\/p>\n<p>Difformes, comment ? Des excroissances pouvant ressembler \u00e0 des cornes ont pouss\u00e9 sur leurs visages et leurs corps\u2026 ce qui peut sembler repoussant. Pourtant, il ne s\u2019agit ni d\u2019une esp\u00e8ce mutante, ni d\u2019une l\u00e9gende, juste de lapins \u00e0 queue blanche infect\u00e9s par un virus, nomm\u00e9 Rabbit (Shope) Papilloma Virus.<\/p>\n<p>Rabbit (Shope) Papilloma Virus, un virus courant chez les lapins<\/p>\n<p>Pas de panique ! Bien que le r\u00e9sultat ne soit pas tr\u00e8s beau \u00e0 voir sur ces pauvres lapins, le virus est inoffensif pour eux, tant qu\u2019il ne touche pas leurs yeux et leur bouche. C\u2019est ce qu\u2019a expliqu\u00e9 Kara Van Hoose, la porte-parole du Colorado Parks and Wildlife,\u00a0\u00e0 <a href=\"https:\/\/apnews.com\/article\/rabbits-with-horns-virus-colorado-tentacles-papillomavirus-98b1ad95ba3a0f308bf884d79d1eea7c\" data-type=\"link\" data-id=\"https:\/\/apnews.com\/article\/rabbits-with-horns-virus-colorado-tentacles-papillomavirus-98b1ad95ba3a0f308bf884d79d1eea7c\" target=\"_blank\" rel=\"noreferrer noopener\">l\u2019agence de presse am\u00e9ricaine Associated Press<\/a> le 15 ao\u00fbt 2025.<\/p>\n<p><a href=\"https:\/\/www.numerama.com\/wp-content\/uploads\/2025\/08\/5-7.jpg\" target=\"_blank\" rel=\"noopener\"><img decoding=\"async\" width=\"1024\" height=\"576\" loading=\"lazy\" alt=\"Lapin avec le Rabbit shope pappillomavirus \/\/ Source : Capture \u00e9cran vid\u00e9o YT @factsfromABHI\" title=\"Lapin avec le Rabbit shope pappillomavirus \/\/ Source : Capture \u00e9cran vid\u00e9o YT @factsfromABHI\" class=\"wp-image-2055501 placeholder-default wp-image\" src=\"https:\/\/www.europesays.com\/fr\/wp-content\/uploads\/2025\/08\/5-7-1024x576.jpg\" \/><\/a>Lapin avec le Rabbit shope pappillomavirus. \/\/ Source : <a href=\"https:\/\/www.youtube.com\/shorts\/-CMtIjFxPLQ\" target=\"_blank\" rel=\"noopener\">Capture \u00e9cran vid\u00e9o YT @factsfromABHI<\/a><\/p>\n<p>Elle souligne, par ailleurs, que le virus se transmet uniquement entre les lapins via les puces et les tiques, et non pas entre esp\u00e8ces diff\u00e9rentes. Il n\u2019y a donc pas de risque qu\u2019un humain ou un autre animal en soit infect\u00e9 comme lors d\u2019<a href=\"https:\/\/www.numerama.com\/sciences\/1150896-quest-ce-quune-zoonose.html\" data-popover-target=\"definition\" data-tag=\"Qu\u2019est-ce qu\u2019une zoonose\u00a0?\" data-chapo=\"Les zoonoses sont des maladies transmises de l&#039;animal vers l&#039;\u00eatre humain. Le ph\u00e9nom\u00e8ne est au c\u0153ur de l&#039;actualit\u00e9 en raison de la pand\u00e9mie et de la crise \u00e9cologique.\" data-image=\"https:\/\/c0.lestechnophiles.com\/www.numerama.com\/wp-content\/uploads\/2022\/10\/chauve-souris-1024x576.jpg?key=39801998\" target=\"_blank\" rel=\"noopener\">une zoonose<\/a>.<\/p>\n<p>Enfin, les \u00ab cornes \u00bb sont \u00ab des foyers cutan\u00e9s rouges et sur\u00e9lev\u00e9s se d\u00e9veloppant en excroissances \u00bb, <a href=\"https:\/\/cvm.missouri.edu\/diseases-of-research-animals-dora\/rabbits\/rabbit-shope-papilloma-virus\/\" data-type=\"link\" data-id=\"https:\/\/cvm.missouri.edu\/diseases-of-research-animals-dora\/rabbits\/rabbit-shope-papilloma-virus\/\" target=\"_blank\" rel=\"noreferrer noopener\">explique le College of Veterinary Medicine<\/a> de l\u2019Universit\u00e9 du Missouri, dans sa fiche d\u00e9di\u00e9e \u00e0 la maladie. Pour simplifier, ces excroissances sont souvent compar\u00e9es \u00e0 des verrues. Elles disparaissent une fois que le syst\u00e8me immunitaire de l\u2019animal s\u2019est d\u00e9barrass\u00e9 de l\u2019agent infectieux, ajoute la porte-parole du Colorado Parks and Wildlife. <\/p>\n<p>Peut-\u00eatre que le nom de ce virus sonne vaguement familier \u00e0 vos oreilles ? Et pour cause, il est membre de la famille des Papillomaviridae, <a href=\"https:\/\/www.cancer-environnement.fr\/fiches\/expositions-environnementales\/infection-a-papillomavirus-humains-hpv\/\" data-type=\"link\" data-id=\"https:\/\/www.cancer-environnement.fr\/fiches\/expositions-environnementales\/infection-a-papillomavirus-humains-hpv\/\" target=\"_blank\" rel=\"noreferrer noopener\">des virus \u00e0 ADN<\/a>, qui poss\u00e8de une version humaine : <a href=\"https:\/\/www.numerama.com\/sciences\/1910739-tout-savoir-sur-les-ist-les-infections-sexuellement-transmissibles.html\" data-popover-target=\"definition\" data-tag=\"Tout savoir sur les IST (les infections sexuellement transmissibles)\" data-chapo=\"Les infections sexuellement transmissibles, autrefois appel\u00e9es les maladies sexuellement transmissibles, sont souvent asymptomatiques. Dans cet article, on revient sur ce qu&#039;est une IST, les principales IST et les moyens de d\u00e9pistages et les diff\u00e9rents traitements.\" data-image=\"https:\/\/c0.lestechnophiles.com\/www.numerama.com\/wp-content\/uploads\/2025\/04\/design-sans-titre-48-1024x576.jpg?key=7fdee241\" target=\"_blank\" rel=\"noopener\">le Human Papilloma Virus<\/a>, couramment appel\u00e9 HPV. Dans son article, l\u2019Associated Press rel\u00e8ve que cette maladie chez les lapins a permis de faire avancer la recherche sur la relation entre un virus et l\u2019apparition d\u2019un cancer, aussi chez l\u2019homme. Le HPV en est le meilleur exemple, provoquant des cancers du col de l\u2019ut\u00e9rus. <\/p>\n<p>La l\u00e9gende du \u00ab jacklope \u00bb est probablement inspir\u00e9e de ces lapins<\/p>\n<p>Ce virus est loin d\u2019\u00eatre nouveau. C\u2019est dans les ann\u00e9es 1930 qu\u2019il a \u00e9t\u00e9 d\u00e9crit par le docteur Richard E. Shope de l\u2019Universit\u00e9 de Rockfeller. <\/p>\n<p><a href=\"https:\/\/www.numerama.com\/wp-content\/uploads\/2025\/08\/6-4.jpg\" target=\"_blank\" rel=\"noopener\"><img decoding=\"async\" width=\"1024\" height=\"576\" loading=\"lazy\" alt=\"Planche zoologique du XVIe si\u00e8cle avec un li\u00e8vre avec des cornes \/\/ Source : Joris Hoefnagel -Wikim\u00e9dia\" title=\"Planche zoologique du XVIe si\u00e8cle avec un li\u00e8vre avec des cornes \/\/ Source : Joris Hoefnagel -Wikim\u00e9dia\" class=\"wp-image-2055503 placeholder-default wp-image\" src=\"https:\/\/www.europesays.com\/fr\/wp-content\/uploads\/2025\/08\/6-4-1024x576.jpg\" \/><\/a>Planche zoologique du XVIe si\u00e8cle avec un li\u00e8vre avec des cornes. \/\/ Source : <a href=\"https:\/\/fr.wikipedia.org\/wiki\/Jackalope#\/media\/Fichier:Animalia_Qvadrvpedia_et_Reptilia_(Terra)_Plate_XLVII.jpg\" target=\"_blank\" rel=\"noopener\">Joris Hoefnagel -Wikim\u00e9dia<\/a><\/p>\n<p>En plus de servir de base scientifique, il est tr\u00e8s probable qu\u2019il ait nourri, voire donn\u00e9e naissance \u00e0 <a href=\"https:\/\/www.france24.com\/fr\/20170803-le-jackalope-lievre-a-cornes-obsede-depuis-presque-cent-ans-une-ville-etats-unis\" data-type=\"link\" data-id=\"https:\/\/fr.wikipedia.org\/wiki\/Jackalope#:~:text=Le%20jackalope%20est%20un%20animal,nom%20scientifique%20est%20Lepus%20antilocapra.\" target=\"_blank\" rel=\"noreferrer noopener\">la l\u00e9gende du \u00ab jacklope \u00bb<\/a> r\u00e9pandue en Am\u00e9rique du Nord. Elle raconte l\u2019histoire d\u2019un lapin poss\u00e9dant des cornes. Finalement, la l\u00e9gende prend naissance, comme souvent, dans un ph\u00e9nom\u00e8ne r\u00e9el, mais inexpliqu\u00e9 \u00e0 l\u2019\u00e9poque.<\/p>\n<p>            <img decoding=\"async\" src=\"https:\/\/www.europesays.com\/fr\/wp-content\/uploads\/2025\/04\/iPhone-16-pro.png\" alt=\"Toute l'actu tech en un clien d'oeil\"\/><\/p>\n<p class=\"card-install-pwa__title\">Toute l&rsquo;actu tech en un clin d&rsquo;\u0153il<\/p>\n<p class=\"card-install-pwa__description\">Ajoutez Numerama \u00e0 votre \u00e9cran d&rsquo;accueil et restez connect\u00e9s au futur !<\/p>\n<p>            <img decoding=\"async\" src=\"https:\/\/www.numerama.com\/wp-content\/themes\/numerama-next\/assets\/images\/premium\/logo-card-pwa-coupe.svg\" alt=\"Logo PWA\"\/><\/p>\n<p>       Installer Numerama<\/p>\n","protected":false},"excerpt":{"rendered":"De myst\u00e9rieux lapins avec des cornes ont \u00e9t\u00e9 aper\u00e7us aux \u00c9tats-Unis, dans le Colorado, suscitant de nombreuses interrogations&hellip;\n","protected":false},"author":2,"featured_media":327994,"comment_status":"","ping_status":"","sticky":false,"template":"","format":"standard","meta":{"footnotes":""},"categories":[10],"tags":[1867,73,1011,27,72,226,21065,71,5336],"class_list":{"0":"post-327993","1":"post","2":"type-post","3":"status-publish","4":"format-standard","5":"has-post-thumbnail","7":"category-sante","8":"tag-animaux","9":"tag-etats-unis","10":"tag-fr","11":"tag-france","12":"tag-health","13":"tag-maladie","14":"tag-papillomavirus","15":"tag-sante","16":"tag-virus"},"share_on_mastodon":{"url":"https:\/\/pubeurope.com\/@fr\/115052052846701827","error":""},"_links":{"self":[{"href":"https:\/\/www.europesays.com\/fr\/wp-json\/wp\/v2\/posts\/327993","targetHints":{"allow":["GET"]}}],"collection":[{"href":"https:\/\/www.europesays.com\/fr\/wp-json\/wp\/v2\/posts"}],"about":[{"href":"https:\/\/www.europesays.com\/fr\/wp-json\/wp\/v2\/types\/post"}],"author":[{"embeddable":true,"href":"https:\/\/www.europesays.com\/fr\/wp-json\/wp\/v2\/users\/2"}],"replies":[{"embeddable":true,"href":"https:\/\/www.europesays.com\/fr\/wp-json\/wp\/v2\/comments?post=327993"}],"version-history":[{"count":0,"href":"https:\/\/www.europesays.com\/fr\/wp-json\/wp\/v2\/posts\/327993\/revisions"}],"wp:featuredmedia":[{"embeddable":true,"href":"https:\/\/www.europesays.com\/fr\/wp-json\/wp\/v2\/media\/327994"}],"wp:attachment":[{"href":"https:\/\/www.europesays.com\/fr\/wp-json\/wp\/v2\/media?parent=327993"}],"wp:term":[{"taxonomy":"category","embeddable":true,"href":"https:\/\/www.europesays.com\/fr\/wp-json\/wp\/v2\/categories?post=327993"},{"taxonomy":"post_tag","embeddable":true,"href":"https:\/\/www.europesays.com\/fr\/wp-json\/wp\/v2\/tags?post=327993"}],"curies":[{"name":"wp","href":"https:\/\/api.w.org\/{rel}","templated":true}]}}