{"id":328001,"date":"2025-08-18T22:12:13","date_gmt":"2025-08-18T22:12:13","guid":{"rendered":"https:\/\/www.europesays.com\/fr\/328001\/"},"modified":"2025-08-18T22:12:13","modified_gmt":"2025-08-18T22:12:13","slug":"comment-le-canada-se-joue-des-tarifs-douaniers-de-trump","status":"publish","type":"post","link":"https:\/\/www.europesays.com\/fr\/328001\/","title":{"rendered":"Comment le Canada se joue des tarifs douaniers de Trump"},"content":{"rendered":"<p>Sur le plan de la <a href=\"https:\/\/www.20minutes.fr\/dossier\/mobilite\" class=\"c-link c-link--is-underlined\" target=\"_blank\" rel=\"noopener\">mobilit\u00e9<\/a>, le Canada et les <a href=\"https:\/\/www.20minutes.fr\/monde\/etats-unis\/\" class=\"c-link c-link--is-underlined\" target=\"_blank\" rel=\"noopener\">USA <\/a>sont presque des jumeaux. Autrement dit, le paysage automobile est identique des deux c\u00f4t\u00e9s de la fronti\u00e8re, peupl\u00e9 de gros <a href=\"https:\/\/www.20minutes.fr\/dossier\/suv\" class=\"c-link c-link--is-underlined\" target=\"_blank\" rel=\"noopener\">SUV<\/a> et autres pick-ups des \u00ab\u00a0Big Three\u00a0\u00bb, ou encore de mod\u00e8les de marques europ\u00e9ennes et asiatiques, produites sur et pour le continent am\u00e9ricain. Logique, donc, que le plus gros importateur de voitures \u00ab\u00a0Made in USA\u00a0\u00bb soit le Canada. Mais \u00e7a, c\u2019\u00e9tait avant. Avant que <a href=\"https:\/\/www.20minutes.fr\/dossier\/donald_trump\" class=\"c-link c-link--is-underlined\" target=\"_blank\" rel=\"noopener\">Trump <\/a>ne d\u00e9cide de prot\u00e9ger l\u2019<a href=\"https:\/\/www.20minutes.fr\/dossier\/industrie\" class=\"c-link c-link--is-underlined\" target=\"_blank\" rel=\"noopener\">industrie<\/a> de son pays en imposant des <a href=\"https:\/\/www.20minutes.fr\/economie\/droits-douane-americains\/\" class=\"c-link c-link--is-underlined\" target=\"_blank\" rel=\"noopener\">taxes douani\u00e8res<\/a> \u00e0 tout ce qui vient de l\u2019ext\u00e9rieur. Taxes plus souvent d\u00e9cid\u00e9es \u00e0 l\u2019aune d\u2019une quelconque rivalit\u00e9 que sur base d\u2019un semblant de bon sens, puisque les pays les plus p\u00e9nalis\u00e9s sont les partenaires les plus directs\u00a0: le Canada et le Mexique.<\/p>\n<p>\u00c0 travers les \u00c9tats-Unis<\/p>\n<p>Le Mexique\u2026 L\u00e0, comme au Canada, sont install\u00e9es de nombreuses usines automobiles, notamment de marques am\u00e9ricaines. Ainsi donc, le <a href=\"https:\/\/www.20minutes.fr\/dossier\/canada\" class=\"c-link c-link--is-underlined\" target=\"_blank\" rel=\"noopener\">Canada<\/a>, pour \u00e9viter autant que possible les relations commerciales avec son voisin (personnifi\u00e9 par son in\u00e9narrable pr\u00e9sident), ach\u00e8te donc maintenant ses voitures au <a href=\"https:\/\/www.20minutes.fr\/dossier\/mexique\" class=\"c-link c-link--is-underlined\" target=\"_blank\" rel=\"noopener\">Mexique<\/a>. Pour la premi\u00e8re fois en trente ans, le pays a import\u00e9 en juin plus de voitures \u00ab\u00a0mexicaines\u00a0\u00bb (1,08\u00a0milliard $ canadiens) que de voitures produites aux USA (950\u00a0millions $ canadiens). La situation pourrait bien s\u00fbr n\u2019\u00eatre que temporaire, mais elle montre que Donald n\u2019est pas forc\u00e9ment le grand n\u00e9gociateur qu\u2019il se targue d\u2019\u00eatre.<\/p>\n<p><\/p>\n","protected":false},"excerpt":{"rendered":"Sur le plan de la mobilit\u00e9, le Canada et les USA sont presque des jumeaux. Autrement dit, le&hellip;\n","protected":false},"author":2,"featured_media":328002,"comment_status":"","ping_status":"","sticky":false,"template":"","format":"standard","meta":{"footnotes":""},"categories":[6],"tags":[47,646,35,574,75,33742,33,34,1011,27,5697],"class_list":{"0":"post-328001","1":"post","2":"type-post","3":"status-publish","4":"format-standard","5":"has-post-thumbnail","7":"category-economie","8":"tag-actualite","9":"tag-automobile","10":"tag-business","11":"tag-canada","12":"tag-donald-trump","13":"tag-droits-de-douane-americains","14":"tag-economie","15":"tag-economy","16":"tag-fr","17":"tag-france","18":"tag-mexique"},"share_on_mastodon":{"url":"https:\/\/pubeurope.com\/@fr\/115052068500720963","error":""},"_links":{"self":[{"href":"https:\/\/www.europesays.com\/fr\/wp-json\/wp\/v2\/posts\/328001","targetHints":{"allow":["GET"]}}],"collection":[{"href":"https:\/\/www.europesays.com\/fr\/wp-json\/wp\/v2\/posts"}],"about":[{"href":"https:\/\/www.europesays.com\/fr\/wp-json\/wp\/v2\/types\/post"}],"author":[{"embeddable":true,"href":"https:\/\/www.europesays.com\/fr\/wp-json\/wp\/v2\/users\/2"}],"replies":[{"embeddable":true,"href":"https:\/\/www.europesays.com\/fr\/wp-json\/wp\/v2\/comments?post=328001"}],"version-history":[{"count":0,"href":"https:\/\/www.europesays.com\/fr\/wp-json\/wp\/v2\/posts\/328001\/revisions"}],"wp:featuredmedia":[{"embeddable":true,"href":"https:\/\/www.europesays.com\/fr\/wp-json\/wp\/v2\/media\/328002"}],"wp:attachment":[{"href":"https:\/\/www.europesays.com\/fr\/wp-json\/wp\/v2\/media?parent=328001"}],"wp:term":[{"taxonomy":"category","embeddable":true,"href":"https:\/\/www.europesays.com\/fr\/wp-json\/wp\/v2\/categories?post=328001"},{"taxonomy":"post_tag","embeddable":true,"href":"https:\/\/www.europesays.com\/fr\/wp-json\/wp\/v2\/tags?post=328001"}],"curies":[{"name":"wp","href":"https:\/\/api.w.org\/{rel}","templated":true}]}}