{"id":328003,"date":"2025-08-18T22:13:24","date_gmt":"2025-08-18T22:13:24","guid":{"rendered":"https:\/\/www.europesays.com\/fr\/328003\/"},"modified":"2025-08-18T22:13:24","modified_gmt":"2025-08-18T22:13:24","slug":"le-cyclone-et-ouragan-erin-se-dirige-t-il-vers-la-france-18-08-2025","status":"publish","type":"post","link":"https:\/\/www.europesays.com\/fr\/328003\/","title":{"rendered":"Le cyclone et ouragan Erin se dirige-t-il vers la France\u00a0? 18\/08\/2025"},"content":{"rendered":"<p><img alt=\"\" loading=\"lazy\" width=\"1200\" height=\"932\" decoding=\"async\" data-nimg=\"1\" style=\"color:transparent\"  src=\"https:\/\/www.europesays.com\/fr\/wp-content\/uploads\/2025\/08\/1755555192_964_image\"\/><\/p>\n<p><strong>La trajectoire de l&rsquo;ouragan Erin pourrait peu \u00e0 peu l&rsquo;orienter vers l&rsquo;Europe d&rsquo;ici la semaine prochaine<\/strong>\u00a0&#8211; Image via Windy<\/p>\n<p>\u00a0<\/p>\n<p>\u00a0<\/p>\n<p><strong>Le premier cyclone de la saison sur l&rsquo;Atlantique<\/strong><\/p>\n<p>\u00a0<\/p>\n<p>Le premier ouragan de la saison fait beaucoup parler de lui ces derniers jours dans l&rsquo;Atlantique. Form\u00e9 la semaine derni\u00e8re au large de l&rsquo;Afrique de l&rsquo;ouest, celui-ci a d&rsquo;abord \u00e9volu\u00e9 en temps que temp\u00eate tropicale entre le 12 et le 14 ao\u00fbt avant de se renforcer tr\u00e8s rapidement, passant d&rsquo;un cyclone de cat\u00e9gorie 1 \u00e0 un cyclone de cat\u00e9gorie 4 en seulement 12 heures le 16 ao\u00fbt.<\/p>\n<p><img alt=\"\" loading=\"lazy\" width=\"700\" height=\"70\" decoding=\"async\" data-nimg=\"1\" style=\"color:transparent\"  src=\"https:\/\/www.europesays.com\/fr\/wp-content\/uploads\/2025\/08\/1755555193_239_image\"\/><\/p>\n<p><strong>L&rsquo;ouragan Erin au large de Saint-Martin et Saint-Barth\u00e9lemy le 16 ao\u00fbt<\/strong> \u2013 NOAA<\/p>\n<p>\u00a0<\/p>\n<p>\u00a0<\/p>\n<p>Celui-ci a d&rsquo;ailleurs atteint la cat\u00e9gorie 5 dans le courant du week-end au large des Bahamas, devenant le premier ouragan de cat\u00e9gorie 5 dans l&rsquo;Atlantique en ao\u00fbt depuis Dean en 2007\/ pour devenir un ouragan le lendemain puis d&rsquo;observer une intensification tr\u00e8s rapide en approchant des Antilles, atteignant la cat\u00e9gorie 5 le 16 ao\u00fbt.<\/p>\n<p>Bien heureusement, ce cyclone a conserv\u00e9 une trajectoire \u00e9vitant des terres habit\u00e9es, circulant au nord-est de Porto-Rico ce week-end et \u00e9vitant ainsi l&rsquo;arc antillais.<\/p>\n<p><img alt=\"\" loading=\"lazy\" width=\"700\" height=\"51\" decoding=\"async\" data-nimg=\"1\" style=\"color:transparent\"  src=\"https:\/\/www.europesays.com\/fr\/wp-content\/uploads\/2025\/08\/1755555193_728_image\"\/><\/p>\n<p><strong>Trajectoire du cyclone Erin depuis sa formation la semaine derni\u00e8re <\/strong>\u2013 National Hurricane Center<\/p>\n<p>\u00a0<\/p>\n<p>\u00a0<\/p>\n<p>Celui-ci devrait d&rsquo;ailleurs conserver une trajectoire \u00e9vitant les c\u00f4tes am\u00e9ricaine dans les prochains jours, virant peu \u00e0 peu vers le nord puis vers le nord-est dans le courant de la semaine en circulant quelques centaines de kilom\u00e8tres au large de la c\u00f4te est des \u00c9tats-Unis.<\/p>\n<p><img alt=\"\" loading=\"lazy\" width=\"700\" height=\"57\" decoding=\"async\" data-nimg=\"1\" style=\"color:transparent\"  src=\"https:\/\/www.europesays.com\/fr\/wp-content\/uploads\/2025\/08\/1755555194_501_image\"\/><\/p>\n<p><strong>Trajectoire pr\u00e9vue du cyclone Erin dans les prochains jours<\/strong> \u2013 National Hurricane Center<\/p>\n<p>\u00a0<\/p>\n<p>\u00a0<\/p>\n<p>Erin se dirige-t-il vers l&rsquo;Europe\u00a0?<\/p>\n<p>Comme souvent dans ce genre de situation, le cyclone Erin va \u00eatre repris par la circulation d\u00e9pressionnaire sur le nord de l&rsquo;Atlantique. Ainsi, celui-ci devrait effectivement prendre la direction du continent europ\u00e9en en fin de semaine.<\/p>\n<p><img alt=\"\" loading=\"lazy\" width=\"700\" height=\"48\" decoding=\"async\" data-nimg=\"1\" style=\"color:transparent\"  src=\"https:\/\/www.europesays.com\/fr\/wp-content\/uploads\/2025\/08\/1755555196_563_image\"\/><\/p>\n<p><strong>Trajectoire pr\u00e9vue du cyclone Erin d&rsquo;ici la fin de semaine du 18 au 24 ao\u00fbt sur le nord de l&rsquo;Atlantique<\/strong> \u2013 Fond de carte\u00a0: Windy<\/p>\n<p>\u00a0<\/p>\n<p>\u00a0<\/p>\n<p>N\u00e9anmoins, pas la peine de paniquer, un ouragan ne va pas venir s&rsquo;\u00e9chouer sur l&rsquo;Europe de l&rsquo;ouest et la France d&rsquo;ici le d\u00e9but de semaine prochaine. En effet, en arrivant sur les eaux plus fra\u00eeches du nord de l&rsquo;Atlantique, Erin va peu \u00e0 peu perdre en intensit\u00e9 d&rsquo;ici le week-end et m\u00eame perdre ses caract\u00e9ristiques tropicales pour devenir une \u00ab\u00a0simple\u00a0\u00bb temp\u00eate sur l&rsquo;Atlantique-Nord.<\/p>\n<p><img alt=\"\" loading=\"lazy\" width=\"700\" height=\"49\" decoding=\"async\" data-nimg=\"1\" style=\"color:transparent\"  src=\"https:\/\/www.europesays.com\/fr\/wp-content\/uploads\/2025\/08\/1755555202_256_image\"\/><\/p>\n<p><strong>\u00c9volution de l&rsquo;ouragan Erin sur l&rsquo;Atlantique-Nord jusqu&rsquo;en d\u00e9but de semaine prochaine<\/strong> &#8211; Via TropicalTidBits<\/p>\n<p>\u00a0<\/p>\n<p>\u00a0<\/p>\n<p>Ce ph\u00e9nom\u00e8ne est parfaitement normal, les vents d&rsquo;altitude et les temp\u00e9ratures de surface de l&rsquo;Atlantique-Nord n&rsquo;\u00e9tant pas favorable au maintien des ph\u00e9nom\u00e8nes tropicaux jusqu&rsquo;\u00e0 l&rsquo;Europe de l&rsquo;ouest. La carte de l&rsquo;historique des trajectoires des cyclones entre 1980 et 2005 sur l&rsquo;Atlantique est d&rsquo;ailleurs parlante.<\/p>\n<p><img alt=\"\" loading=\"lazy\" width=\"700\" height=\"43\" decoding=\"async\" data-nimg=\"1\" style=\"color:transparent\"  src=\"https:\/\/www.europesays.com\/fr\/wp-content\/uploads\/2025\/08\/1755555203_248_image\"\/><\/p>\n<p><strong>Trajectoires de tous les ouragans entre 1980 et 2005 &#8211; Aucun d&rsquo;entre eux n&rsquo;a touch\u00e9 l&rsquo;Europe avec toutes ses caract\u00e9ristiques tropicales<\/strong>\u00a0&#8211; WikipediaCOMMONS<\/p>\n<p>\u00a0<\/p>\n<p>\u00a0<\/p>\n<p>N\u00e9anmoins, m\u00eame si Erin ne touchera pas l&rsquo;Europe en tant qu&rsquo;ouragan, il est important de garder un \u0153il sur sa trajectoire entre ce week-end et le d\u00e9but de semaine prochaine. En effet, m\u00eame si il aura perdu ses caract\u00e9ristiques tropicales, cet ex-ouragan pourrait rester tr\u00e8s actif et apporter un risque de temp\u00eate notable sur l&rsquo;ouest et\/ou le nord-ouest du continent europ\u00e9en d&rsquo;ici le milieu de semaine prochaine.\u00a0\u00a0<\/p>\n<p><img alt=\"\" loading=\"lazy\" width=\"700\" height=\"54\" decoding=\"async\" data-nimg=\"1\" style=\"color:transparent\"  src=\"https:\/\/www.europesays.com\/fr\/wp-content\/uploads\/2025\/08\/1755555203_626_image\"\/><\/p>\n<p><strong>Risque de temp\u00eate sur l&rsquo;ouest de l&rsquo;Europe en liaison \u00e0 l&rsquo;ex-ouragan Erin pour la fin du mois d&rsquo;ao\u00fbt\u00a0?<\/strong> &#8211; Mod\u00e8le GFS via WX CHARTS<\/p>\n<p>\u00a0<\/p>\n<p>\u00a0<\/p>\n<p>Ses cons\u00e9quences avant son arriv\u00e9e<\/p>\n<p>\u00a0<\/p>\n<p>La tendance restera n\u00e9anmoins \u00e0 pr\u00e9ciser dans les prochains jours, la trajectoire du syst\u00e8me, notamment apr\u00e8s sa transition extra-tropicale va en effet encore \u00e9voluer, si bien qu&rsquo;il est pour le moment impossible de pr\u00e9ciser si le risque de temp\u00eate est important ou non sur l&rsquo;ouest du continent europ\u00e9en et la France pour la fin du mois d&rsquo;ao\u00fbt.<\/p>\n<p>Celui-ci pourrait \u00e9galement provoquer un regain de chaleur sur notre pays en fonction de sa position sur l&rsquo;Atlantique, faisant basculer le flux au sud\/sud-ouest en altitude et apportant donc un nouveau risque de coup de chaleur sur la France. N\u00e9anmoins, l\u00e0 encore, la situation reste ind\u00e9cise et sera \u00e0 pr\u00e9ciser dans les prochains jours.\u00a0<\/p>\n<p><img alt=\"\" loading=\"lazy\" width=\"700\" height=\"536\" decoding=\"async\" data-nimg=\"1\" style=\"color:transparent\"  src=\"https:\/\/www.europesays.com\/fr\/wp-content\/uploads\/2025\/08\/1755555204_93_image\"\/><\/p>\n<p><strong>Vers un possible coup de chaud \u00e0 l&rsquo;avant de l&rsquo;ex-ouragan Erin ? &#8211;<\/strong> Sc\u00e9nario 06z du mod\u00e8le GFS du 18 ao\u00fbt 2025<\/p>\n<p>\u00a0<\/p>\n<p>Auteur : <a href=\"https:\/\/x.com\/BergenTristan\" class=\" underline\" target=\"_blank\" rel=\"noreferrer nofollow\">Tristan Bergen<\/a><\/p>\n","protected":false},"excerpt":{"rendered":"La trajectoire de l&rsquo;ouragan Erin pourrait peu \u00e0 peu l&rsquo;orienter vers l&rsquo;Europe d&rsquo;ici la semaine prochaine\u00a0&#8211; Image via&hellip;\n","protected":false},"author":2,"featured_media":328004,"comment_status":"","ping_status":"","sticky":false,"template":"","format":"standard","meta":{"footnotes":""},"categories":[5],"tags":[11,1011,27,14,12,28],"class_list":{"0":"post-328003","1":"post","2":"type-post","3":"status-publish","4":"format-standard","5":"has-post-thumbnail","7":"category-international","8":"tag-actualites","9":"tag-fr","10":"tag-france","11":"tag-international","12":"tag-news","13":"tag-world"},"share_on_mastodon":{"url":"https:\/\/pubeurope.com\/@fr\/115052072872868041","error":""},"_links":{"self":[{"href":"https:\/\/www.europesays.com\/fr\/wp-json\/wp\/v2\/posts\/328003","targetHints":{"allow":["GET"]}}],"collection":[{"href":"https:\/\/www.europesays.com\/fr\/wp-json\/wp\/v2\/posts"}],"about":[{"href":"https:\/\/www.europesays.com\/fr\/wp-json\/wp\/v2\/types\/post"}],"author":[{"embeddable":true,"href":"https:\/\/www.europesays.com\/fr\/wp-json\/wp\/v2\/users\/2"}],"replies":[{"embeddable":true,"href":"https:\/\/www.europesays.com\/fr\/wp-json\/wp\/v2\/comments?post=328003"}],"version-history":[{"count":0,"href":"https:\/\/www.europesays.com\/fr\/wp-json\/wp\/v2\/posts\/328003\/revisions"}],"wp:featuredmedia":[{"embeddable":true,"href":"https:\/\/www.europesays.com\/fr\/wp-json\/wp\/v2\/media\/328004"}],"wp:attachment":[{"href":"https:\/\/www.europesays.com\/fr\/wp-json\/wp\/v2\/media?parent=328003"}],"wp:term":[{"taxonomy":"category","embeddable":true,"href":"https:\/\/www.europesays.com\/fr\/wp-json\/wp\/v2\/categories?post=328003"},{"taxonomy":"post_tag","embeddable":true,"href":"https:\/\/www.europesays.com\/fr\/wp-json\/wp\/v2\/tags?post=328003"}],"curies":[{"name":"wp","href":"https:\/\/api.w.org\/{rel}","templated":true}]}}