{"id":328007,"date":"2025-08-18T22:17:12","date_gmt":"2025-08-18T22:17:12","guid":{"rendered":"https:\/\/www.europesays.com\/fr\/328007\/"},"modified":"2025-08-18T22:17:12","modified_gmt":"2025-08-18T22:17:12","slug":"le-retour-des-cloches-et-de-lhorloge-a-leglise-notre-dame-des-sept-douleurs","status":"publish","type":"post","link":"https:\/\/www.europesays.com\/fr\/328007\/","title":{"rendered":"le retour des cloches et de l\u2019horloge \u00e0 l\u2019\u00e9glise Notre-Dame des Sept Douleurs"},"content":{"rendered":"<p>Enfin elles tintent \u00e0 nouveau, et marquent par leur pr\u00e9sence le passage du temps. En effet, voici plus de trente ann\u00e9es que les cloches de l\u2019\u00e9glise Notre-Dame des Sept Douleurs, au pont de Bresme, n\u2019avaient pas retenti et que l\u2019horloge ne donnait plus l\u2019heure \u00e0 la population. En coordination avec la mairie, l\u2019association st\u00e9phanoise Les Amis du patrimoine de Saint-\u00c9tienne-de-Chigny (Lapsec) a d\u00e9cid\u00e9, pour son premier projet, de rem\u00e9dier \u00e0 cette situation&#8230;. <\/p>\n<p>    Cet article a \u00e9t\u00e9 tronqu\u00e9. Abonnez-vous pour lire l&rsquo;article complet sur notre site.<\/p>\n<p style=\"margin: 0 !important; padding: 0 !important; font-size: 12px !important;\">Cet article a \u00e9t\u00e9 tronqu\u00e9. Abonnez-vous pour lire l&rsquo;article complet.<\/p>\n<p>    <a href=\"https:\/\/www.lanouvellerepublique.fr\/abonnements\" style=\"display: inline-block; margin-top: 5px !important; padding: 6px 12px !important; background: #cb1c27; color: white; text-decoration: none; border-radius: 4px; font-size: 12px !important;\" target=\"_blank\" rel=\"noopener\"><br \/>\n      S&rsquo;abonner<br \/>\n    <\/a><\/p>\n","protected":false},"excerpt":{"rendered":"Enfin elles tintent \u00e0 nouveau, et marquent par leur pr\u00e9sence le passage du temps. En effet, voici plus&hellip;\n","protected":false},"author":2,"featured_media":328008,"comment_status":"","ping_status":"","sticky":false,"template":"","format":"standard","meta":{"footnotes":""},"categories":[9653],"tags":[1111,11,2430,1674,1777,674,1011,27,12,2551,25,4001,13222],"class_list":{"0":"post-328007","1":"post","2":"type-post","3":"status-publish","4":"format-standard","5":"has-post-thumbnail","7":"category-saint-etienne","8":"tag-actu","9":"tag-actualites","10":"tag-auvergne-rhone-alpes","11":"tag-communes","12":"tag-eu","13":"tag-europe","14":"tag-fr","15":"tag-france","16":"tag-news","17":"tag-patrimoine","18":"tag-republique-francaise","19":"tag-saint-etienne","20":"tag-saint-etienne-de-chigny"},"share_on_mastodon":{"url":"https:\/\/pubeurope.com\/@fr\/115052088064751358","error":""},"_links":{"self":[{"href":"https:\/\/www.europesays.com\/fr\/wp-json\/wp\/v2\/posts\/328007","targetHints":{"allow":["GET"]}}],"collection":[{"href":"https:\/\/www.europesays.com\/fr\/wp-json\/wp\/v2\/posts"}],"about":[{"href":"https:\/\/www.europesays.com\/fr\/wp-json\/wp\/v2\/types\/post"}],"author":[{"embeddable":true,"href":"https:\/\/www.europesays.com\/fr\/wp-json\/wp\/v2\/users\/2"}],"replies":[{"embeddable":true,"href":"https:\/\/www.europesays.com\/fr\/wp-json\/wp\/v2\/comments?post=328007"}],"version-history":[{"count":0,"href":"https:\/\/www.europesays.com\/fr\/wp-json\/wp\/v2\/posts\/328007\/revisions"}],"wp:featuredmedia":[{"embeddable":true,"href":"https:\/\/www.europesays.com\/fr\/wp-json\/wp\/v2\/media\/328008"}],"wp:attachment":[{"href":"https:\/\/www.europesays.com\/fr\/wp-json\/wp\/v2\/media?parent=328007"}],"wp:term":[{"taxonomy":"category","embeddable":true,"href":"https:\/\/www.europesays.com\/fr\/wp-json\/wp\/v2\/categories?post=328007"},{"taxonomy":"post_tag","embeddable":true,"href":"https:\/\/www.europesays.com\/fr\/wp-json\/wp\/v2\/tags?post=328007"}],"curies":[{"name":"wp","href":"https:\/\/api.w.org\/{rel}","templated":true}]}}