{"id":328015,"date":"2025-08-18T22:23:16","date_gmt":"2025-08-18T22:23:16","guid":{"rendered":"https:\/\/www.europesays.com\/fr\/328015\/"},"modified":"2025-08-18T22:23:16","modified_gmt":"2025-08-18T22:23:16","slug":"et-si-laeroport-de-montpellier-devenait-la-scene-dun-festival","status":"publish","type":"post","link":"https:\/\/www.europesays.com\/fr\/328015\/","title":{"rendered":"Et si l&rsquo;a\u00e9roport de Montpellier devenait la sc\u00e8ne d&rsquo;un festival\u00a0?"},"content":{"rendered":"<p>            Par<br \/>\n        <strong><br \/>\n            <a href=\"https:\/\/actu.fr\/auteur\/antoine-heureu-2\" title=\"Consulter tous les articles de Antoine Hereu\" rel=\"nofollow noopener\" target=\"_blank\">Antoine Hereu<\/a><br \/>\n        <\/strong><\/p>\n<p>        Publi\u00e9 le<\/p>\n<p>            18 ao\u00fbt 2025 \u00e0 9h45        <\/p>\n<p><strong>L\u2019a\u00e9roport de Montpellier<\/strong> entre en zone de turbulence tr\u00e8s rapidement avec l\u2019arriv\u00e9e de la deuxi\u00e8me \u00e9dition du<strong> Sunday Music Festival<\/strong>. Le dimanche\u00a014 septembre prochain, \u00e0 partir de 13h, des milliers de festivaliers fouleront le tarmac et les caissons r\u00e9sonneront aux rythmes \u00e9lectroniques des artistes de renom de la sc\u00e8ne \u00e9lectro pour plus de 12h de musique live au plus pr\u00e8s des avions. Reconnus pour ses sc\u00e9nographies ambitieuses et originales, les organisateurs promettent un \u00e9v\u00e9nement exceptionnel, apr\u00e8s une premi\u00e8re \u00e9dition qui avait r\u00e9uni en 2024 plus de 9 000 personnes.\u00a0<\/p>\n<p>    <a href=\"https:\/\/www.google.com\/maps\/embed?pb=!1m18!1m12!1m3!1d5506.764804136687!2d3.9627984516043666!3d43.580063609841446!2m3!1f0!2f0!3f0!3m2!1i1024!2i768!4f13.1!3m3!1m2!1s0x12b6a4b8634f5375%3A0xda2b82513d41cd2d!2sA%C3%A9roport%20Montpellier%20M%C3%A9diterran%C3%A9e!5e0!3m2!1sfr!2sfr!4v1755503043070!5m2!1sfr!2sfr\" title=\"Ouvrie le lien\" rel=\"nofollow noopener\" target=\"_blank\">Cliquez ici pour visualiser le contenu<\/a><\/p>\n<p>Un \u00e9v\u00e9nement pour une \u00ab\u00a0altitude\u00a0\u00bb festive<\/p>\n<p class=\" wall-content\">La programmation s\u2019annonce all\u00e9chante avec des artistes locaux, mais \u00e9galement des artistes de renomm\u00e9es internationales qui attestent du fort d\u00e9veloppement du Sunday Music dans sa proposition d\u2019\u00e9v\u00e9nement de grande envergure. Et si de nombreux festivals en France pr\u00e9sentent des sc\u00e9nographies relativement classiques avec des sc\u00e8nes sans artifices, Sunday Music se permet de proposer des sc\u00e8nes d\u00e9cor\u00e9es face auxquelles les festivaliers peuvent profiter non seulement d\u2019une musique qui transporte, mais \u00e9galement d\u2019un d\u00e9cor qui leur permet de mobiliser plusieurs sens pour une exp\u00e9rience unique.\u00a0<\/p>\n<p>    <a href=\"https:\/\/www.facebook.com\/plugins\/video.php?height=476&amp;href=https%3A%2F%2Fwww.facebook.com%2Freel%2F1337800393967393%2F&amp;show_text=false&amp;width=350&amp;t=0\" title=\"Ouvrie le lien\" rel=\"nofollow noopener\" target=\"_blank\">Cliquez ici pour visualiser le contenu<\/a><\/p>\n<p class=\" wall-content\">On retrouvera donc le DJ n\u00e9erlandais<strong> Chris Stussy<\/strong> avec ses sonorit\u00e9s groovy pour un set aux influences deep-house et minimal house, le duo <strong>Amor<\/strong> \u2013 compos\u00e9 des personnalit\u00e9s d\u2019internet, mais \u00e9galement producteurs de musique <strong>Julien Gelo\u00ebn<\/strong> et <strong>Darko<\/strong> \u2013 qui apportera des musiques afro-house avec notamment la sortie r\u00e9cente de leur premier single \u00ab\u00a0Hasta Siempre\u00a0\u00bb. Un autre duo prendra \u00e9galement possession des platines et de la foule : <strong>Prospa<\/strong>. Les deux Britannique rendent constamment hommage \u00e0 la house britannique avec des titres tr\u00e8s dansants.<\/p>\n<p>Vid\u00e9os : en ce moment sur Actu<\/p>\n<p class=\" wall-content\">Plus localement, le dj<strong> Tibo KSRG<\/strong> sera \u00e9galement de la partie et \u00e9videmment, les deux fondateurs du collectif, les Lunellois <strong>Soubeiran<\/strong> et <strong>Mathis Bouloc<\/strong> pourront tour \u00e0 tour faire vibrer les milliers de voyageurs musicaux pr\u00e9sent sur le b\u00e9ton des pistes de l\u2019a\u00e9roport. Et rassurez-vous, si vous avez un vol \u00e0 prendre, vous ne le raterez pas.\u00a0<\/p>\n<p>&gt;\u00a0La billetterie est en ligne <a href=\"https:\/\/shotgun.live\/fr\/events\/sunday-music-x-aeroport-de-montpellier-2025\" rel=\"nofollow noopener\" target=\"_blank\">ICI<\/a>.\u00a0<\/p>\n<p class=\" wall-content\">Personnalisez votre actualit\u00e9 en ajoutant vos villes et m\u00e9dias en favori avec <a href=\"https:\/\/moncompte.actu.fr\" title=\"D\u00e9couvez Mon Actu\" rel=\"nofollow noopener\" data-trk=\"{&quot;cta&quot;:{&quot;action&quot;:&quot;https:\\\/\\\/moncompte.actu.fr&quot;,&quot;category&quot;:&quot;mon compte&quot;,&quot;from&quot;:&quot;article footer&quot;,&quot;name&quot;:&quot;Mon actu&quot;,&quot;type&quot;:&quot;cta&quot;}}\" target=\"_blank\">Mon Actu<\/a>.<\/p>\n","protected":false},"excerpt":{"rendered":"Par Antoine Hereu Publi\u00e9 le 18 ao\u00fbt 2025 \u00e0 9h45 L\u2019a\u00e9roport de Montpellier entre en zone de turbulence&hellip;\n","protected":false},"author":2,"featured_media":328016,"comment_status":"","ping_status":"","sticky":false,"template":"","format":"standard","meta":{"footnotes":""},"categories":[9599],"tags":[1111,11,1697,1777,674,1011,27,1652,2208,12,2680,25],"class_list":{"0":"post-328015","1":"post","2":"type-post","3":"status-publish","4":"format-standard","5":"has-post-thumbnail","7":"category-montpellier","8":"tag-actu","9":"tag-actualites","10":"tag-concert","11":"tag-eu","12":"tag-europe","13":"tag-fr","14":"tag-france","15":"tag-loisirs-culture","16":"tag-montpellier","17":"tag-news","18":"tag-occitanie","19":"tag-republique-francaise"},"share_on_mastodon":{"url":"https:\/\/pubeurope.com\/@fr\/115052111749218829","error":""},"_links":{"self":[{"href":"https:\/\/www.europesays.com\/fr\/wp-json\/wp\/v2\/posts\/328015","targetHints":{"allow":["GET"]}}],"collection":[{"href":"https:\/\/www.europesays.com\/fr\/wp-json\/wp\/v2\/posts"}],"about":[{"href":"https:\/\/www.europesays.com\/fr\/wp-json\/wp\/v2\/types\/post"}],"author":[{"embeddable":true,"href":"https:\/\/www.europesays.com\/fr\/wp-json\/wp\/v2\/users\/2"}],"replies":[{"embeddable":true,"href":"https:\/\/www.europesays.com\/fr\/wp-json\/wp\/v2\/comments?post=328015"}],"version-history":[{"count":0,"href":"https:\/\/www.europesays.com\/fr\/wp-json\/wp\/v2\/posts\/328015\/revisions"}],"wp:featuredmedia":[{"embeddable":true,"href":"https:\/\/www.europesays.com\/fr\/wp-json\/wp\/v2\/media\/328016"}],"wp:attachment":[{"href":"https:\/\/www.europesays.com\/fr\/wp-json\/wp\/v2\/media?parent=328015"}],"wp:term":[{"taxonomy":"category","embeddable":true,"href":"https:\/\/www.europesays.com\/fr\/wp-json\/wp\/v2\/categories?post=328015"},{"taxonomy":"post_tag","embeddable":true,"href":"https:\/\/www.europesays.com\/fr\/wp-json\/wp\/v2\/tags?post=328015"}],"curies":[{"name":"wp","href":"https:\/\/api.w.org\/{rel}","templated":true}]}}