{"id":328019,"date":"2025-08-18T22:29:02","date_gmt":"2025-08-18T22:29:02","guid":{"rendered":"https:\/\/www.europesays.com\/fr\/328019\/"},"modified":"2025-08-18T22:29:02","modified_gmt":"2025-08-18T22:29:02","slug":"ligue-2-les-notes-apres-gf38-stade-lavallois","status":"publish","type":"post","link":"https:\/\/www.europesays.com\/fr\/328019\/","title":{"rendered":"Ligue 2. Les notes apr\u00e8s GF38 &#8211; Stade Lavallois"},"content":{"rendered":"<p style=\"font-size:20px\"><strong>D\u00e9couvrez nos notes apr\u00e8s la rencontre de la deuxi\u00e8me journ\u00e9e de Ligue 2 qui a oppos\u00e9 ce vendredi 15 ao\u00fbt 2025 le GF38 au Stade Lavallois. Seuls les joueurs ayant disput\u00e9 45 minutes minimum sont pris en compte.<\/strong><\/p>\n<p>Cr\u00e9dit photo : GF38 \u2013 Th\u00e9o Mahalatchimy<\/p>\n<p>Les notes apr\u00e8s GF38 \u2013 Stade Lavallois<\/p>\n<p><strong>Mamadou Diop (7).<\/strong> Un match plus tranquille pour le portier alpin qui sort toutefois magistralement la frappe de Camara d\u00e8s l\u2019entame du match. Il aurait pu \u00eatre cr\u00e9dit\u00e9 d\u2019une passe d\u00e9cisive si sa longue relance pour Diaby avait \u00e9t\u00e9 concr\u00e9tis\u00e9e par son attaquant. <\/p>\n<p><strong>Nesta Zahui (5).<\/strong> Tr\u00e8s peu utilis\u00e9 sur son couloir droit, il a travers\u00e9 son match sans r\u00e9el impact offensif mais en se montrant s\u00e9rieux sur le plan d\u00e9fensif face au remuant Camara qui l\u2019aura toutefois surpris en d\u00e9but de match. <\/p>\n<p><strong>Ga\u00ebtan Paquiez (5).<\/strong> Essentiel dans son r\u00f4le de capitaine, il a encourag\u00e9 et motiv\u00e9 ses co\u00e9quipiers tout au long de la rencontre. Parfois bouscul\u00e9 dans les duels et sans doute encore en manque de rythme apr\u00e8s sa blessure, sa hargne lui a permis de compenser.<\/p>\n<p><strong>Loris Mouyokolo (6).<\/strong> Depuis ses d\u00e9buts grenoblois, il a \u00e9norm\u00e9ment gagn\u00e9 en maturit\u00e9 au point de d\u00e9sormais un v\u00e9ritable costume de \u00ab\u00a0patron\u00a0\u00bb au sein de la d\u00e9fense is\u00e9roise. Son tacle gliss\u00e9 a priv\u00e9 Laval d\u2019une grosse occasion de but en fin de rencontre. Sa qualit\u00e9 de relance est bonne. Il doit en revanche progresser dans le domaine a a\u00e9rien o\u00f9 son physique devrait davantage \u00eatre un atout d\u00e9fensif et offensif. <\/p>\n<p><strong>Stone Mambo (4). <\/strong>Mieux \u00e0 d\u00e9faut d\u2019\u00eatre bon. Il a pris soin de soigner ses transmissions ce vendredi mais il a eu du mal dans les duels face aux attaquants Tango. On en attend plus. <\/p>\n<p><strong>Matth\u00e9o Xantippe (5).<\/strong> Lui aussi peut faire mieux mais il a fait le travail sur son couloir gauche avec une bonne activit\u00e9 offensive, ponctu\u00e9e de nombreux centres, qui n\u2019ont toutefois pas toujours trouv\u00e9 preneur. Des approximations techniques qu\u2019il lui faudra corriger alors que son \u00e9quipe peine d\u00e9j\u00e0 se cr\u00e9er des occasions<\/p>\n<p><strong>Samba Lele Diba (2).<\/strong> Encore une prestation catastrophique pour le milieu de terrain qui a perdu trop de ballons, dont un qui a failli co\u00fbter cher \u00e0 son \u00e9quipe, manqu\u00e9 une bonne opportunit\u00e9 d\u2019ouvrir le score et beaucoup trop souvent jou\u00e9 vers l\u2019arri\u00e8re. Manque de confiance ou niveau insuffisant ? Sa titularisation interpelle en tout cas <\/p>\n<p><strong>Jessy Benet (6).<\/strong> Difficile \u00e0 noter car malgr\u00e9 une prestation moyenne pour ses standards, sa passe aveugle sur le but grenoblois a fait la diff\u00e9rence. Il doit gagner en justesse technique pour davantage endosser le r\u00f4le de chef d\u2019orchestre de cette \u00e9quipe en panne d\u2019inspiration.<\/p>\n<p><strong>Baptiste Mouazan (4).<\/strong> Seulement 18 ballons touch\u00e9s, un chiffre qui symbolise les difficult\u00e9s rencontr\u00e9s par l\u2019ancien Thonier qui, pour sa premi\u00e8re titularisation, n\u2019a jamais trouv\u00e9 son rythme<\/p>\n<p><strong>Th\u00e9o Valls (5).<\/strong> M\u00eame constat qu\u2019\u00e0 Troyes : pas un mauvais match mais on attend beaucoup plus de l\u2019ancien du Servette qui ne p\u00e8se pas suffisamment sur le jeu de son \u00e9quipe malgr\u00e9 une grosse activit\u00e9 et qui a eu beaucoup de d\u00e9chet technique ce vendredi<\/p>\n<p><strong>Yadali Diaby (6).<\/strong> Il aurait pu marquer en d\u00e9but de match \u2013 ou a minima cadrer. Hormis ce point noir, difficile de lui reprocher sa prestation avec une pression constante mise sur ses d\u00e9fenseurs et un bel \u00e9tat d\u2019esprit dans les duels. Son r\u00f4le est particuli\u00e8rement ingrat, il s\u2019en est acquitt\u00e9 avec les honneurs, avec ses limites \u00e0 ce poste<\/p>\n","protected":false},"excerpt":{"rendered":"D\u00e9couvrez nos notes apr\u00e8s la rencontre de la deuxi\u00e8me journ\u00e9e de Ligue 2 qui a oppos\u00e9 ce vendredi&hellip;\n","protected":false},"author":2,"featured_media":328020,"comment_status":"","ping_status":"","sticky":false,"template":"","format":"standard","meta":{"footnotes":""},"categories":[9566],"tags":[1111,11,2430,1777,674,1011,27,2731,12,25],"class_list":{"0":"post-328019","1":"post","2":"type-post","3":"status-publish","4":"format-standard","5":"has-post-thumbnail","7":"category-grenoble","8":"tag-actu","9":"tag-actualites","10":"tag-auvergne-rhone-alpes","11":"tag-eu","12":"tag-europe","13":"tag-fr","14":"tag-france","15":"tag-grenoble","16":"tag-news","17":"tag-republique-francaise"},"share_on_mastodon":{"url":"https:\/\/pubeurope.com\/@fr\/115052135214822172","error":""},"_links":{"self":[{"href":"https:\/\/www.europesays.com\/fr\/wp-json\/wp\/v2\/posts\/328019","targetHints":{"allow":["GET"]}}],"collection":[{"href":"https:\/\/www.europesays.com\/fr\/wp-json\/wp\/v2\/posts"}],"about":[{"href":"https:\/\/www.europesays.com\/fr\/wp-json\/wp\/v2\/types\/post"}],"author":[{"embeddable":true,"href":"https:\/\/www.europesays.com\/fr\/wp-json\/wp\/v2\/users\/2"}],"replies":[{"embeddable":true,"href":"https:\/\/www.europesays.com\/fr\/wp-json\/wp\/v2\/comments?post=328019"}],"version-history":[{"count":0,"href":"https:\/\/www.europesays.com\/fr\/wp-json\/wp\/v2\/posts\/328019\/revisions"}],"wp:featuredmedia":[{"embeddable":true,"href":"https:\/\/www.europesays.com\/fr\/wp-json\/wp\/v2\/media\/328020"}],"wp:attachment":[{"href":"https:\/\/www.europesays.com\/fr\/wp-json\/wp\/v2\/media?parent=328019"}],"wp:term":[{"taxonomy":"category","embeddable":true,"href":"https:\/\/www.europesays.com\/fr\/wp-json\/wp\/v2\/categories?post=328019"},{"taxonomy":"post_tag","embeddable":true,"href":"https:\/\/www.europesays.com\/fr\/wp-json\/wp\/v2\/tags?post=328019"}],"curies":[{"name":"wp","href":"https:\/\/api.w.org\/{rel}","templated":true}]}}