{"id":328021,"date":"2025-08-18T22:31:10","date_gmt":"2025-08-18T22:31:10","guid":{"rendered":"https:\/\/www.europesays.com\/fr\/328021\/"},"modified":"2025-08-18T22:31:10","modified_gmt":"2025-08-18T22:31:10","slug":"un-buteur-de-ligue-1-a-25-me-habib-beye-jette-leponge","status":"publish","type":"post","link":"https:\/\/www.europesays.com\/fr\/328021\/","title":{"rendered":"un buteur de Ligue 1 \u00e0 25 M\u20ac, Habib Beye jette l&rsquo;\u00e9ponge"},"content":{"rendered":"<p>Tr\u00e8s d\u00e9cevant la saison derni\u00e8re en Ligue 1, <a href=\"https:\/\/www.dailymercato.com\/club\/stade-rennais-fc-24\" rel=\"nofollow noopener\" target=\"_blank\">Rennes<\/a> a entam\u00e9 l&rsquo;exercice 2025\/2026 de la plus belle des mani\u00e8res. Avec une victoire de prestige sur l&rsquo;Olympique de Marseille, en inf\u00e9riorit\u00e9 num\u00e9rique, devant un Roazhon Park forc\u00e9ment ravi (1-0).\u00a0<\/p>\n<p>Les Bretons, priv\u00e9s d&rsquo;Arnaud Kalimuendo, transf\u00e9r\u00e9 en Premier League anglaise, s&rsquo;en sont remis \u00e0 un but de Ludovic Blas pour faire la diff\u00e9rence. Mais le coach, Habib Beye, en est conscient, un nouveau num\u00e9ro 9 est attendu avec impatience d&rsquo;ici la fin du mercato d&rsquo;\u00e9t\u00e9.\u00a0<\/p>\n<blockquote class=\"twitter-tweet\"><p>&#13;<\/p>\n<p dir=\"ltr\" lang=\"fr\">En qu\u00eate d&rsquo;un attaquant qui pourrait \u00eatre le Danois du Sporting CP Conrad Harder, le Stade Rennais a aussi tent\u00e9 Est\u00e9ban Lepaul. Le montant demand\u00e9 par le SCO a \u00e9t\u00e9 dissuasif. <a href=\"https:\/\/t.co\/FoKrlj8JBB\" rel=\"nofollow\">https:\/\/t.co\/FoKrlj8JBB<\/a> <a href=\"https:\/\/t.co\/CFOixbD8b2\" rel=\"nofollow\">pic.twitter.com\/CFOixbD8b2<\/a><\/p>\n<p>&#13;<br \/>\n\u2014 L&rsquo;\u00c9quipe (@lequipe) <a href=\"https:\/\/twitter.com\/lequipe\/status\/1957177003397808630?ref_src=twsrc%5Etfw\" rel=\"nofollow noopener\" target=\"_blank\">August 17, 2025<\/a><\/p><\/blockquote>\n<p>Lepaul trop cher, Rennes fonce sur Harder ?<\/p>\n<p>Buteur hier dimanche avec Angers, Est\u00e9ban Lepaul est toujours suivi avec insistance par le Stade Rennais. Mais selon L&rsquo;\u00c9quipe, le SCO a demand\u00e9 25 millions d&rsquo;euros. Ce qui a logiquement mis fin aux sollicitations bretonnes.\u00a0<\/p>\n<p>Un coup dur pour Habib Beye qui lorgnait sur le leader d&rsquo;attaque angevin. Finalement, les Rouge et Noir pourraient se rabattre sur Conrad Harder. L&rsquo;avant-centre danois de 20 ans, estim\u00e9 \u00e0 24 millions d&rsquo;euros, appartient au Sporting Portugal. La meilleure option ?\u00a0<\/p>\n<p>Nordiste pure souche, qui pr\u00e9f\u00e8re un bon match de National avec l&rsquo;USBCO \u00e0 la rivalit\u00e9 entre le RC Lens et le LOSC. Fan des grosses ambiances avant tout, de l&rsquo;ASSE \u00e0 l&rsquo;OM en passant par Strasbourg. Aux armes !<\/p>\n<p>            <script async src=\"https:\/\/platform.twitter.com\/widgets.js\" charset=\"utf-8\"><\/script><\/p>\n","protected":false},"excerpt":{"rendered":"Tr\u00e8s d\u00e9cevant la saison derni\u00e8re en Ligue 1, Rennes a entam\u00e9 l&rsquo;exercice 2025\/2026 de la plus belle des&hellip;\n","protected":false},"author":2,"featured_media":328022,"comment_status":"","ping_status":"","sticky":false,"template":"","format":"standard","meta":{"footnotes":""},"categories":[2821],"tags":[1111,11,829,1777,674,1011,27,12,584,25],"class_list":{"0":"post-328021","1":"post","2":"type-post","3":"status-publish","4":"format-standard","5":"has-post-thumbnail","7":"category-rennes","8":"tag-actu","9":"tag-actualites","10":"tag-bretagne","11":"tag-eu","12":"tag-europe","13":"tag-fr","14":"tag-france","15":"tag-news","16":"tag-rennes","17":"tag-republique-francaise"},"share_on_mastodon":{"url":"https:\/\/pubeurope.com\/@fr\/115052143267322533","error":""},"_links":{"self":[{"href":"https:\/\/www.europesays.com\/fr\/wp-json\/wp\/v2\/posts\/328021","targetHints":{"allow":["GET"]}}],"collection":[{"href":"https:\/\/www.europesays.com\/fr\/wp-json\/wp\/v2\/posts"}],"about":[{"href":"https:\/\/www.europesays.com\/fr\/wp-json\/wp\/v2\/types\/post"}],"author":[{"embeddable":true,"href":"https:\/\/www.europesays.com\/fr\/wp-json\/wp\/v2\/users\/2"}],"replies":[{"embeddable":true,"href":"https:\/\/www.europesays.com\/fr\/wp-json\/wp\/v2\/comments?post=328021"}],"version-history":[{"count":0,"href":"https:\/\/www.europesays.com\/fr\/wp-json\/wp\/v2\/posts\/328021\/revisions"}],"wp:featuredmedia":[{"embeddable":true,"href":"https:\/\/www.europesays.com\/fr\/wp-json\/wp\/v2\/media\/328022"}],"wp:attachment":[{"href":"https:\/\/www.europesays.com\/fr\/wp-json\/wp\/v2\/media?parent=328021"}],"wp:term":[{"taxonomy":"category","embeddable":true,"href":"https:\/\/www.europesays.com\/fr\/wp-json\/wp\/v2\/categories?post=328021"},{"taxonomy":"post_tag","embeddable":true,"href":"https:\/\/www.europesays.com\/fr\/wp-json\/wp\/v2\/tags?post=328021"}],"curies":[{"name":"wp","href":"https:\/\/api.w.org\/{rel}","templated":true}]}}