{"id":328030,"date":"2025-08-18T22:36:28","date_gmt":"2025-08-18T22:36:28","guid":{"rendered":"https:\/\/www.europesays.com\/fr\/328030\/"},"modified":"2025-08-18T22:36:28","modified_gmt":"2025-08-18T22:36:28","slug":"se-balader-par-tous-les-temps-en-foret-de-touffou-plus-grand-poumon-vert-de-la-metropole-nantaise","status":"publish","type":"post","link":"https:\/\/www.europesays.com\/fr\/328030\/","title":{"rendered":"Se balader par tous les temps en for\u00eat de Touffou, plus grand poumon vert de la m\u00e9tropole nantaise"},"content":{"rendered":"<p>Et si on profitait des vacances d\u2019\u00e9t\u00e9 pour (re)d\u00e9couvrir la for\u00eat de Touffou\u00a0\u00e0 Vertou? Elle a l\u2019avantage d\u2019\u00eatre accessible en cas de forte chaleur gr\u00e2ce \u00e0 son ombrage constant sous les grands arbres feuillus.<\/p>\n<p>La for\u00eat<\/p>\n<p>C\u2019est le plus grand poumon vert de la m\u00e9tropole nantaise. La for\u00eat de Touffou s\u2019\u00e9tale sur deux communes\u00a0: Vertou et Le Bignon. Quarante-sept\u00a0hectares (sur un total de 230) sont ouverts au public et appartiennent au D\u00e9partement\u00a0; le reste du domaine est priv\u00e9. En mati\u00e8re de faune, la for\u00eat abrite des chevreuils et un oiseau peu connu, l\u2019engoulevent d\u2019Europe, oiseau nocturne qui a la particularit\u00e9 de se reposer \u00e0 m\u00eame le sol en journ\u00e9e\u00a0; alors, attention o\u00f9 l\u2019on met les pieds\u00a0!<\/p>\n<p><strong>Lire aussi\u00a0:<\/strong>\u00a0<a href=\"https:\/\/nantes.maville.com\/actu\/actudet_-vertou-testez-votre-connaissance-de-la-ville-avec-ce-quiz-en-sept-questions-_52716-6913249_actu.Htm\" target=\"_blank\" rel=\"noopener\">Vertou\u00a0: testez votre connaissance de la ville avec ce quiz en sept questions<\/a><\/p>\n<p>Son histoire<\/p>\n<p>Jadis, la for\u00eat \u00e9tait la terre de chasse des ducs de Bretagne. Au XVIe\u00a0si\u00e8cle, elle occupait plus de 6\u00a0000\u00a0hectares\u00a0! Son nom vient de l\u2019ancien fran\u00e7ais \u00ab\u00a0fao\u00a0\u00bb, qui signifiait h\u00eatre et \u00ab\u00a0tot\u00a0\u00bb, signifiant tout. On peut donc traduire Touffou par \u00ab\u00a0la for\u00eat tout en h\u00eatres\u00a0\u00bb. Durant la R\u00e9volution, elle a \u00e9t\u00e9 le th\u00e9\u00e2tre de combats entre royalistes et r\u00e9publicains. <a href=\"https:\/\/nantes.maville.com\/actu\/actudet_-la-discrete-foret-de-touffou-est-un-paradis-a-deux-pas-de-nantes-_8-6527985_actu.Htm\" target=\"_blank\" rel=\"noopener\">Aujourd\u2019hui, le domaine rassemble de nombreux feuillus, essentiellement des ch\u00eanes et des ch\u00e2taigniers, mais aussi des r\u00e9sineux, tels les pins sylvestres<\/a>.<\/p>\n<p>\t<img decoding=\"async\" src=\"https:\/\/www.europesays.com\/fr\/wp-content\/uploads\/2025\/08\/P35411306D6937909G_px_640_.jpg\" alt=\"photo la for\u00eat de touffou a la particularit\u00e9 d\u2019\u00eatre peupl\u00e9e de cabanes sous forme de tipis.  \u00a9  ouest-france\" width=\"640\" title=\" La for\u00eat de Touffou a la particularit\u00e9 d\u2019\u00eatre peupl\u00e9e de cabanes sous forme de tipis.   Ouest-France \"\/><\/p>\n<p class=\"elmt-legende\"> La for\u00eat de Touffou a la particularit\u00e9 d\u2019\u00eatre peupl\u00e9e de cabanes sous forme de tipis.   Ouest-France <\/p>\n<p>La balade<\/p>\n<p>Un itin\u00e9raire d\u2019environ quatre\u00a0kilom\u00e8tres permet de faire une boucle dans la for\u00eat. La randonn\u00e9e courte (1\u00a0h), est accessible aux familles avec de jeunes enfants et m\u00eame aux poussettes. Tr\u00e8s bien indiqu\u00e9, ce chemin est ombrag\u00e9 tout du long\u00a0: parfait pour prendre l\u2019air, m\u00eame quand il fait tr\u00e8s chaud\u00a0! Le parking est situ\u00e9 au point de d\u00e9part (au lieu-dit Ch\u00e2teau-Gaillard \u00e0 Vertou).<\/p>\n<p>\t<img decoding=\"async\" src=\"https:\/\/www.europesays.com\/fr\/wp-content\/uploads\/2025\/08\/P35411307D6937909G_px_640_.jpg\" alt=\"photo deux grenouilles prennent le soleil sur une branche au niveau de la mare.  \u00a9  ouest-france\" width=\"640\" title=\" Deux grenouilles prennent le soleil sur une branche au niveau de la mare.   Ouest-France \"\/><\/p>\n<p class=\"elmt-legende\"> Deux grenouilles prennent le soleil sur une branche au niveau de la mare.   Ouest-France <\/p>\n<p>Les trucs chouettes<\/p>\n<p>Sous la majest\u00e9 des arbres, la balade est apaisante et suffira \u00e0 combler les adultes. Pour divertir les enfants, la for\u00eat abrite de nombreuses cabanes construites le long des chemins\u00a0: de quoi faire de petites pauses en se prenant pour des aventuriers. Autre chose chouette\u00a0: la mare foresti\u00e8re, situ\u00e9e sur le parcours, qui recense un nombre impressionnant de grenouilles vertes. Il suffit de marcher le long de la mare pour les voir sauter dans l\u2019eau\u00a0: rires garantis\u00a0!<\/p>\n<p>\u00a0<\/p>\n","protected":false},"excerpt":{"rendered":"Et si on profitait des vacances d\u2019\u00e9t\u00e9 pour (re)d\u00e9couvrir la for\u00eat de Touffou\u00a0\u00e0 Vertou? Elle a l\u2019avantage d\u2019\u00eatre&hellip;\n","protected":false},"author":2,"featured_media":328031,"comment_status":"","ping_status":"","sticky":false,"template":"","format":"standard","meta":{"footnotes":""},"categories":[2818],"tags":[1111,11,46490,1777,674,5183,1011,27,2515,2800,7127,766,12,2636,21799,25,5426,46491,30917],"class_list":{"0":"post-328030","1":"post","2":"type-post","3":"status-publish","4":"format-standard","5":"has-post-thumbnail","7":"category-nantes","8":"tag-actu","9":"tag-actualites","10":"tag-balader","11":"tag-eu","12":"tag-europe","13":"tag-foret","14":"tag-fr","15":"tag-france","16":"tag-grand","17":"tag-metropole","18":"tag-nantaise","19":"tag-nantes","20":"tag-news","21":"tag-pays-de-la-loire","22":"tag-poumon","23":"tag-republique-francaise","24":"tag-temps","25":"tag-touffou","26":"tag-vert"},"share_on_mastodon":{"url":"https:\/\/pubeurope.com\/@fr\/115052163019291718","error":""},"_links":{"self":[{"href":"https:\/\/www.europesays.com\/fr\/wp-json\/wp\/v2\/posts\/328030","targetHints":{"allow":["GET"]}}],"collection":[{"href":"https:\/\/www.europesays.com\/fr\/wp-json\/wp\/v2\/posts"}],"about":[{"href":"https:\/\/www.europesays.com\/fr\/wp-json\/wp\/v2\/types\/post"}],"author":[{"embeddable":true,"href":"https:\/\/www.europesays.com\/fr\/wp-json\/wp\/v2\/users\/2"}],"replies":[{"embeddable":true,"href":"https:\/\/www.europesays.com\/fr\/wp-json\/wp\/v2\/comments?post=328030"}],"version-history":[{"count":0,"href":"https:\/\/www.europesays.com\/fr\/wp-json\/wp\/v2\/posts\/328030\/revisions"}],"wp:featuredmedia":[{"embeddable":true,"href":"https:\/\/www.europesays.com\/fr\/wp-json\/wp\/v2\/media\/328031"}],"wp:attachment":[{"href":"https:\/\/www.europesays.com\/fr\/wp-json\/wp\/v2\/media?parent=328030"}],"wp:term":[{"taxonomy":"category","embeddable":true,"href":"https:\/\/www.europesays.com\/fr\/wp-json\/wp\/v2\/categories?post=328030"},{"taxonomy":"post_tag","embeddable":true,"href":"https:\/\/www.europesays.com\/fr\/wp-json\/wp\/v2\/tags?post=328030"}],"curies":[{"name":"wp","href":"https:\/\/api.w.org\/{rel}","templated":true}]}}