{"id":328049,"date":"2025-08-18T22:51:18","date_gmt":"2025-08-18T22:51:18","guid":{"rendered":"https:\/\/www.europesays.com\/fr\/328049\/"},"modified":"2025-08-18T22:51:18","modified_gmt":"2025-08-18T22:51:18","slug":"paris-penalise-par-le-repli-des-bancaires-a-quelques-jours-de-jackson-hole-18-08-2025-a-1058","status":"publish","type":"post","link":"https:\/\/www.europesays.com\/fr\/328049\/","title":{"rendered":"Paris: p\u00e9nalis\u00e9 par le repli des bancaires \u00e0 quelques jours de Jackson Hole &#8211; 18\/08\/2025 \u00e0 10:58"},"content":{"rendered":"<p>                                                                (Zonebourse.com) &#8211; La Bourse de Paris c\u00e8de 0,6% ce matin, autour des 7873 points, lourdement p\u00e9nalis\u00e9e par le secteur bancaire (-2,4% pour Credit Agricole et BNP Paribas, -2% pour Soci\u00e9t\u00e9 G\u00e9n\u00e9rale).<\/p>\n<p>Si les volumes \u00e9chang\u00e9s sont pour l&rsquo;instant fam\u00e9liques, les rendez-vous g\u00e9opolitiques et \u00e9conomiques des prochaines heures et jours incitent aussi \u00e0 la prudence.\n<\/p>\n<p>Ainsi, apr\u00e8s la rencontre entre Donald Trump et Vladimir Poutine organis\u00e9e en Alaska, qui n&rsquo;a d\u00e9bouch\u00e9 sur aucune avanc\u00e9e tangible, le pr\u00e9sident \u00e9tats-unien doit rencontrer aujourd&rsquo;hui son homologue ukrainien, un \u00e9v\u00e9nement qui pourrait donner un nouvel \u00e9lan aux relations entre Washington et Kiev.\n<\/p>\n<p>&lsquo;Un cessez-le-feu en Ukraine n&rsquo;est qu&rsquo;une question de temps, et le th\u00e8me de la reconstruction du pays prend d\u00e9j\u00e0 de l&rsquo;ampleur&rsquo;, estimait ce matin Joachim Klement, analyste chez Panmure Liberum, pour lequel un tel sc\u00e9nario ne manquerait pas de b\u00e9n\u00e9ficier aux valeurs cycliques europ\u00e9ennes.\n<\/p>\n<p>Les march\u00e9s seront aussi attentifs, \u00e0 partir de jeudi, \u00e0 l&rsquo;ouverture de la r\u00e9union des banquiers centraux \u00e0 Jackson Hole (Wyoming), aux Etats-Unis, alors que les investisseurs s&rsquo;interrogent sur l&rsquo;\u00e9volution des politiques mon\u00e9taires.\n<\/p>\n<p>Le symposium sera domin\u00e9 vendredi par l&rsquo;intervention de Jerome Powell, le pr\u00e9sident de la R\u00e9serve f\u00e9d\u00e9rale.\n<\/p>\n<p>Si aucune annonce spectaculaire n&rsquo;est \u00e0 envisager, les investisseurs esp\u00e8rent obtenir quelques indices sur la volont\u00e9 du patron de la Fed de proc\u00e9der \u00e0 un assouplissement mon\u00e9taire tr\u00e8s attendu le mois prochain.\n<\/p>\n<p>Le &lsquo;rally&rsquo; affich\u00e9 par les march\u00e9s d&rsquo;actions am\u00e9ricains, ainsi que par leurs homologues europ\u00e9ens, depuis cinq mois repose essentiellement sur l&rsquo;espoir de voir la banque centrale am\u00e9ricaine baisser ses taux afin de relancer une croissance am\u00e9ricaine qui semble d\u00e9sormais en perte de vitesse, et ce en d\u00e9pit de la persistance de l&rsquo;inflation.\n<\/p>\n<p>Si, en fin de compte, la d\u00e9ception \u00e9tait au rendez-vous, le redressement des places boursi\u00e8res pourrait bien s&rsquo;interrompre.\n<\/p>\n<p>Le discours de la pr\u00e9sidente de la Banque centrale europ\u00e9enne (BCE), Christine Lagarde, sera \u00e9galement suivi, mais il est programm\u00e9 pour samedi, alors que les march\u00e9s financiers seront ferm\u00e9s.\n<\/p>\n<p>Notons que la publication, mercredi soir, des &lsquo;minutes&rsquo; de la derni\u00e8re r\u00e9union de la Fed sera tout particuli\u00e8rement scrut\u00e9e, m\u00eame si les intervenants ne manqueront pas de les relativiser, puisqu&rsquo;elles ne tiendront pas compte des chiffres de l&#8217;emploi d\u00e9cevants publi\u00e9s d\u00e9but ao\u00fbt.\n<\/p>\n<p>Sur l&rsquo;agenda des indicateurs figurent \u00e9galement les indices d&rsquo;activit\u00e9 PMI en Europe, qui devraient confirmer jeudi que le secteur manufacturier reste \u00e0 la peine et que la croissance sur le Vieux Continent reste essentiellement port\u00e9e par le secteur des services.\n<\/p>\n<p>Du c\u00f4t\u00e9 des r\u00e9sultats, les comptes des distributeurs am\u00e9ricains Home Depot, Target et Walmart permettront de mesurer, au cours des prochains jours, l&rsquo;impact des nouveaux droits de douane sur la consommation des m\u00e9nages aux Etats-Unis.\n<\/p>\n<p>\u00c0 Londres, le Brent c\u00e8de 0,4%, \u00e0 65,8 USD le baril. L&rsquo;euro c\u00e8de 0,1% face au billet vert, \u00e0 1,168 USD.\n<\/p>\n<p>Dans l&rsquo;actualit\u00e9 des soci\u00e9t\u00e9s tricolores, Valneva annonce que Sant\u00e9 Canada a accord\u00e9 une autorisation de mise sur le march\u00e9 \u00e0 son vaccin \u00e0 dose unique, Ixchiq, pour la pr\u00e9vention de la maladie caus\u00e9e par le virus du chikungunya chez les personnes \u00e2g\u00e9es de 12 ans et plus.\n<\/p>\n<p>Par ailleurs, Riber, le sp\u00e9cialiste des \u00e9quipements d&rsquo;\u00e9pitaxie par jets mol\u00e9culaires (MBE), fait part de la commande de deux nouveaux syst\u00e8mes de production MBE 6000 par un client industriel en Asie, syst\u00e8mes dont la livraison est pr\u00e9vue en 2025 et 2026.<\/p>\n","protected":false},"excerpt":{"rendered":"(Zonebourse.com) &#8211; La Bourse de Paris c\u00e8de 0,6% ce matin, autour des 7873 points, lourdement p\u00e9nalis\u00e9e par le&hellip;\n","protected":false},"author":2,"featured_media":9135,"comment_status":"","ping_status":"","sticky":false,"template":"","format":"standard","meta":{"footnotes":""},"categories":[1888],"tags":[400,1111,1928,11,1927,398,408,405,1777,674,1011,27,403,402,399,404,12,1926,626,1925,25,401,406,407],"class_list":{"0":"post-328049","1":"post","2":"type-post","3":"status-publish","4":"format-standard","5":"has-post-thumbnail","7":"category-paris","8":"tag-action-cac-40","9":"tag-actu","10":"tag-actu-paris","11":"tag-actualites","12":"tag-actualites-paris","13":"tag-bourse-de-paris","14":"tag-boursorama","15":"tag-cotations","16":"tag-eu","17":"tag-europe","18":"tag-fr","19":"tag-france","20":"tag-indices-devises","21":"tag-investir","22":"tag-investissement","23":"tag-marche-boursier","24":"tag-news","25":"tag-news-paris","26":"tag-paris","27":"tag-paris-news","28":"tag-republique-francaise","29":"tag-sicav","30":"tag-trackers","31":"tag-warrants"},"share_on_mastodon":{"url":"https:\/\/pubeurope.com\/@fr\/115052222018351449","error":""},"_links":{"self":[{"href":"https:\/\/www.europesays.com\/fr\/wp-json\/wp\/v2\/posts\/328049","targetHints":{"allow":["GET"]}}],"collection":[{"href":"https:\/\/www.europesays.com\/fr\/wp-json\/wp\/v2\/posts"}],"about":[{"href":"https:\/\/www.europesays.com\/fr\/wp-json\/wp\/v2\/types\/post"}],"author":[{"embeddable":true,"href":"https:\/\/www.europesays.com\/fr\/wp-json\/wp\/v2\/users\/2"}],"replies":[{"embeddable":true,"href":"https:\/\/www.europesays.com\/fr\/wp-json\/wp\/v2\/comments?post=328049"}],"version-history":[{"count":0,"href":"https:\/\/www.europesays.com\/fr\/wp-json\/wp\/v2\/posts\/328049\/revisions"}],"wp:featuredmedia":[{"embeddable":true,"href":"https:\/\/www.europesays.com\/fr\/wp-json\/wp\/v2\/media\/9135"}],"wp:attachment":[{"href":"https:\/\/www.europesays.com\/fr\/wp-json\/wp\/v2\/media?parent=328049"}],"wp:term":[{"taxonomy":"category","embeddable":true,"href":"https:\/\/www.europesays.com\/fr\/wp-json\/wp\/v2\/categories?post=328049"},{"taxonomy":"post_tag","embeddable":true,"href":"https:\/\/www.europesays.com\/fr\/wp-json\/wp\/v2\/tags?post=328049"}],"curies":[{"name":"wp","href":"https:\/\/api.w.org\/{rel}","templated":true}]}}