{"id":328082,"date":"2025-08-18T23:12:11","date_gmt":"2025-08-18T23:12:11","guid":{"rendered":"https:\/\/www.europesays.com\/fr\/328082\/"},"modified":"2025-08-18T23:12:11","modified_gmt":"2025-08-18T23:12:11","slug":"un-crack-de-ligue-1-annonce-au-psg-lannonce-inquietante-de-riolo","status":"publish","type":"post","link":"https:\/\/www.europesays.com\/fr\/328082\/","title":{"rendered":"Un crack de Ligue 1 annonc\u00e9 au PSG\u00a0: L\u2019annonce inqui\u00e9tante de Riolo"},"content":{"rendered":"<p>                    Bernard Colas<br \/>\n                        &#8211;<\/p>\n<p>Journaliste<\/p>\n<p>Passionn\u00e9 de sport, de cin\u00e9ma et de t\u00e9l\u00e9vision (\u00e0 l\u2019\u00e9cran comme derri\u00e8re) depuis son enfance, Bernard est journaliste pour le 10 Sport depuis 2018. Plus habile clavier en main que ballon au pied, il d\u00e9cide de couvrir principalement un sport adul\u00e9, critiqu\u00e9 et d\u00e9test\u00e9 \u00e0 la fois (le football) et un sport qui n\u2019en est pas un (le catch).<\/p>\n<p class=\"heading\">Alors que son avenir \u00e0 l\u2019AS Monaco s\u2019\u00e9crit en pointill\u00e9, Maghn\u00e8s Akliouche pourrait plier bagage avant la fin du mercato estival et pla\u00eet au Paris Saint-Germain. Le journaliste Daniel Riolo estime n\u00e9anmoins que le joueur de 23 ans aurait du mal \u00e0 se faire une place chez les champions d\u2019Europe.<\/p>\n<p>C\u2019est un nom qui revient depuis longtemps au<strong> <\/strong><a href=\"https:\/\/le10sport.com\/football\/ligue1\/psg\/psg-la-femme-dun-joueur-en-plein-scandale-des-declarations-chocs-devoilees-754714\" rel=\"nofollow noopener\" target=\"_blank\">PSG<\/a>. Apr\u00e8s avoir mis la main sur <strong>Bradley Barcola<\/strong> et <strong>D\u00e9sir\u00e9 Dou\u00e9<\/strong>,<strong> Luis Campos <\/strong>appr\u00e9cie le profil de <strong>Maghn\u00e8s Akliouche<\/strong>, autre p\u00e9pite de Ligue 1 dont l\u2019avenir reste incertain. <strong>L\u2019AS Monaco<\/strong> est pr\u00eate \u00e0 laisser partir son crack, qui verrait d\u2019un bon \u0153il un transfert chez le champion d\u2019Europe, selon les r\u00e9centes informations divulgu\u00e9es par Sports Zone.<\/p>\n<p>                                            \u00ab\u00a0C&rsquo;est forc\u00e9ment un mec qui vient en premier rempla\u00e7ant\u00a0\u00bb<\/p>\n<p>Un dossier qui n\u2019emballe pas vraiment <strong>Daniel Riolo<\/strong>, affichant ses doutes dimanche soir dans l\u2019After Foot. \u00ab\u00a0Ce n&rsquo;est pas la config de joueur que je vois rentrer dans ce PSG. D\u00e9j\u00e0, en titulaire tu as un trio de champions d&rsquo;Europe donc c&rsquo;est difficile d&rsquo;en sortir un. C&rsquo;est forc\u00e9ment un mec qui vient en premier rempla\u00e7ant\u00a0\u00bb, estime le journaliste de RMC.<\/p>\n<p>                                            Le dossier Akliouche d\u00e9pendrait des d\u00e9parts<\/p>\n<p>Selon Sports Zone, le dossier <strong>Akliouche <\/strong>pourrait d\u00e9pendre des ventes de <strong>Marco Asensio<\/strong> et surtout<strong> Kang-In Lee<\/strong>. Ce qui laisse penser que le Mon\u00e9gasque serait effectivement recruter pour la profondeur de l\u2019effectif.<\/p>\n","protected":false},"excerpt":{"rendered":"Bernard Colas &#8211; Journaliste Passionn\u00e9 de sport, de cin\u00e9ma et de t\u00e9l\u00e9vision (\u00e0 l\u2019\u00e9cran comme derri\u00e8re) depuis son&hellip;\n","protected":false},"author":2,"featured_media":328083,"comment_status":"","ping_status":"","sticky":false,"template":"","format":"standard","meta":{"footnotes":""},"categories":[1410],"tags":[63,1011,27,60],"class_list":{"0":"post-328082","1":"post","2":"type-post","3":"status-publish","4":"format-standard","5":"has-post-thumbnail","7":"category-football","8":"tag-football","9":"tag-fr","10":"tag-france","11":"tag-sports"},"share_on_mastodon":{"url":"https:\/\/pubeurope.com\/@fr\/115052304434691054","error":""},"_links":{"self":[{"href":"https:\/\/www.europesays.com\/fr\/wp-json\/wp\/v2\/posts\/328082","targetHints":{"allow":["GET"]}}],"collection":[{"href":"https:\/\/www.europesays.com\/fr\/wp-json\/wp\/v2\/posts"}],"about":[{"href":"https:\/\/www.europesays.com\/fr\/wp-json\/wp\/v2\/types\/post"}],"author":[{"embeddable":true,"href":"https:\/\/www.europesays.com\/fr\/wp-json\/wp\/v2\/users\/2"}],"replies":[{"embeddable":true,"href":"https:\/\/www.europesays.com\/fr\/wp-json\/wp\/v2\/comments?post=328082"}],"version-history":[{"count":0,"href":"https:\/\/www.europesays.com\/fr\/wp-json\/wp\/v2\/posts\/328082\/revisions"}],"wp:featuredmedia":[{"embeddable":true,"href":"https:\/\/www.europesays.com\/fr\/wp-json\/wp\/v2\/media\/328083"}],"wp:attachment":[{"href":"https:\/\/www.europesays.com\/fr\/wp-json\/wp\/v2\/media?parent=328082"}],"wp:term":[{"taxonomy":"category","embeddable":true,"href":"https:\/\/www.europesays.com\/fr\/wp-json\/wp\/v2\/categories?post=328082"},{"taxonomy":"post_tag","embeddable":true,"href":"https:\/\/www.europesays.com\/fr\/wp-json\/wp\/v2\/tags?post=328082"}],"curies":[{"name":"wp","href":"https:\/\/api.w.org\/{rel}","templated":true}]}}