{"id":328084,"date":"2025-08-18T23:13:16","date_gmt":"2025-08-18T23:13:16","guid":{"rendered":"https:\/\/www.europesays.com\/fr\/328084\/"},"modified":"2025-08-18T23:13:16","modified_gmt":"2025-08-18T23:13:16","slug":"un-streamer-francais-suivi-par-un-demi-million-dabonnes-perd-la-vie-en-plein-live-il-apparait-allonge-sans-vie","status":"publish","type":"post","link":"https:\/\/www.europesays.com\/fr\/328084\/","title":{"rendered":"Un streamer fran\u00e7ais suivi par un demi-million d&rsquo;abonn\u00e9s perd la vie en plein live, il appara\u00eet allong\u00e9 sans vie"},"content":{"rendered":"<p>            <img loading=\"lazy\" decoding=\"async\" src=\"https:\/\/www.europesays.com\/fr\/wp-content\/uploads\/2025\/04\/67-60dc2d2db82b7-35x35-1.jpg\" class=\"author-article-picture\" width=\"35\" height=\"35\"\/><\/p>\n<p>                Par<br \/>\n                                    <a class=\"author-article-bio-link\" href=\"https:\/\/www.purepeople.com\/auteur\/hiba-semali_a67\" rel=\"nofollow noopener\" target=\"_blank\">Hiba Semali<\/a><br \/>\n                                                    | R\u00e9dactrice<\/p>\n<p>\n                Rattach\u00e9e \u00e0 la rubrique t\u00e9l\u00e9, Hiba Semali se consacre au petit \u00e9cran. The Voice, Koh-Lanta, Top Chef, Secret Story, Star Academy ou encore Les Marseillais n&rsquo;ont aucun secret pour elle.\n            <\/p>\n<p>\n    C&rsquo;est une bien triste nouvelle qui tombe ce lundi 18 ao\u00fbt. Un streamer fran\u00e7ais &#8211; \u00e0 savoir une personne qui partage en vid\u00e9o ses parties de jeu vid\u00e9o &#8211; est mort. Toutes les informations sur ce d\u00e9part inattendu et survenu alors qu&rsquo;un live \u00e9tait lanc\u00e9.\n<\/p>\n<p>                            <img loading=\"lazy\" decoding=\"async\" class=\"player-thumbnail\" src=\"https:\/\/www.europesays.com\/fr\/wp-content\/uploads\/2025\/08\/e00f39216ace34bd-580x326-2.png\" width=\"580\" height=\"326\"\/><\/p>\n<p>                    Un streamer fran\u00e7ais suivi par un demi-million d&rsquo;abonn\u00e9s perd la vie en plein live, il appara\u00eet allong\u00e9 sans vie<\/p>\n<p>La suite apr\u00e8s la publicit\u00e9<\/p>\n<p>Le monde des r\u00e9seaux sociaux vient de perdre un membre important. <strong>Le streamer fran\u00e7ais<\/strong> <strong>Jean Pormanove, dit \u00ab\u00a0JP\u00a0\u00bb et de son vrai nom Rapha\u00ebl Graven, est mort<\/strong>. Il s&rsquo;est \u00e9teint \u00e0 l&rsquo;\u00e2ge de 46 ans dans la nuit de dimanche 17 \u00e0 lundi 18 ao\u00fbt 2025, \u00e0 Contes, pr\u00e8s de Nice, dans les Alpes-Maritimes. Cela faisait cinq ans qu&rsquo;il connaissait le succ\u00e8s \u00e0 travers les jeux vid\u00e9os en ligne. Comme l&rsquo;indiquent nos confr\u00e8res du Parisien, son entourage a confirm\u00e9 la nouvelle dans la journ\u00e9e et depuis, bien des internautes &#8211; connus ou non &#8211; lui rendent hommage.<\/p>\n<p>Owen Cenazandotti, c\u00e9l\u00e8bre sur la Toile sous le nom de Naruto Vie et proche de Jean Pormanove, a partag\u00e9 ce lundi 18 ao\u00fbt une story sur son compte Instagram. \u00ab\u00a0J&rsquo;ai toujours redout\u00e9 le jour o\u00f9 je devrais \u00e9crire ces mots. Malheureusement, cette nuit, JP (Rapha\u00ebl Graven) nous a quitt\u00e9s. Mon fr\u00e8re, mon acolyte, mon partenaire. Six ann\u00e9es c\u00f4te \u00e0 c\u00f4te, sans jamais nous l\u00e2cher. Je t&rsquo;aime mon fr\u00e8re et tu vas terriblement me manquer. Je vous demande \u00e0 tous de respecter sa m\u00e9moire et de ne pas partager <strong>la vid\u00e9o de son dernier souffle dans son sommeil<\/strong>\u00ab\u00a0, \u00e9crit alors ce dernier. Car Jean Pormanove est d\u00e9c\u00e9d\u00e9 devant un grand nombre de viewers (ndlr : spectateurs). En effet, celui qui \u00e9tait suivi par un demi-million de personnes sur Twitch ou encore TikTok a <strong>rendu l&rsquo;\u00e2me en plein live<\/strong>. Alors qu&rsquo;une vid\u00e9o en direct \u00e9tait diffus\u00e9e, il est apparu allong\u00e9 sans vie sur un matelas, couvert pas une couette. Face \u00e0 son silence et \u00ab\u00a0une position chelou\u00a0\u00bb pour dormir, ses camarades ont tent\u00e9 de le r\u00e9veiller&#8230; en vain.\u00a0<\/p>\n<p>Jean Pormanove est mort en plein live, une enqu\u00eate ouverte<\/p>\n<p>Le parquet de Nice a confirm\u00e9 aupr\u00e8s de nos confr\u00e8res du Parisien \u00ab\u00a0le d\u00e9c\u00e8s d&rsquo;un homme dans un local lou\u00e9 pour des lives de jeu vid\u00e9o\u00a0\u00bb, sans toutefois pr\u00e9ciser l&rsquo;identit\u00e9 du d\u00e9funt. Par ailleurs, <strong>une enqu\u00eate est men\u00e9e<\/strong> par les gendarmes de la brigade de recherches de Nice pour connaitre les raisons de la mort. \u00ab\u00a0<strong>A ce stade, il n&rsquo;y a rien de suspect<\/strong>, les auditions sont en cours et une autopsie sera pratiqu\u00e9e\u00a0\u00bb, ajoute le parquet. De son c\u00f4t\u00e9, son ami Owen semble indiquer que Jean Pormanove s&rsquo;en est all\u00e9 \u00ab\u00a0dans son sommeil\u00a0\u00bb.<\/p>\n<p>Toutes nos condol\u00e9ances aux proches de Rapha\u00ebl Graven.\u00a0<\/p>\n","protected":false},"excerpt":{"rendered":"Par Hiba Semali | R\u00e9dactrice Rattach\u00e9e \u00e0 la rubrique t\u00e9l\u00e9, Hiba Semali se consacre au petit \u00e9cran. The&hellip;\n","protected":false},"author":2,"featured_media":328085,"comment_status":"","ping_status":"","sticky":false,"template":"","format":"standard","meta":{"footnotes":""},"categories":[1359],"tags":[58,59,1011,27,973],"class_list":{"0":"post-328084","1":"post","2":"type-post","3":"status-publish","4":"format-standard","5":"has-post-thumbnail","7":"category-people","8":"tag-divertissement","9":"tag-entertainment","10":"tag-fr","11":"tag-france","12":"tag-people"},"share_on_mastodon":{"url":"https:\/\/pubeurope.com\/@fr\/115052308635790516","error":""},"_links":{"self":[{"href":"https:\/\/www.europesays.com\/fr\/wp-json\/wp\/v2\/posts\/328084","targetHints":{"allow":["GET"]}}],"collection":[{"href":"https:\/\/www.europesays.com\/fr\/wp-json\/wp\/v2\/posts"}],"about":[{"href":"https:\/\/www.europesays.com\/fr\/wp-json\/wp\/v2\/types\/post"}],"author":[{"embeddable":true,"href":"https:\/\/www.europesays.com\/fr\/wp-json\/wp\/v2\/users\/2"}],"replies":[{"embeddable":true,"href":"https:\/\/www.europesays.com\/fr\/wp-json\/wp\/v2\/comments?post=328084"}],"version-history":[{"count":0,"href":"https:\/\/www.europesays.com\/fr\/wp-json\/wp\/v2\/posts\/328084\/revisions"}],"wp:featuredmedia":[{"embeddable":true,"href":"https:\/\/www.europesays.com\/fr\/wp-json\/wp\/v2\/media\/328085"}],"wp:attachment":[{"href":"https:\/\/www.europesays.com\/fr\/wp-json\/wp\/v2\/media?parent=328084"}],"wp:term":[{"taxonomy":"category","embeddable":true,"href":"https:\/\/www.europesays.com\/fr\/wp-json\/wp\/v2\/categories?post=328084"},{"taxonomy":"post_tag","embeddable":true,"href":"https:\/\/www.europesays.com\/fr\/wp-json\/wp\/v2\/tags?post=328084"}],"curies":[{"name":"wp","href":"https:\/\/api.w.org\/{rel}","templated":true}]}}