{"id":328090,"date":"2025-08-18T23:16:11","date_gmt":"2025-08-18T23:16:11","guid":{"rendered":"https:\/\/www.europesays.com\/fr\/328090\/"},"modified":"2025-08-18T23:16:11","modified_gmt":"2025-08-18T23:16:11","slug":"lamour-est-dans-le-pre-pascal-nest-plus-celibataire","status":"publish","type":"post","link":"https:\/\/www.europesays.com\/fr\/328090\/","title":{"rendered":"\u00ab\u00a0L\u2019Amour est dans le pr\u00e9\u00a0\u00bb\u00a0: Pascal n\u2019est plus c\u00e9libataire"},"content":{"rendered":"<p>Lundi 11\u00a0ao\u00fbt, <a href=\"https:\/\/www.20minutes.fr\/arts-stars\/television\/4166711-20250811-amour-pre-celibataires-couple-agriculteurs-derniere-saison\" class=\"c-link c-link--is-underlined\" target=\"_blank\" rel=\"noopener\">le premier volet de \u00ab\u00a0L\u2019Amour est dans le pr\u00e9 &#8211; Que sont-ils devenus\u00a0?\u00a0\u00bb<\/a> a donn\u00e9 des nouvelles de la situation sentimentale d\u2019une grande partie des agriculteurs et agricultrices qui ont particip\u00e9, l\u2019an pass\u00e9, \u00e0 la saison 19 de l\u2019\u00e9mission de <a href=\"https:\/\/www.20minutes.fr\/dossier\/m6\" class=\"c-link c-link--is-underlined\" target=\"_blank\" rel=\"noopener\">M6<\/a>. La seconde partie diffus\u00e9e ce lundi a permis d\u2019en savoir davantage sur Micka\u00ebl, Valentin, Renaud et Pascal.<\/p>\n<p>Passons bri\u00e8vement sur le cas de Micka\u00ebl. L\u2019\u00e9leveur de vaches laiti\u00e8res breton de 55 ans n\u2019avait pas grand-chose \u00e0 annoncer, si ce n\u2019est qu\u2019il filait, <a href=\"https:\/\/www.20minutes.fr\/arts-stars\/television\/4123345-20241126-amour-pre-entre-mariage-projets-amour-ouf-heure-bilan\" class=\"c-link c-link--is-underlined\" target=\"_blank\" rel=\"noopener\">comme on le savait d\u00e9j\u00e0<\/a>, le parfait amour avec Nadia, la pr\u00e9tendante qui a su trouver le chemin de son c\u0153ur.<\/p>\n<p>Valentin avait \u00ab\u00a0du mal avec le caract\u00e8re\u00a0\u00bb de Flavie<\/p>\n<p>On savait \u00e9galement que Valentin, 26 ans, le benjamin de la saison 19, s\u2019\u00e9tait <a href=\"https:\/\/www.20minutes.fr\/arts-stars\/people\/4136857-20250203-amour-pre-entre-flavie-valentin-fini\" class=\"c-link c-link--is-underlined\" target=\"_blank\" rel=\"noopener\">s\u00e9par\u00e9 de Flavie en f\u00e9vrier<\/a>. Leur rupture avait \u00e9t\u00e9 r\u00e9v\u00e9l\u00e9e sur les r\u00e9seaux sociaux et avait aliment\u00e9 les rubriques people. Quinze jours apr\u00e8s le d\u00e9but de leur histoire devant les cam\u00e9ras de M6, <a href=\"https:\/\/www.20minutes.fr\/arts-stars\/television\/4119686-20241105-amour-pre-flavie-diagnostiquee-cancer-pendant-tournage\" class=\"c-link c-link--is-underlined\" target=\"_blank\" rel=\"noopener\">un cancer avait \u00e9t\u00e9 diagnostiqu\u00e9 \u00e0 la jeune femme<\/a>. Valentin l\u2019a accompagn\u00e9e dans cette \u00e9preuve, en lui cachant ses angoisses. Lors du bilan, diffus\u00e9 en d\u00e9cembre, Flavie confiait \u00eatre en r\u00e9mission. Malgr\u00e9 tout, leur romance a tourn\u00e9 court.<\/p>\n<\/p>\n<p>L\u2019\u00e9leveur normand a confi\u00e9 \u00e0 Karine Le\u00a0Marchand qu\u2019il avait \u00ab\u00a0du mal avec son caract\u00e8re\u00a0\u00bb et avec le fait que sa compagne passait <a href=\"https:\/\/www.20minutes.fr\/arts-stars\/people\/4141020-20250227-valentin-amour-pre-revele-pourquoi-decide-quitter-flavie\" class=\"c-link c-link--is-underlined\" target=\"_blank\" rel=\"noopener\">trop de temps, selon lui, \u00e0 documenter leur vie sur les r\u00e9seaux sociaux<\/a>. Depuis leur s\u00e9paration, Valentin n\u2019a pas retrouv\u00e9 l\u2019amour. Il n\u2019avait pas vraiment la t\u00eate \u00e0 \u00e7a car le d\u00e9c\u00e8s de sa grand-m\u00e8re Solange, \u00e0 96 ans, l\u2019a beaucoup affect\u00e9.<\/p>\n<p>Anne \u00e9tait \u00ab\u00a0trop casani\u00e8re\u00a0\u00bb pour Renaud<\/p>\n<p>Renaud l\u2019\u00e9leveur sarthois de 52 ans &#8211; et meilleur ami de Gillou &#8211; est lui aussi c\u00e9libataire depuis la fin du mois de f\u00e9vrier. Dans \u00ab\u00a0L\u2019Amour est dans le pr\u00e9\u00a0\u00bb, il avait jet\u00e9 son d\u00e9volu sur Anne et tous deux s\u2019\u00e9taient pr\u00e9sent\u00e9s ensemble au tournage du bilan. Mais l\u2019entente n\u2019\u00e9tait pas au beau fixe et ils n\u2019envisageaient pas leur quotidien de la m\u00eame mani\u00e8re. \u00ab\u00a0Elle \u00e9tait plut\u00f4t casani\u00e8re et les copains n\u2019osaient plus venir \u00e0 la maison\u00a0\u00bb, a-t-il expliqu\u00e9 \u00e0 <a href=\"https:\/\/www.20minutes.fr\/dossier\/karine_le_marchand\" class=\"c-link c-link--is-underlined\" target=\"_blank\" rel=\"noopener\">Karine Le\u00a0Marchand<\/a>. Il pr\u00e9cise qu\u2019ils se sont quitt\u00e9s \u00ab\u00a0en bons termes\u00a0\u00bb.<\/p>\n<p>La belle surprise de ce \u00ab\u00a0Que sont-ils devenus\u00a0?\u00a0\u00bb a surgi du c\u00f4t\u00e9 de Pascal. L\u2019\u00e9leveur, qui vient de f\u00eater ses 60 ans, avait marqu\u00e9 la saison 19 car sa relation avec Muriel tenait davantage de la com\u00e9die et du thriller que du sc\u00e9nario romantique. Sa pr\u00e9tendante n\u2019\u00e9conomisait pas ses critiques (de l\u2019encadrement bois\u00e9 des fen\u00eatres \u00e0 la couleur du canap\u00e9 en passant par l\u2019odeur des bouquets de lilas et le dressage de la table &#8211; \u00ab\u00a0les verres \u00e0 la pointe du couteau\u00a0!\u00a0\u00bb) si bien que le n\u00e9osexag\u00e9naire en a eu assez.<\/p>\n<p>La \u00ab\u00a0gentillesse\u00a0\u00bb de Pascal a s\u00e9duit C\u00e9line<\/p>\n<p>Avec Muriel, donc, \u00ab\u00a0\u00e7a ne l\u2019a pas fait\u00a0\u00bb et leur s\u00e9paration n\u2019a pas \u00e9t\u00e9 houleuse (elle l\u2019a appel\u00e9 pour lui pr\u00e9senter ses excuses au sujet de son comportement). Mais\u2026 Pascal a depuis trouv\u00e9 chaussure \u00e0 son pied. Presque gr\u00e2ce \u00e0 \u00ab\u00a0L\u2019Amour est dans le pr\u00e9\u00a0\u00bb\u2026 Car, c\u2019est lors du tournage du bilan de la saison 19 dans un camping d\u2019Arcachon (Gironde) qu\u2019il a rencontr\u00e9 C\u00e9line. Celle-ci, fid\u00e8le t\u00e9l\u00e9spectatrice de l\u2019\u00e9mission, \u00e9tait en vacances avec son fils quand elle a reconnu l\u2019agriculteur et a commenc\u00e9 \u00e0 lui parler. Une premi\u00e8re \u00ab\u00a0touche\u00a0\u00bb qui a d\u2019ailleurs \u00e9t\u00e9 \u00e9voqu\u00e9e, sur le ton de la blague, lors du bilan.<\/p>\n<p><a href=\"https:\/\/www.20minutes.fr\/television\/l_amour_est_dans_le_pr\/\" class=\"c-link c-btn c-btn--primary\" target=\"_blank\" rel=\"noopener\">Nos articles sur L&rsquo;amour est dans le pr\u00e9<\/a><\/p>\n<p>Mais tout \u00e9tait bien s\u00e9rieux\u00a0: C\u00e9line, qui vivait en Suisse, \u00e0 plus de 600\u00a0km de la ferme de Pascal, a d\u2019abord fait de nombreux allers-retours avant de finir par s\u2019installer chez lui. \u00ab\u00a0Sa gentillesse m\u2019a s\u00e9duite\u00a0\u00bb, a-t-elle t\u00e9moign\u00e9 face \u00e0 Karine Le\u00a0Marchand. Pascal, lui, arborait un grand sourire.<\/p>\n","protected":false},"excerpt":{"rendered":"Lundi 11\u00a0ao\u00fbt, le premier volet de \u00ab\u00a0L\u2019Amour est dans le pr\u00e9 &#8211; Que sont-ils devenus\u00a0?\u00a0\u00bb a donn\u00e9 des&hellip;\n","protected":false},"author":2,"featured_media":328091,"comment_status":"","ping_status":"","sticky":false,"template":"","format":"standard","meta":{"footnotes":""},"categories":[1356],"tags":[2572,1376,58,59,1011,27,5413,9307,494,252,1364],"class_list":{"0":"post-328090","1":"post","2":"type-post","3":"status-publish","4":"format-standard","5":"has-post-thumbnail","7":"category-television","8":"tag-agriculteurs","9":"tag-amour","10":"tag-divertissement","11":"tag-entertainment","12":"tag-fr","13":"tag-france","14":"tag-karine-le-marchand","15":"tag-lamour-est-dans-le-pre","16":"tag-m6","17":"tag-television","18":"tag-tv"},"share_on_mastodon":{"url":"https:\/\/pubeurope.com\/@fr\/115052320764667980","error":""},"_links":{"self":[{"href":"https:\/\/www.europesays.com\/fr\/wp-json\/wp\/v2\/posts\/328090","targetHints":{"allow":["GET"]}}],"collection":[{"href":"https:\/\/www.europesays.com\/fr\/wp-json\/wp\/v2\/posts"}],"about":[{"href":"https:\/\/www.europesays.com\/fr\/wp-json\/wp\/v2\/types\/post"}],"author":[{"embeddable":true,"href":"https:\/\/www.europesays.com\/fr\/wp-json\/wp\/v2\/users\/2"}],"replies":[{"embeddable":true,"href":"https:\/\/www.europesays.com\/fr\/wp-json\/wp\/v2\/comments?post=328090"}],"version-history":[{"count":0,"href":"https:\/\/www.europesays.com\/fr\/wp-json\/wp\/v2\/posts\/328090\/revisions"}],"wp:featuredmedia":[{"embeddable":true,"href":"https:\/\/www.europesays.com\/fr\/wp-json\/wp\/v2\/media\/328091"}],"wp:attachment":[{"href":"https:\/\/www.europesays.com\/fr\/wp-json\/wp\/v2\/media?parent=328090"}],"wp:term":[{"taxonomy":"category","embeddable":true,"href":"https:\/\/www.europesays.com\/fr\/wp-json\/wp\/v2\/categories?post=328090"},{"taxonomy":"post_tag","embeddable":true,"href":"https:\/\/www.europesays.com\/fr\/wp-json\/wp\/v2\/tags?post=328090"}],"curies":[{"name":"wp","href":"https:\/\/api.w.org\/{rel}","templated":true}]}}