{"id":328100,"date":"2025-08-18T23:22:10","date_gmt":"2025-08-18T23:22:10","guid":{"rendered":"https:\/\/www.europesays.com\/fr\/328100\/"},"modified":"2025-08-18T23:22:10","modified_gmt":"2025-08-18T23:22:10","slug":"une-decouverte-archeologique-au-kenya-pourrait-revolutionner-lhistoire-de-lhumanite","status":"publish","type":"post","link":"https:\/\/www.europesays.com\/fr\/328100\/","title":{"rendered":"Une d\u00e9couverte arch\u00e9ologique au Kenya pourrait r\u00e9volutionner l&rsquo;histoire de l&rsquo;humanit\u00e9"},"content":{"rendered":"<p>Dans <a href=\"https:\/\/www.science.org\/doi\/10.1126\/sciadv.adu5838\" target=\"_blank\" rel=\"nofollow noopener\">une \u00e9tude publi\u00e9e le 15 ao\u00fbt dans la revue Science Advances<\/a>, une \u00e9quipe internationale de chercheurs a mis au jour des traces d&rsquo;activit\u00e9 humaine vieilles d&rsquo;au moins 2,6 millions d&rsquo;ann\u00e9es, sur le site de Nyayanga, au Kenya. Les premiers fabricants d&rsquo;outils de la tradition <a href=\"https:\/\/fr.wikipedia.org\/wiki\/Oldowayen\" target=\"_blank\" rel=\"nofollow noopener\">oldowayenne<\/a>, du Pal\u00e9olithique inf\u00e9rieur, ne se contentaient pas de tailler des pierres trouv\u00e9es \u00e0 port\u00e9e de main. Ils s\u00e9lectionnaient des mat\u00e9riaux de qualit\u00e9 et les transportaient sur plus de 11 kilom\u00e8tres pour les transformer en outils.<\/p>\n<p>Cette d\u00e9couverte repousse la chronologie de ce comportement d&rsquo;au moins un demi-million d&rsquo;ann\u00e9es par rapport aux pr\u00e9c\u00e9dentes explorations arch\u00e9ologiques et montre que les hominid\u00e9s disposaient d\u00e9j\u00e0 de capacit\u00e9s cognitives complexes, <a href=\"https:\/\/www.404media.co\/a-new-discovery-might-have-just-rewritten-human-history\/\" target=\"_blank\" rel=\"nofollow noopener\">rapporte le m\u00e9dia en ligne am\u00e9ricain 404 Media<\/a>. Bien avant l&rsquo;invention des cha\u00eenes logistiques modernes, nos anc\u00eatres poss\u00e9daient d\u00e9j\u00e0 une vision \u00e0 long terme, une organisation \u00e9labor\u00e9e et une v\u00e9ritable culture du mat\u00e9riel.<\/p>\n<p>        <img decoding=\"async\" alt=\"Abonnez-vous gratuitement \u00e0 la newsletter de Slate !\" loading=\"lazy\" class=\"ms-4 ms-md-0\" width=\"82\" height=\"82\" src=\"https:\/\/www.slate.fr\/assets\/newsletter-dd7c4ea7fb4ce45aacc56875521d4bde7ec4ba23f0a0ae088566df808b3a80c3.svg\"\/><br \/>\n        Abonnez-vous gratuitement \u00e0 la newsletter de Slate !Les articles sont s\u00e9lectionn\u00e9s pour vous, en fonction de vos centres d\u2019int\u00e9r\u00eat, tous les jours dans votre bo\u00eete mail.<\/p>\n<p>\u00abJ&rsquo;ai toujours pens\u00e9 que les premiers fabricants d&rsquo;outils devaient avoir plus de capacit\u00e9s que ce que nous leur attribuons parfois\u00bb, confie <a href=\"https:\/\/www.cmnh.org\/science-conservation\/areas-of-study\/anthropological-sciences\/team-members#:~:text=EMMA%20FINESTONE%2C%20PH.D.\" target=\"_blank\" rel=\"nofollow noopener\">Emma Finestone<\/a>, titulaire de la chaire Robert J. et Linnet E. Fritz sur les origines de l&rsquo;humanit\u00e9 au Mus\u00e9e d&rsquo;histoire naturelle de Cleveland (Ohio). Elle insiste sur l&rsquo;importance de voir, si t\u00f4t dans l&rsquo;<a href=\"https:\/\/www.slate.fr\/dossier\/60877\/evolution-humaine\" class=\"tag-link\" rel=\"nofollow noopener\" target=\"_blank\">\u00e9volution<\/a>, des hominid\u00e9s capables de planifier, de diff\u00e9rer le b\u00e9n\u00e9fice de leurs efforts et de cartographier mentalement leur territoire.<\/p>\n<p>Explorer le territoire pour survivre<\/p>\n<p>Contrairement \u00e0 la plupart des animaux qui utilisent ce qu&rsquo;ils trouvent sur place, certaines esp\u00e8ces <a href=\"https:\/\/www.slate.fr\/sciences\/mysterieuse-espece-eteinte-transmis-genes-etre-humain-moderne-denisoviens-hominides-analyse-chercheuses-asie-sud-est\" target=\"_blank\" rel=\"nofollow noopener\">humaines<\/a> et apparent\u00e9es avaient d\u00e9j\u00e0 rompu avec ce sch\u00e9ma. Elles rep\u00e9raient, s\u00e9lectionnaient et transportaient des roches particuli\u00e8res (quartz, chert, granite) sur plusieurs kilom\u00e8tres \u00e0 travers la savane. Ce mode d&rsquo;action traduit une approche plus r\u00e9fl\u00e9chie et coop\u00e9rative qu&rsquo;on ne l&rsquo;imaginait, chaque \u00e9tape du processus\u00a0\u2013collecte, transport, transformation\u2013 \u00e9tant s\u00e9par\u00e9e dans le temps comme dans l&rsquo;espace.<\/p>\n<p>\u00c0 Nyayanga, les outils servaient \u00e0 pr\u00e9parer des v\u00e9g\u00e9taux, mais aussi \u00e0 d\u00e9pecer de grands animaux, comme l&rsquo;hippopotame. On ignore encore qui \u00e9taient ces fabricants d&rsquo;outils. Les chercheurs \u00e9voquent des repr\u00e9sentants du genre Homo, mais n&rsquo;excluent pas un cousin disparu, <a href=\"https:\/\/fr.wikipedia.org\/wiki\/Paranthrope\" target=\"_blank\" rel=\"nofollow noopener\">Paranthropus<\/a>, dont les fossiles ont \u00e9t\u00e9 retrouv\u00e9s sur place. Ce dernier n&rsquo;\u00e9tait jusqu&rsquo;alors pas consid\u00e9r\u00e9 comme un utilisateur d&rsquo;<a href=\"https:\/\/www.slate.fr\/story\/101901\/espece-humaine-outils\" target=\"_blank\" rel=\"nofollow noopener\">outils<\/a><a href=\"https:\/\/www.slate.fr\/dossier\/24315\/outils\" class=\"tag-link\" rel=\"nofollow noopener\" target=\"_blank\">. L&rsquo;\u00e9nigme reste donc enti\u00e8re, ouvrant la voie \u00e0 de nouvelles hypoth\u00e8ses sur la transmission et l&rsquo;acquisition du savoir-faire chez les hominid\u00e9s.<\/p>\n<p>Ces d\u00e9couvertes ne sont pas de simples curiosit\u00e9s <a href=\"https:\/\/www.slate.fr\/dossier\/2151\/archeologie\" target=\"_blank\" rel=\"nofollow noopener\">arch\u00e9ologiques<\/a>. Elles r\u00e9v\u00e8lent qu&rsquo;il y a d\u00e9j\u00e0 2,6 millions d&rsquo;ann\u00e9es, la fabrication d&rsquo;outils d\u00e9passait le simple opportunisme pour devenir une v\u00e9ritable strat\u00e9gie de survie. Les hominid\u00e9s de Nyayanga semblent avoir jet\u00e9 les bases de la technologie, celle-l\u00e0 m\u00eame qui fa\u00e7onnera toute l&rsquo;<a href=\"https:\/\/www.slate.fr\/dossier\/1011\/histoire\" class=\"tag-link\" rel=\"nofollow noopener\" target=\"_blank\">histoire<\/a> humaine.<\/p>\n<p>Les outils excav\u00e9s mettent en lumi\u00e8re la profonde d\u00e9pendance de l&rsquo;humanit\u00e9 \u00e0 la technologie: une constante <a href=\"https:\/\/www.slate.fr\/story\/266746\/age-de-pierre-bois-homme-neandertal-armes-outils-prehistoire-archeologie-recherche-decouverte\" target=\"_blank\" rel=\"nofollow noopener\">qui n&rsquo;a cess\u00e9 de se renforcer au fil du temps<\/a>. L&rsquo;humain est un \u00eatre technologique, utilisant ses cr\u00e9ations pour survivre, explorer, s&rsquo;\u00e9panouir et s&rsquo;adapter, toutes cultures confondues, depuis plus longtemps qu&rsquo;on ne le pensait.<\/p>\n","protected":false},"excerpt":{"rendered":"Dans une \u00e9tude publi\u00e9e le 15 ao\u00fbt dans la revue Science Advances, une \u00e9quipe internationale de chercheurs a&hellip;\n","protected":false},"author":2,"featured_media":328101,"comment_status":"","ping_status":"","sticky":false,"template":"","format":"standard","meta":{"footnotes":""},"categories":[7],"tags":[1011,27,43,40,41,39,42,44],"class_list":{"0":"post-328100","1":"post","2":"type-post","3":"status-publish","4":"format-standard","5":"has-post-thumbnail","7":"category-sciences-et-technologies","8":"tag-fr","9":"tag-france","10":"tag-science","11":"tag-science-and-technology","12":"tag-sciences","13":"tag-sciences-et-technologies","14":"tag-technologies","15":"tag-technology"},"share_on_mastodon":{"url":"https:\/\/pubeurope.com\/@fr\/115052343722719500","error":""},"_links":{"self":[{"href":"https:\/\/www.europesays.com\/fr\/wp-json\/wp\/v2\/posts\/328100","targetHints":{"allow":["GET"]}}],"collection":[{"href":"https:\/\/www.europesays.com\/fr\/wp-json\/wp\/v2\/posts"}],"about":[{"href":"https:\/\/www.europesays.com\/fr\/wp-json\/wp\/v2\/types\/post"}],"author":[{"embeddable":true,"href":"https:\/\/www.europesays.com\/fr\/wp-json\/wp\/v2\/users\/2"}],"replies":[{"embeddable":true,"href":"https:\/\/www.europesays.com\/fr\/wp-json\/wp\/v2\/comments?post=328100"}],"version-history":[{"count":0,"href":"https:\/\/www.europesays.com\/fr\/wp-json\/wp\/v2\/posts\/328100\/revisions"}],"wp:featuredmedia":[{"embeddable":true,"href":"https:\/\/www.europesays.com\/fr\/wp-json\/wp\/v2\/media\/328101"}],"wp:attachment":[{"href":"https:\/\/www.europesays.com\/fr\/wp-json\/wp\/v2\/media?parent=328100"}],"wp:term":[{"taxonomy":"category","embeddable":true,"href":"https:\/\/www.europesays.com\/fr\/wp-json\/wp\/v2\/categories?post=328100"},{"taxonomy":"post_tag","embeddable":true,"href":"https:\/\/www.europesays.com\/fr\/wp-json\/wp\/v2\/tags?post=328100"}],"curies":[{"name":"wp","href":"https:\/\/api.w.org\/{rel}","templated":true}]}}