{"id":328102,"date":"2025-08-18T23:23:09","date_gmt":"2025-08-18T23:23:09","guid":{"rendered":"https:\/\/www.europesays.com\/fr\/328102\/"},"modified":"2025-08-18T23:23:09","modified_gmt":"2025-08-18T23:23:09","slug":"le-chocolatier-lindt-pourrait-delocaliser-la-production-de-ses-lapins-aux-etats-unis","status":"publish","type":"post","link":"https:\/\/www.europesays.com\/fr\/328102\/","title":{"rendered":"le chocolatier Lindt pourrait d\u00e9localiser la production de ses lapins aux \u00c9tats-Unis"},"content":{"rendered":"<p>L&rsquo;entreprise suisse Lindt, qui esp\u00e8re \u00e9chapper aux nouveaux droits de douane am\u00e9ricains, pourrait d\u00e9localiser une partie de sa production aux \u00c9tats-Unis.<\/p>\n<p>Les c\u00e9l\u00e8bres lapins dor\u00e9s du <a href=\"https:\/\/www.bfmtv.com\/economie\/consommation\/chocolat-lindt-va-a-nouveau-augmenter-ses-prix_AD-202403050193.html\" title=\"Chocolat: Lindt va \u00e0 nouveau augmenter ses prix\" class=\"internal_link\" rel=\"nofollow noopener\" target=\"_blank\">chocolatier Lindt<\/a> pourraient \u00eatre d\u00e9sormais produits aux Etats-Unis, a fait savoir l&rsquo;agence am\u00e9ricaine Bloomberg, lundi 18 ao\u00fbt. Actuellement produits en Allemagne, la d\u00e9localisation de leur production permettraient \u00e0 l&rsquo;entreprise suisse de contourner les droits de douane am\u00e9ricains de 15% impos\u00e9s \u00e0 l&rsquo;Union europ\u00e9enne.<\/p>\n<p>Alors que le march\u00e9 du cacao s&rsquo;enflamme depuis des mois, d\u00e9localiser sa production de lapins aux \u00c9tats-Unis pourrait permettre \u00e0 Lindlt de ne pas augmenter \u00e0 nouveaux ses prix, et de conserver ses parts de march\u00e9.<\/p>\n<p>Les ventes de Lindt en hausse<\/p>\n<p>Lindt a vendu 2 milliards de francs suisses, soit 2,12 milliards d&rsquo;euros de ventes aux Etats-Unis sur l&rsquo;ann\u00e9e 2024. Les \u00c9tats-Unis sont le premier march\u00e9 du chocolat, et le principal march\u00e9 de Lindt, devant l&rsquo;Allemagne et la Suisse. Au total, Lindt a effectu\u00e9 5,47 milliards de ventes en 2024, soit 5% de plus qu&rsquo;en 2023.<\/p>\n<p>Afin de ne pas perdre ce march\u00e9, le chocolatier suisse pourrait donc investir 10 millions de dollars aux \u00c9tats-Unis. Lindt avait d\u00e9j\u00e0 lanc\u00e9 l&rsquo;agrandissement de son usine dans le New Hampshire, qui pourrait accueillir la production des lapins dor\u00e9s.<\/p>\n","protected":false},"excerpt":{"rendered":"L&rsquo;entreprise suisse Lindt, qui esp\u00e8re \u00e9chapper aux nouveaux droits de douane am\u00e9ricains, pourrait d\u00e9localiser une partie de sa&hellip;\n","protected":false},"author":2,"featured_media":328103,"comment_status":"","ping_status":"","sticky":false,"template":"","format":"standard","meta":{"footnotes":""},"categories":[6],"tags":[35,33,34,1011,27],"class_list":{"0":"post-328102","1":"post","2":"type-post","3":"status-publish","4":"format-standard","5":"has-post-thumbnail","7":"category-economie","8":"tag-business","9":"tag-economie","10":"tag-economy","11":"tag-fr","12":"tag-france"},"share_on_mastodon":{"url":"https:\/\/pubeurope.com\/@fr\/115052347743471639","error":""},"_links":{"self":[{"href":"https:\/\/www.europesays.com\/fr\/wp-json\/wp\/v2\/posts\/328102","targetHints":{"allow":["GET"]}}],"collection":[{"href":"https:\/\/www.europesays.com\/fr\/wp-json\/wp\/v2\/posts"}],"about":[{"href":"https:\/\/www.europesays.com\/fr\/wp-json\/wp\/v2\/types\/post"}],"author":[{"embeddable":true,"href":"https:\/\/www.europesays.com\/fr\/wp-json\/wp\/v2\/users\/2"}],"replies":[{"embeddable":true,"href":"https:\/\/www.europesays.com\/fr\/wp-json\/wp\/v2\/comments?post=328102"}],"version-history":[{"count":0,"href":"https:\/\/www.europesays.com\/fr\/wp-json\/wp\/v2\/posts\/328102\/revisions"}],"wp:featuredmedia":[{"embeddable":true,"href":"https:\/\/www.europesays.com\/fr\/wp-json\/wp\/v2\/media\/328103"}],"wp:attachment":[{"href":"https:\/\/www.europesays.com\/fr\/wp-json\/wp\/v2\/media?parent=328102"}],"wp:term":[{"taxonomy":"category","embeddable":true,"href":"https:\/\/www.europesays.com\/fr\/wp-json\/wp\/v2\/categories?post=328102"},{"taxonomy":"post_tag","embeddable":true,"href":"https:\/\/www.europesays.com\/fr\/wp-json\/wp\/v2\/tags?post=328102"}],"curies":[{"name":"wp","href":"https:\/\/api.w.org\/{rel}","templated":true}]}}