{"id":328104,"date":"2025-08-18T23:24:12","date_gmt":"2025-08-18T23:24:12","guid":{"rendered":"https:\/\/www.europesays.com\/fr\/328104\/"},"modified":"2025-08-18T23:24:12","modified_gmt":"2025-08-18T23:24:12","slug":"la-paix-seloigne-dans-lest-de-la-rdc-malgre-la-mediation-des-etats-unis-et-du-qatar","status":"publish","type":"post","link":"https:\/\/www.europesays.com\/fr\/328104\/","title":{"rendered":"La paix s\u2019\u00e9loigne dans l\u2019est de la RDC, malgr\u00e9 la m\u00e9diation des Etats-Unis et du Qatar"},"content":{"rendered":"<p>                         <img loading=\"lazy\" decoding=\"async\" src=\"https:\/\/www.europesays.com\/fr\/wp-content\/uploads\/2025\/08\/a4adeb4_upload-1-eswmugykjyba-000-67992jx.jpg\" alt=\"De gauche \u00e0 droite : le m\u00e9diateur pour la paix, Sumbu Sita Mambu, le n\u00e9gociateur en chef du Qatar, Mohammed Al-Khulaifi, et le secr\u00e9taire ex\u00e9cutif du groupe arm\u00e9 M23, Benjamin Mbonimpa, apr\u00e8s un accord de principe sign\u00e9 \u00e0 Doha, le 19\u00a0juillet 2025. \"   width=\"664\" height=\"443\"\/>    De gauche \u00e0 droite : le m\u00e9diateur pour la paix, Sumbu Sita Mambu, le n\u00e9gociateur en chef du Qatar, Mohammed Al-Khulaifi, et le secr\u00e9taire ex\u00e9cutif du groupe arm\u00e9 M23, Benjamin Mbonimpa, apr\u00e8s un accord de principe sign\u00e9 \u00e0 Doha, le 19\u00a0juillet 2025.  KARIM JAAFAR \/ AFP                 <\/p>\n<p class=\"article__paragraph  \">Le Qatar parviendra-t-il \u00e0 ramener la R\u00e9publique d\u00e9mocratique du Congo (RDC) et les rebelles de l\u2019Alliance fleuve Congo-M23 (AFC-M23) \u00e0 la <a href=\"https:\/\/www.lemonde.fr\/afrique\/article\/2025\/08\/18\/rdc-un-projet-d-accord-de-paix-partage-avec-kinshasa-et-le-m23_6631622_3212.html\" rel=\"nofollow noopener\" target=\"_blank\">table des n\u00e9gociations<\/a>\u00a0? Alors que les parties devaient conclure un \u00ab\u00a0accord de paix global\u00a0\u00bb cens\u00e9 mettre fin aux violences qui d\u00e9chirent l\u2019Est congolais au plus tard le 18\u00a0ao\u00fbt, rien n\u2019a \u00e9t\u00e9 sign\u00e9 et les n\u00e9gociations semblent au point mort. A la veille de la date butoir, un responsable qatari a d\u00e9clar\u00e9 \u00e0 l\u2019Agence France-Presse qu\u2019un projet d\u2019accord de paix avait \u00e9t\u00e9 partag\u00e9 avec les deux parties. Selon ce responsable, Doha s\u2019appr\u00eaterait \u00e0 \u00ab\u00a0accueillir un important cycle de n\u00e9gociations\u00a0\u00bb dans quelques jours. Sur le terrain, pourtant, <a href=\"https:\/\/www.lemonde.fr\/afrique\/article\/2025\/08\/12\/en-rdc-l-armee-et-le-groupe-m23-s-affrontent-dans-l-est-du-pays-malgre-la-signature-d-un-accord-de-paix_6628467_3212.html\" rel=\"nofollow noopener\" target=\"_blank\">la guerre se poursuit.<\/a><\/p>\n<p class=\"article__paragraph  \">Kinshasa et les rebelles de l\u2019AFC-M23 s\u2019accusent mutuellement d\u2019avoir viol\u00e9 le cessez-le-feu sur lequel les deux parties s\u2019\u00e9taient engag\u00e9es dans la d\u00e9claration de principe sign\u00e9e \u00e0 Doha, le 19\u00a0juillet. Le 11\u00a0ao\u00fbt, les rebelles d\u00e9non\u00e7aient les \u00ab\u00a0man\u0153uvres militaires offensives\u00a0\u00bb de Kinshasa, \u00e9voquant d\u2019importants mouvements de troupes. Le lendemain, les forces arm\u00e9es congolaises publiaient \u00e0 leur tour un communiqu\u00e9 d\u00e9non\u00e7ant l\u2019attitude \u00ab\u00a0belliciste\u00a0\u00bb de l\u2019AFC-M23 et les \u00ab\u00a0multiples attaques\u00a0\u00bb contre les troupes congolaises.<\/p>\n<p class=\"reading-mode-only \"><strong>Il vous reste 81.38% de cet article \u00e0 lire. La suite est r\u00e9serv\u00e9e aux abonn\u00e9s.<\/strong><\/p>\n","protected":false},"excerpt":{"rendered":"De gauche \u00e0 droite : le m\u00e9diateur pour la paix, Sumbu Sita Mambu, le n\u00e9gociateur en chef du&hellip;\n","protected":false},"author":2,"featured_media":328105,"comment_status":"","ping_status":"","sticky":false,"template":"","format":"standard","meta":{"footnotes":""},"categories":[5],"tags":[11,1011,27,14,12,28],"class_list":{"0":"post-328104","1":"post","2":"type-post","3":"status-publish","4":"format-standard","5":"has-post-thumbnail","7":"category-international","8":"tag-actualites","9":"tag-fr","10":"tag-france","11":"tag-international","12":"tag-news","13":"tag-world"},"share_on_mastodon":{"url":"https:\/\/pubeurope.com\/@fr\/115052351615260559","error":""},"_links":{"self":[{"href":"https:\/\/www.europesays.com\/fr\/wp-json\/wp\/v2\/posts\/328104","targetHints":{"allow":["GET"]}}],"collection":[{"href":"https:\/\/www.europesays.com\/fr\/wp-json\/wp\/v2\/posts"}],"about":[{"href":"https:\/\/www.europesays.com\/fr\/wp-json\/wp\/v2\/types\/post"}],"author":[{"embeddable":true,"href":"https:\/\/www.europesays.com\/fr\/wp-json\/wp\/v2\/users\/2"}],"replies":[{"embeddable":true,"href":"https:\/\/www.europesays.com\/fr\/wp-json\/wp\/v2\/comments?post=328104"}],"version-history":[{"count":0,"href":"https:\/\/www.europesays.com\/fr\/wp-json\/wp\/v2\/posts\/328104\/revisions"}],"wp:featuredmedia":[{"embeddable":true,"href":"https:\/\/www.europesays.com\/fr\/wp-json\/wp\/v2\/media\/328105"}],"wp:attachment":[{"href":"https:\/\/www.europesays.com\/fr\/wp-json\/wp\/v2\/media?parent=328104"}],"wp:term":[{"taxonomy":"category","embeddable":true,"href":"https:\/\/www.europesays.com\/fr\/wp-json\/wp\/v2\/categories?post=328104"},{"taxonomy":"post_tag","embeddable":true,"href":"https:\/\/www.europesays.com\/fr\/wp-json\/wp\/v2\/tags?post=328104"}],"curies":[{"name":"wp","href":"https:\/\/api.w.org\/{rel}","templated":true}]}}