{"id":328109,"date":"2025-08-18T23:28:17","date_gmt":"2025-08-18T23:28:17","guid":{"rendered":"https:\/\/www.europesays.com\/fr\/328109\/"},"modified":"2025-08-18T23:28:17","modified_gmt":"2025-08-18T23:28:17","slug":"parcage-complet-pour-le-deplacement-a-boulogne","status":"publish","type":"post","link":"https:\/\/www.europesays.com\/fr\/328109\/","title":{"rendered":"Parcage complet pour le d\u00e9placement \u00e0 Boulogne"},"content":{"rendered":"<p>L&rsquo;int\u00e9gralit\u00e9 des places allou\u00e9es aux visiteurs du stade de la Lib\u00e9ration de Boulogne-sur-Mer a \u00e9t\u00e9 r\u00e9serv\u00e9e par les groupes de supporters de l&rsquo;AS Saint-\u00c9tienne. Aucune place dans le parcage visiteurs ne sera donc commercialis\u00e9e sur la billetterie officielle du club ou sur place, le jour de la rencontre Boulogne-ASSE (ce samedi, 20h).<\/p>\n<p>Les modalit\u00e9s de d\u00e9placement et d&rsquo;accueil seront prochainement communiqu\u00e9es.\u00a0<\/p>\n<p>Informations :<\/p>\n<p><strong>Adresse du stade de la Lib\u00e9ration<\/strong> : Bd Eurvin, 62200 Boulogne-sur-Mer<\/p>\n<p><strong>Coup d&rsquo;envoi de Boulogne &#8211; ASSE<\/strong> : 20h<\/p>\n<p>Suivez le compte Twitter <a href=\"https:\/\/twitter.com\/Supporters_ASSE\" rel=\"nofollow noopener\" target=\"_blank\">@Supporters_ASSE<\/a> pour les infos en temps r\u00e9el.<\/p>\n<p>                          <script async src=\"https:\/\/platform.twitter.com\/widgets.js\" charset=\"utf-8\"><\/script><\/p>\n","protected":false},"excerpt":{"rendered":"L&rsquo;int\u00e9gralit\u00e9 des places allou\u00e9es aux visiteurs du stade de la Lib\u00e9ration de Boulogne-sur-Mer a \u00e9t\u00e9 r\u00e9serv\u00e9e par les&hellip;\n","protected":false},"author":2,"featured_media":328110,"comment_status":"","ping_status":"","sticky":false,"template":"","format":"standard","meta":{"footnotes":""},"categories":[9653],"tags":[1111,11,2430,1777,674,1011,27,12,25,4001],"class_list":{"0":"post-328109","1":"post","2":"type-post","3":"status-publish","4":"format-standard","5":"has-post-thumbnail","7":"category-saint-etienne","8":"tag-actu","9":"tag-actualites","10":"tag-auvergne-rhone-alpes","11":"tag-eu","12":"tag-europe","13":"tag-fr","14":"tag-france","15":"tag-news","16":"tag-republique-francaise","17":"tag-saint-etienne"},"share_on_mastodon":{"url":"https:\/\/pubeurope.com\/@fr\/115052367213048631","error":""},"_links":{"self":[{"href":"https:\/\/www.europesays.com\/fr\/wp-json\/wp\/v2\/posts\/328109","targetHints":{"allow":["GET"]}}],"collection":[{"href":"https:\/\/www.europesays.com\/fr\/wp-json\/wp\/v2\/posts"}],"about":[{"href":"https:\/\/www.europesays.com\/fr\/wp-json\/wp\/v2\/types\/post"}],"author":[{"embeddable":true,"href":"https:\/\/www.europesays.com\/fr\/wp-json\/wp\/v2\/users\/2"}],"replies":[{"embeddable":true,"href":"https:\/\/www.europesays.com\/fr\/wp-json\/wp\/v2\/comments?post=328109"}],"version-history":[{"count":0,"href":"https:\/\/www.europesays.com\/fr\/wp-json\/wp\/v2\/posts\/328109\/revisions"}],"wp:featuredmedia":[{"embeddable":true,"href":"https:\/\/www.europesays.com\/fr\/wp-json\/wp\/v2\/media\/328110"}],"wp:attachment":[{"href":"https:\/\/www.europesays.com\/fr\/wp-json\/wp\/v2\/media?parent=328109"}],"wp:term":[{"taxonomy":"category","embeddable":true,"href":"https:\/\/www.europesays.com\/fr\/wp-json\/wp\/v2\/categories?post=328109"},{"taxonomy":"post_tag","embeddable":true,"href":"https:\/\/www.europesays.com\/fr\/wp-json\/wp\/v2\/tags?post=328109"}],"curies":[{"name":"wp","href":"https:\/\/api.w.org\/{rel}","templated":true}]}}