{"id":328111,"date":"2025-08-18T23:32:28","date_gmt":"2025-08-18T23:32:28","guid":{"rendered":"https:\/\/www.europesays.com\/fr\/328111\/"},"modified":"2025-08-18T23:32:28","modified_gmt":"2025-08-18T23:32:28","slug":"marin-deau-douce-atelier-art-plastique-pour-les-4-6-ans","status":"publish","type":"post","link":"https:\/\/www.europesays.com\/fr\/328111\/","title":{"rendered":"Marin d\u2019eau douce Atelier art plastique pour les 4-6 ans"},"content":{"rendered":"<p>Visite d\u00e9couverte des collections suivie d\u2019un temps de pratique plastique en atelier, pour les 4-6 ans. Coquillages, sir\u00e8nes et poissons, les enfants partent \u00e0 la d\u00e9couverte de l\u2019univers aquatique dans les \u0153uvres des artistes. En atelier, les enfants sont \u00e0 la barre pour imaginer leurs cr\u00e9atures marines et jouer avec les transparences.<\/p>\n<p class=\"note\">Les mercredis 20 et 27\u00a0ao\u00fbt, \u00e0 10\u00a0h\u00a030, au mus\u00e9e de l\u2019\u00c9cole de Nancy, 36, rue Sergent-Blandan, \u00e0 Nancy. Tarif\u00a0: 5\u00a0\u20ac. R\u00e9servation au 03\u00a083\u00a085\u00a030\u00a010.<\/p>\n","protected":false},"excerpt":{"rendered":"Visite d\u00e9couverte des collections suivie d\u2019un temps de pratique plastique en atelier, pour les 4-6 ans. Coquillages, sir\u00e8nes&hellip;\n","protected":false},"author":2,"featured_media":328112,"comment_status":"","ping_status":"","sticky":false,"template":"","format":"standard","meta":{"footnotes":""},"categories":[9635],"tags":[1111,11,1687,1704,1777,674,1011,27,775,1702,1703,12,25],"class_list":{"0":"post-328111","1":"post","2":"type-post","3":"status-publish","4":"format-standard","5":"has-post-thumbnail","7":"category-nancy","8":"tag-actu","9":"tag-actualites","10":"tag-culture-loisirs","11":"tag-edition-nancy-et-agglomeration","12":"tag-eu","13":"tag-europe","14":"tag-fr","15":"tag-france","16":"tag-grand-est","17":"tag-nancy","18":"tag-nancy-ville-54b","19":"tag-news","20":"tag-republique-francaise"},"share_on_mastodon":{"url":"https:\/\/pubeurope.com\/@fr\/115052383022195625","error":""},"_links":{"self":[{"href":"https:\/\/www.europesays.com\/fr\/wp-json\/wp\/v2\/posts\/328111","targetHints":{"allow":["GET"]}}],"collection":[{"href":"https:\/\/www.europesays.com\/fr\/wp-json\/wp\/v2\/posts"}],"about":[{"href":"https:\/\/www.europesays.com\/fr\/wp-json\/wp\/v2\/types\/post"}],"author":[{"embeddable":true,"href":"https:\/\/www.europesays.com\/fr\/wp-json\/wp\/v2\/users\/2"}],"replies":[{"embeddable":true,"href":"https:\/\/www.europesays.com\/fr\/wp-json\/wp\/v2\/comments?post=328111"}],"version-history":[{"count":0,"href":"https:\/\/www.europesays.com\/fr\/wp-json\/wp\/v2\/posts\/328111\/revisions"}],"wp:featuredmedia":[{"embeddable":true,"href":"https:\/\/www.europesays.com\/fr\/wp-json\/wp\/v2\/media\/328112"}],"wp:attachment":[{"href":"https:\/\/www.europesays.com\/fr\/wp-json\/wp\/v2\/media?parent=328111"}],"wp:term":[{"taxonomy":"category","embeddable":true,"href":"https:\/\/www.europesays.com\/fr\/wp-json\/wp\/v2\/categories?post=328111"},{"taxonomy":"post_tag","embeddable":true,"href":"https:\/\/www.europesays.com\/fr\/wp-json\/wp\/v2\/tags?post=328111"}],"curies":[{"name":"wp","href":"https:\/\/api.w.org\/{rel}","templated":true}]}}