{"id":328113,"date":"2025-08-18T23:33:33","date_gmt":"2025-08-18T23:33:33","guid":{"rendered":"https:\/\/www.europesays.com\/fr\/328113\/"},"modified":"2025-08-18T23:33:33","modified_gmt":"2025-08-18T23:33:33","slug":"toulon-au-cap-brun-le-sentier-du-littoral-rouvre-enfin","status":"publish","type":"post","link":"https:\/\/www.europesays.com\/fr\/328113\/","title":{"rendered":"Toulon : au Cap Brun, le sentier du littoral rouvre enfin"},"content":{"rendered":"<p><img loading=\"lazy\" decoding=\"async\" alt=\"\u00a9 K. Sarrazin - Le sentier du littoral est rouvert.\" data-zoom-src=\"https:\/\/www.europesays.com\/fr\/wp-content\/uploads\/2025\/08\/initial-nouveau-sentier-littoral-mourillon.jpg\" data-zoomable=\"\" height=\"702\" src=\"https:\/\/www.europesays.com\/fr\/wp-content\/uploads\/2025\/08\/initial-nouveau-sentier-littoral-mourillon.jpg\" width=\"1248\"\/>  <\/p>\n<p class=\"article-desc\">\u00a9 K. Sarrazin &#8211; Le sentier du littoral est rouvert. <\/p>\n<p>\u00ab\u00a0Nous recevons depuis plus de dix ans des lettres en courrier en mairie pour nous demander : <strong>\u00ab\u00a0Quand rouvre le sentier du littoral entre le Mourillon et l\u2019anse Magaud ?\u00a0\u00bb<\/strong>\u00a0\u00bb, raconte Jos\u00e9e Massi. <\/p>\n<p>La maire de Toulon a d\u00e9sormais une date \u00e0 leur donner et c&rsquo;est celle du 21 juillet 2025. Cette partie du sentier, longue de <strong>200 m\u00e8tres<\/strong>, est de nouveau accessible aux marcheurs. <\/p>\n<p>Elle \u00e9tait <strong>ferm\u00e9e depuis 2008<\/strong>, \u00e0 la suite du glissement de terrain de la propri\u00e9t\u00e9 situ\u00e9e juste au-dessus, la r\u00e9sidence du Cap Brun, provoquant une rupture du cheminement. \u00ab Cette partie n\u2019a pas \u00e9t\u00e9 \u00e9pargn\u00e9e par le temps et malgr\u00e9 la surveillance, elle s\u2019est effondr\u00e9e\u00a0\u00bb, pr\u00e9cise Jos\u00e9e Massi. Depuis l\u2019acc\u00e8s au sentier du littoral n\u2019\u00e9tait plus s\u00e9curis\u00e9 et<strong> le tron\u00e7on condamn\u00e9<\/strong>. <\/p>\n<p>Sentier du littoral \u00e0 Toulon : un partenariat public\/priv\u00e9 <\/p>\n<p>Si autant d&rsquo;ann\u00e9es ont \u00e9t\u00e9 n\u00e9cessaires pour que ce projet voit le jour, c&rsquo;est qu&rsquo;il a fallu convenir d&rsquo;un partenariat public\/priv\u00e9 entre la M\u00e9tropole Toulon Provence M\u00e9diterran\u00e9e, gestionnaire des 52 kilom\u00e8tres de sentier du littoral entre Six-Fours et Hy\u00e8res, et le propri\u00e9taire priv\u00e9 de la r\u00e9sidence, la famille Rod\u00e9, pour <strong>le financement des travaux<\/strong>. <\/p>\n<blockquote>\n<p>\u00ab\u00a0C\u2019est une propri\u00e9t\u00e9 dont mes quatre enfants, Oscar, Justine, Alice et Lou, ont h\u00e9rit\u00e9 et il fallait dans le m\u00eame temps financer les droits de succession\u00a0\u00bb, relate Florence Rod\u00e9, dont la famille est propri\u00e9taire des lieux depuis 80 ans. <\/p>\n<\/blockquote>\n<p>  <img decoding=\"async\" alt=\"\" class=\"img-align-center img-size-full\" data-zoomable=\"\" loading=\"lazy\" src=\"https:\/\/www.europesays.com\/fr\/wp-content\/uploads\/2025\/08\/sentier-littoral-mourillon-massi-rode.jpg\" width=\"100%\"\/> \u00a9 K. Sarrazin &#8211; Florence Rod\u00e9 et Jos\u00e9e Massi lors de l&rsquo;ouverture du sentier. <\/p>\n<p>\u00ab\u00a0La solution financi\u00e8re devait rester supportable pour le priv\u00e9 et le public\u00a0\u00bb, poursuit Jos\u00e9e Massi, vice-pr\u00e9sidente de la M\u00e9tropole. <\/p>\n<p>Les Rod\u00e9 investissent <strong>un million d\u2019euros pour le confortement du mur de sout\u00e8nement<\/strong>, quand la M\u00e9tropole Toulon Provence M\u00e9diterran\u00e9e participe \u00e0 hauteur de <strong>502 000 euros<\/strong>. <\/p>\n<p>Des travaux \u00ab\u00a0colossaux \u00bb pour rouvrir le sentier du littoral <\/p>\n<p>Une fois les financements trouv\u00e9s, il a fallu <strong>entreprendre les travaux \u00ab\u00a0colossaux\u00a0\u00bb<\/strong>. Le propri\u00e9taire priv\u00e9 a d\u2019abord entrepris les travaux de confortement du mur de sout\u00e8nement, d\u2019octobre 2023 \u00e0 mai 2024, \u00e9tape obligatoire pour sa r\u00e9ouverture au public. Ce mur devrait prochainement \u00eatre v\u00e9g\u00e9talis\u00e9 pour se fondre dans le paysage. <\/p>\n<p>D\u2019octobre 2024 \u00e0 juillet 2025, des doubles gardes-corps ont \u00e9t\u00e9 install\u00e9s, trois passerelles ont \u00e9t\u00e9 cr\u00e9\u00e9es, des ouvrages de confortement type paroi clou\u00e9e et microberlinoise ancr\u00e9e r\u00e9alis\u00e9s. La redescente vers la plage se fait par des am\u00e9nagements souples sous forme de paliers en poutre bois. <\/p>\n<p>Avec la r\u00e9ouverture de cette partie du sentier, il est d\u00e9sormais possible <strong>d\u2019aller de la Tour Royale jusqu\u2019\u00e0 l\u2019anse Magaud<\/strong>, soit 9,3 kilom\u00e8tres, en longeant la M\u00e9diterran\u00e9e.<\/p>\n<p> 80 ans d\u2019histoire au Cap Brun <\/p>\n<p>La b\u00e2tisse, visible depuis la rade, est bien connue des Toulonnais. Du moins, de l&rsquo;ext\u00e9rieur. <\/p>\n<p>La famille Rod\u00e9 occupe la r\u00e9sidence du Cap Brun, offrant un panorama sur la rade de Toulon, depuis trois g\u00e9n\u00e9rations. La demeure f\u00fbt un h\u00f4tel, qui accueilli <strong>Charles-de-Gaulle pour l\u2019\u00e9criture de ses m\u00e9moires<\/strong> mais aussi Nina Simone ou Sacha Guitry. Elle est \u00e9galement \u00e9voqu\u00e9e pour ses mariages par <strong>Louis Aragon<\/strong>. <\/p>\n<p>Pour financer l\u2019entretien de ce \u00ab\u00a0lieu idyllique\u00a0\u00bb comme le qualifie Florence Bor\u00e9, les ext\u00e9rieurs sont lou\u00e9s pour de l\u2019\u00e9v\u00e9nementiel. La b\u00e2tisse est quant \u00e0 elle toujours priv\u00e9e et c\u2019est d\u2019ailleurs ici que Florence Bor\u00e9 a pass\u00e9 son confinement. A cette occasion, elle s\u2019est replong\u00e9e dans les livres d\u2019or de l\u2019ancien h\u00f4tel. <\/p>\n<p>Des projets sont \u00e0 l\u2019\u00e9tude pour l\u2019inscrire dans la modernit\u00e9 et proc\u00e9der, notamment, \u00e0 une r\u00e9novation compl\u00e8te pour am\u00e9liorer sa performance \u00e9nerg\u00e9tique. Mais cela se fera sur un temps long.<\/p>\n","protected":false},"excerpt":{"rendered":"\u00a9 K. Sarrazin &#8211; Le sentier du littoral est rouvert. \u00ab\u00a0Nous recevons depuis plus de dix ans des&hellip;\n","protected":false},"author":2,"featured_media":328114,"comment_status":"","ping_status":"","sticky":false,"template":"","format":"standard","meta":{"footnotes":""},"categories":[9619],"tags":[1111,11,46505,1777,674,1011,27,12,882,25,46506,2310],"class_list":{"0":"post-328113","1":"post","2":"type-post","3":"status-publish","4":"format-standard","5":"has-post-thumbnail","7":"category-toulon","8":"tag-actu","9":"tag-actualites","10":"tag-cap-brun","11":"tag-eu","12":"tag-europe","13":"tag-fr","14":"tag-france","15":"tag-news","16":"tag-provence-alpes-cote-dazur","17":"tag-republique-francaise","18":"tag-sentier-du-littoral","19":"tag-toulon"},"share_on_mastodon":{"url":"https:\/\/pubeurope.com\/@fr\/115052386984394034","error":""},"_links":{"self":[{"href":"https:\/\/www.europesays.com\/fr\/wp-json\/wp\/v2\/posts\/328113","targetHints":{"allow":["GET"]}}],"collection":[{"href":"https:\/\/www.europesays.com\/fr\/wp-json\/wp\/v2\/posts"}],"about":[{"href":"https:\/\/www.europesays.com\/fr\/wp-json\/wp\/v2\/types\/post"}],"author":[{"embeddable":true,"href":"https:\/\/www.europesays.com\/fr\/wp-json\/wp\/v2\/users\/2"}],"replies":[{"embeddable":true,"href":"https:\/\/www.europesays.com\/fr\/wp-json\/wp\/v2\/comments?post=328113"}],"version-history":[{"count":0,"href":"https:\/\/www.europesays.com\/fr\/wp-json\/wp\/v2\/posts\/328113\/revisions"}],"wp:featuredmedia":[{"embeddable":true,"href":"https:\/\/www.europesays.com\/fr\/wp-json\/wp\/v2\/media\/328114"}],"wp:attachment":[{"href":"https:\/\/www.europesays.com\/fr\/wp-json\/wp\/v2\/media?parent=328113"}],"wp:term":[{"taxonomy":"category","embeddable":true,"href":"https:\/\/www.europesays.com\/fr\/wp-json\/wp\/v2\/categories?post=328113"},{"taxonomy":"post_tag","embeddable":true,"href":"https:\/\/www.europesays.com\/fr\/wp-json\/wp\/v2\/tags?post=328113"}],"curies":[{"name":"wp","href":"https:\/\/api.w.org\/{rel}","templated":true}]}}