{"id":328115,"date":"2025-08-18T23:35:11","date_gmt":"2025-08-18T23:35:11","guid":{"rendered":"https:\/\/www.europesays.com\/fr\/328115\/"},"modified":"2025-08-18T23:35:11","modified_gmt":"2025-08-18T23:35:11","slug":"previsions-du-mardi-19-aout-2025","status":"publish","type":"post","link":"https:\/\/www.europesays.com\/fr\/328115\/","title":{"rendered":"pr\u00e9visions du mardi 19 ao\u00fbt 2025"},"content":{"rendered":"<p>\u00c0 Montpellier les temp\u00e9ratures iront de 22 \u00e0 28\u00b0C sur l&rsquo;ensemble de la journ\u00e9e. Les nuages dans le ciel du matin g\u00eanent l&rsquo;arriv\u00e9e du soleil. Des orages de faible intensit\u00e9 se d\u00e9clareront. Les maximales iront jusqu&rsquo;\u00e0 28\u00b0C et les minimales seront de 24\u00b0C. Une petite brise de sud-est soufflera. L&rsquo;apr\u00e8s-midi, le vent va progressivement \u00e9loigner les nuages. Les valeurs seront comprises entre 26 et 28\u00b0C. Il va pleuvoir le soir. Les temp\u00e9ratures afficheront entre 23 et 24\u00b0C. Une nuit claire vous attendra entre mardi et mercredi.<\/p>\n<p>Demain, une chute des temp\u00e9ratures est \u00e0 pr\u00e9voir \u00e0 Montpellier. Il fera en moyenne 24\u00b0C. Le matin, toujours des nuages dans le ciel qui emp\u00eachent le soleil de faire son apparition. Des pluies \u00e9parses vont tomber sur la ville. Les valeurs seront de 20\u00b0C au plus bas et de 26\u00b0C au plus haut. Un vent de nord-ouest soufflera doucement. Le soleil sera dominant, la promesse d&rsquo;un magnifique apr\u00e8s-midi ! L&rsquo;air ambiant va se r\u00e9chauffer avec une hausse de quelques degr\u00e9s. Les temp\u00e9ratures s&rsquo;\u00e9chelonneront entre 26 et 27\u00b0C. Demain soir, du mauvais temps est \u00e0 pr\u00e9voir. Des pluies \u00e9parses vont tomber. On anticipe des valeurs avoisinant 25\u00b0C. Un vent de nord-ouest soufflera l\u00e9g\u00e8rement, avec 16 km\/h.<\/p>\n<p>La m\u00e9t\u00e9o restera inchang\u00e9e les prochains jours. Des temp\u00e9ratures dans les 29\u00b0C accompagneront un ciel ensoleill\u00e9.<\/p>\n<p><\/p>\n","protected":false},"excerpt":{"rendered":"\u00c0 Montpellier les temp\u00e9ratures iront de 22 \u00e0 28\u00b0C sur l&rsquo;ensemble de la journ\u00e9e. Les nuages dans le&hellip;\n","protected":false},"author":2,"featured_media":328116,"comment_status":"","ping_status":"","sticky":false,"template":"","format":"standard","meta":{"footnotes":""},"categories":[9599],"tags":[1111,11,1777,674,1011,27,7089,2681,2208,12,2680,2119,25],"class_list":{"0":"post-328115","1":"post","2":"type-post","3":"status-publish","4":"format-standard","5":"has-post-thumbnail","7":"category-montpellier","8":"tag-actu","9":"tag-actualites","10":"tag-eu","11":"tag-europe","12":"tag-fr","13":"tag-france","14":"tag-herault","15":"tag-languedoc-roussillon","16":"tag-montpellier","17":"tag-news","18":"tag-occitanie","19":"tag-previsions-meteo","20":"tag-republique-francaise"},"share_on_mastodon":{"url":"https:\/\/pubeurope.com\/@fr\/115052394890556554","error":""},"_links":{"self":[{"href":"https:\/\/www.europesays.com\/fr\/wp-json\/wp\/v2\/posts\/328115","targetHints":{"allow":["GET"]}}],"collection":[{"href":"https:\/\/www.europesays.com\/fr\/wp-json\/wp\/v2\/posts"}],"about":[{"href":"https:\/\/www.europesays.com\/fr\/wp-json\/wp\/v2\/types\/post"}],"author":[{"embeddable":true,"href":"https:\/\/www.europesays.com\/fr\/wp-json\/wp\/v2\/users\/2"}],"replies":[{"embeddable":true,"href":"https:\/\/www.europesays.com\/fr\/wp-json\/wp\/v2\/comments?post=328115"}],"version-history":[{"count":0,"href":"https:\/\/www.europesays.com\/fr\/wp-json\/wp\/v2\/posts\/328115\/revisions"}],"wp:featuredmedia":[{"embeddable":true,"href":"https:\/\/www.europesays.com\/fr\/wp-json\/wp\/v2\/media\/328116"}],"wp:attachment":[{"href":"https:\/\/www.europesays.com\/fr\/wp-json\/wp\/v2\/media?parent=328115"}],"wp:term":[{"taxonomy":"category","embeddable":true,"href":"https:\/\/www.europesays.com\/fr\/wp-json\/wp\/v2\/categories?post=328115"},{"taxonomy":"post_tag","embeddable":true,"href":"https:\/\/www.europesays.com\/fr\/wp-json\/wp\/v2\/tags?post=328115"}],"curies":[{"name":"wp","href":"https:\/\/api.w.org\/{rel}","templated":true}]}}