{"id":328119,"date":"2025-08-18T23:37:14","date_gmt":"2025-08-18T23:37:14","guid":{"rendered":"https:\/\/www.europesays.com\/fr\/328119\/"},"modified":"2025-08-18T23:37:14","modified_gmt":"2025-08-18T23:37:14","slug":"30eme-salon-international-de-rouen-fossiles-mineraux-prehistoire-2025-dates-horaires-tarifs-exposants","status":"publish","type":"post","link":"https:\/\/www.europesays.com\/fr\/328119\/","title":{"rendered":"30\u00e9me Salon International de Rouen Fossiles, Min\u00e9raux &#038; pr\u00e9histoire 2025 : dates, horaires, tarifs, exposants"},"content":{"rendered":"<p class=\"fw-bold font-size-16 my-1\"> Du 18\/10\/2025 au 19\/10\/2025<\/p>\n<p class=\"fw-bold font-size-16 my-1\"> halle aux toiles | <a href=\"https:\/\/www.jds.fr\/rouen\/\" rel=\"nofollow noopener\" target=\"_blank\">Rouen<\/a><\/p>\n<p class=\"fw-bold font-size-16 my-1\"> Entr\u00e9e 4 euros, demi-tarif pour les \u00e9tudiants &amp; chercheurs d&#8217;emploi, gratuit pour les moins de 15 ans <\/p>\n<p>30\u00e8me \u00e9dition du Salon International de Rouen fossiles, min\u00e9raux &amp; pr\u00e9histoire avec exposition et c<\/p>\n<p><a data-lightbox=\"article\" data-title=\"30\u00e9me Salon International de Rouen Fossiles, Min\u00e9raux &amp; pr\u00e9histoire \u00a9 Laurence LAIZIER\" class=\"image detail   position-relative d-block\" href=\"https:\/\/www.jds.fr\/medias\/image\/0-95690500-1755530218-695561-920-0-F.webp\" title=\"30\u00e9me Salon International de Rouen Fossiles, Min\u00e9raux &amp; pr\u00e9histoire \u00a9 Laurence LAIZIER\" rel=\"nofollow noopener\" target=\"_blank\"><br \/>\n<img decoding=\"async\" loading=\"lazy\" src=\"https:\/\/www.europesays.com\/fr\/wp-content\/uploads\/2025\/08\/0-95690500-1755530218-695561-1200-0.webp.webp\"   width=\"685\" alt=\"30\u00e9me Salon International de Rouen Fossiles, Min\u00e9raux &amp; pr\u00e9histoire\" class=\"border\"\/><br \/>\n\u00a9 Laurence LAIZIER<br \/>\n30\u00e9me Salon International de Rouen Fossiles, Min\u00e9raux &amp; pr\u00e9histoire<br \/>\n<\/a><\/p>\n<p>2 conf\u00e9rences le samedi \u00e0 12h &amp; 16h, et 2 le dimanche \u00e0 11h &amp; 15h sur le th\u00e8me des fossiles anglais<\/p>\n<p>Une cinquantaine d&rsquo;exposants venus du monde entier pour partager leurs derni\u00e8res d\u00e9couvertes\u00a0: fossiles, min\u00e9raux, cr\u00e9ations de bijoux \u2026etc.<\/p>\n<p>Nombreux ateliers de d\u00e9monstrations\u00a0: d\u00e9gagement et pr\u00e9parations de fossiles, montages de bijoux en opale, recherche d&rsquo;or, \u2026etc.<\/p>\n<p>Expertise gratuite et rachat de pi\u00e8ces ou collections<\/p>\n<p>Buvette \u00e0 disposition<\/p>\n<p>Entr\u00e9e 4 euros, demi-tarif pour les \u00e9tudiants &amp; chercheurs d&#8217;emploi, gratuit pour les moins de 15 ans<\/p>\n<p>Pour participer et pour toutes informations compl\u00e9mentaires\u00a0:<\/p>\n<p>Simon ABI SEMAAN<\/p>\n<p>0618428696<\/p>\n<p><a href=\"https:\/\/www.jds.fr\/rouen\/foires-et-salons\/foires\/mailto:arpam.rouen@gmail.com\" rel=\"nofollow noopener\" target=\"_blank\">arpam.rouen@gmail.com<\/a><\/p>\n<p>            Renseignements<\/p>\n<p><strong class=\"font-size-18\">O\u00f9\u00a0:<\/strong><br \/> halle aux toiles<a class=\"mt-1 d-block ps-4\" href=\"https:\/\/www.jds.fr\/rouen\/\" rel=\"nofollow noopener\" target=\"_blank\"> 76000 Rouen<\/a><\/p>\n<p>Dates et horaires\u00a0: <\/p>\n<ul class=\"liste-dates list-unstyled\" id=\"liste-dates-68a3a84de99f7\">\n<li>du Samedi 18 Octobre 2025 au Dimanche 19 Octobre 2025 de 10h \u00e0 18h et de 10h \u00e0 19h<\/li>\n<\/ul>\n<p>Tarifs\u00a0: <\/p>\n<p>Entr\u00e9e 4 euros, demi-tarif pour les \u00e9tudiants &amp; chercheurs d&#8217;emploi, gratuit pour les moins de 15 ans<\/p>\n<p>Dans la m\u00eame rubrique<\/p>\n<ul class=\"mt-3 list-unstyled list-articles-v2\">\n<li class=\"col-12 pt-4\" data-view-id-type=\"1\" data-view-id=\"982338\" data-view-bc=\"0\"><a class=\"d-block titre text-black mb-1 mb-md-2\" href=\"https:\/\/www.jds.fr\/rouen\/foires-et-salons\/marches\/marche-de-totes-982338_A\" rel=\"nofollow noopener\" target=\"_blank\">March\u00e9 de T\u00f4tes<\/a>Du 20\/08\/2025 au 30\/12\/2026 T\u00f4tes<br \/>\nChaque mercredi matin de 8 h \u00e0 13 h, les marchands s&rsquo;installent sur la place pour le march\u00e9 hebdomadaire..  Vous y trouverez tout ce dont vous avez besoin\u00a0: fruits et [\u2026]<a class=\"image\" href=\"https:\/\/www.jds.fr\/rouen\/foires-et-salons\/marches\/marche-de-totes-982338_A\" rel=\"nofollow noopener\" target=\"_blank\"><img decoding=\"async\" loading=\"lazy\" src=\"https:\/\/www.europesays.com\/fr\/wp-content\/uploads\/2025\/06\/braderie-16470-180-180.webp.webp\" width=\"180\" height=\"180\" alt=\"March\u00e9 de T\u00f4tes\" class=\"border\"\/><\/a><\/li>\n<li class=\"col-12 pt-4\" data-view-id-type=\"1\" data-view-id=\"982441\" data-view-bc=\"0\"><a class=\"d-block titre text-black mb-1 mb-md-2\" href=\"https:\/\/www.jds.fr\/rouen\/foires-et-salons\/marches\/marche-de-bracquetuit-982441_A\" rel=\"nofollow noopener\" target=\"_blank\">March\u00e9 de Bracquetuit<\/a>Du 21\/08\/2025 au 31\/12\/2026 BracquetuitAfin de dynamiser le milieu rural et favoriser les circuits courts, la commune de Bracquetuit met en place un march\u00e9 semi-nocturne tous les jeudis de 16h \u00e0 19h sur le parking de [\u2026]<a class=\"image\" href=\"https:\/\/www.jds.fr\/rouen\/foires-et-salons\/marches\/marche-de-bracquetuit-982441_A\" rel=\"nofollow noopener\" target=\"_blank\"><img decoding=\"async\" loading=\"lazy\" src=\"https:\/\/www.europesays.com\/fr\/wp-content\/uploads\/2025\/06\/braderie-16470-180-180.webp.webp\" width=\"180\" height=\"180\" alt=\"March\u00e9 de Bracquetuit\" class=\"border\"\/><\/a><\/li>\n<li class=\"li_gp_div\">\n<\/li>\n<li class=\"col-12 pt-4\" data-view-id-type=\"1\" data-view-id=\"982342\" data-view-bc=\"0\"><a class=\"d-block titre text-black mb-1 mb-md-2\" href=\"https:\/\/www.jds.fr\/rouen\/foires-et-salons\/marches\/marche-d-auffay-982342_A\" rel=\"nofollow noopener\" target=\"_blank\">March\u00e9 d&rsquo;Auffay<\/a>Du 22\/08\/2025 au 25\/12\/2026 Val-de-ScieLe march\u00e9 d&rsquo;Auffay  s&rsquo;installe chaque vendredi matin dans le centre-ville o\u00f9 commerces et marchands s&rsquo;allient pour vous proposer toute une gamme de produits frais. Id\u00e9al pour [\u2026]<a class=\"image\" href=\"https:\/\/www.jds.fr\/rouen\/foires-et-salons\/marches\/marche-d-auffay-982342_A\" rel=\"nofollow noopener\" target=\"_blank\"><img decoding=\"async\" loading=\"lazy\" src=\"https:\/\/www.europesays.com\/fr\/wp-content\/uploads\/2025\/06\/braderie-16470-180-180.webp.webp\" width=\"180\" height=\"180\" alt=\"March\u00e9 d'Auffay\" class=\"border\"\/><\/a><\/li>\n<li class=\"col-12 pt-4\" data-view-id-type=\"1\" data-view-id=\"1085857\" data-view-bc=\"0\"><a class=\"image\" href=\"https:\/\/www.jds.fr\/rouen\/foires-et-salons\/marches\/marche-nocturne-des-producteurs-et-des-artisans-les-estivales-a-gremonville-1085857_A\" rel=\"nofollow noopener\" target=\"_blank\"><img decoding=\"async\" loading=\"lazy\" src=\"https:\/\/www.europesays.com\/fr\/wp-content\/uploads\/2025\/06\/braderie-16470-180-180.webp.webp\" width=\"180\" height=\"180\" alt=\"March\u00e9 nocturne des producteurs et des artisans les Estivales \u00e0 Gr\u00e9monville\" class=\"border\"\/><\/a><\/li>\n<li class=\"col-12 pt-4\" data-view-id-type=\"1\" data-view-id=\"915463\" data-view-bc=\"0\"><a class=\"image\" href=\"https:\/\/www.jds.fr\/rouen\/foires-et-salons\/marches\/marche-hebdomadaire-915463_A\" rel=\"nofollow noopener\" target=\"_blank\"><img decoding=\"async\" loading=\"lazy\" src=\"https:\/\/www.europesays.com\/fr\/wp-content\/uploads\/2025\/06\/braderie-16470-180-180.webp.webp\" width=\"180\" height=\"180\" alt=\"March\u00e9 hebdomadaire\" class=\"border\"\/><\/a><\/li>\n<li class=\"li_gp_div li_gp_div_infeed\"\/>\n<li class=\"col-12 pt-4\" data-view-id-type=\"1\" data-view-id=\"939373\" data-view-bc=\"0\"><a class=\"d-block titre text-black mb-1 mb-md-2\" href=\"https:\/\/www.jds.fr\/rouen\/foires-et-salons\/marches\/marche-nocturne-939373_A\" rel=\"nofollow noopener\" target=\"_blank\">March\u00e9 Nocturne<\/a>Le 29\/08\/2025 Montville<br \/>\nEnvie d&rsquo;activit\u00e9s insolites\u00a0?<br \/>\nMontville organise cette ann\u00e9e 2 march\u00e9s nocturnes les vendredis 4 juillet et 29 ao\u00fbt sur le parking Jean-Loup Chr\u00e9tien de 18h30 \u00e0 23 [\u2026]<a class=\"image\" href=\"https:\/\/www.jds.fr\/rouen\/foires-et-salons\/marches\/marche-nocturne-939373_A\" rel=\"nofollow noopener\" target=\"_blank\"><img decoding=\"async\" loading=\"lazy\" src=\"https:\/\/www.europesays.com\/fr\/wp-content\/uploads\/2025\/06\/braderie-16470-180-180.webp.webp\" width=\"180\" height=\"180\" alt=\"March\u00e9 Nocturne\" class=\"border\"\/><\/a><\/li>\n<li class=\"col-12 pt-4\" data-view-id-type=\"1\" data-view-id=\"915094\" data-view-bc=\"0\"><a class=\"d-block titre text-black mb-1 mb-md-2\" href=\"https:\/\/www.jds.fr\/rouen\/foires-et-salons\/marches\/marche-saint-marc-le-gout-du-panier-915094_A\" rel=\"nofollow noopener\" target=\"_blank\">March\u00e9 Saint-Marc, le go\u00fbt du panier<\/a>Le 30\/08\/2025 RouenOn vous emm\u00e8ne au march\u00e9 avec un passionn\u00e9 de gastronomie normande qui vous guide et vous conseille parmi les \u00e9tals. Produits locaux et saveurs gourmandes sont au [\u2026]<a class=\"image\" href=\"https:\/\/www.jds.fr\/rouen\/foires-et-salons\/marches\/marche-saint-marc-le-gout-du-panier-915094_A\" rel=\"nofollow noopener\" target=\"_blank\"><img decoding=\"async\" loading=\"lazy\" src=\"https:\/\/www.europesays.com\/fr\/wp-content\/uploads\/2025\/06\/braderie-16470-180-180.webp.webp\" width=\"180\" height=\"180\" alt=\"March\u00e9 Saint-Marc, le go\u00fbt du panier\" class=\"border\"\/><\/a><\/li>\n<li class=\"col-12 pt-4\" data-view-id-type=\"1\" data-view-id=\"910888\" data-view-bc=\"0\"><a class=\"d-block titre text-black mb-1 mb-md-2\" href=\"https:\/\/www.jds.fr\/rouen\/foires-et-salons\/marches\/puces-jeanne-d-arc-910888_A\" rel=\"nofollow noopener\" target=\"_blank\">Puces Jeanne d\u2019Arc<\/a>Du 07\/09\/2025 au 05\/10\/2025 RouenUn dimanche par mois, la rue Jeanne d\u2019Arc se m\u00e9tamorphose en paradis du vintage\u00a0! Entre friperies tendance, brocanteurs passionn\u00e9s, vinyles collector et livres d\u2019antan, [\u2026]<a class=\"image\" href=\"https:\/\/www.jds.fr\/rouen\/foires-et-salons\/marches\/puces-jeanne-d-arc-910888_A\" rel=\"nofollow noopener\" target=\"_blank\"><img decoding=\"async\" loading=\"lazy\" src=\"https:\/\/www.europesays.com\/fr\/wp-content\/uploads\/2025\/06\/braderie-16470-180-180.webp.webp\" width=\"180\" height=\"180\" alt=\"Puces Jeanne d\u2019Arc\" class=\"border\"\/><\/a><\/li>\n<li class=\"col-12 pt-4\" data-view-id-type=\"1\" data-view-id=\"742345\" data-view-bc=\"0\"><a class=\"image\" href=\"https:\/\/www.jds.fr\/rouen\/foires-et-salons\/foires\/24h-emploi-formation-rouen-2025-742345_A\" rel=\"nofollow noopener\" target=\"_blank\"><img decoding=\"async\" loading=\"lazy\" src=\"https:\/\/www.europesays.com\/fr\/wp-content\/uploads\/2025\/08\/0-42429000-1732890293-484666-180-180.webp.webp\" width=\"180\" height=\"180\" alt=\"24h emploi formation Rouen 2025\" class=\"border\"\/><\/a><\/li>\n<li class=\"li_gp_div li_gp_div_infeed\"\/>\n<li class=\"col-12 pt-4\" data-view-id-type=\"1\" data-view-id=\"1103900\" data-view-bc=\"0\"><a class=\"d-block titre text-black mb-1 mb-md-2\" href=\"https:\/\/www.jds.fr\/rouen\/foires-et-salons\/marches\/salon-du-camping-car-de-rouen-1103900_A\" rel=\"nofollow noopener\" target=\"_blank\">Salon du Camping car de Rouen<\/a>Du 18\/09\/2025 au 21\/09\/2025 RouenManifestation commerciale regroupant trois distributeurs de v\u00e9hicules de loisirs, r\u00e9unis au sein de l\u2019association (A3CSM) Association des concessionnaires de camping-car de [\u2026]<a class=\"image\" href=\"https:\/\/www.jds.fr\/rouen\/foires-et-salons\/marches\/salon-du-camping-car-de-rouen-1103900_A\" rel=\"nofollow noopener\" target=\"_blank\"><img decoding=\"async\" loading=\"lazy\" src=\"https:\/\/www.europesays.com\/fr\/wp-content\/uploads\/2025\/06\/braderie-16470-180-180.webp.webp\" width=\"180\" height=\"180\" alt=\"Salon du Camping car de Rouen\" class=\"border\"\/><\/a><\/li>\n<li class=\"col-12 pt-4\" data-view-id-type=\"1\" data-view-id=\"766027\" data-view-bc=\"0\"><a class=\"image\" href=\"https:\/\/www.jds.fr\/rouen\/foires-et-salons\/marches\/journees-europeennes-du-patrimoine-et-journees-du-matrimoine-766027_A\" rel=\"nofollow noopener\" target=\"_blank\"><img decoding=\"async\" loading=\"lazy\" src=\"https:\/\/www.europesays.com\/fr\/wp-content\/uploads\/2025\/06\/braderie-16470-180-180.webp.webp\" width=\"180\" height=\"180\" alt=\"Journ\u00e9es Europ\u00e9ennes du patrimoine et journ\u00e9es du matrimoine\" class=\"border\"\/><\/a><\/li>\n<li class=\"col-12 pt-4\" data-view-id-type=\"1\" data-view-id=\"1096158\" data-view-bc=\"0\"><a class=\"image\" href=\"https:\/\/www.jds.fr\/rouen\/foires-et-salons\/foires\/salon-du-bien-etre-de-barentin-theme-rentree-zen-1096158_A\" rel=\"nofollow noopener\" target=\"_blank\"><img decoding=\"async\" loading=\"lazy\" src=\"https:\/\/www.europesays.com\/fr\/wp-content\/uploads\/2025\/08\/0-45536500-1752757488-677577-180-180.webp.webp\" width=\"180\" height=\"180\" alt=\"Salon du Bien-\u00catre de Barentin th\u00e8me : Rentr\u00e9e Zen\" class=\"border\"\/><\/a><\/li>\n<li class=\"col-12 pt-4\" data-view-id-type=\"1\" data-view-id=\"915568\" data-view-bc=\"0\"><a class=\"d-block titre text-black mb-1 mb-md-2\" href=\"https:\/\/www.jds.fr\/rouen\/foires-et-salons\/marches\/rouen-a-table-915568_A\" rel=\"nofollow noopener\" target=\"_blank\">Rouen \u00e0 Table\u00a0!<\/a>Du 08\/10\/2025 au 12\/10\/2025 Rouen<br \/>\nC\u2019est le retour tant attendu des gourmets, Rouen \u00e0 Table\u00a0! L&rsquo;\u00e9v\u00e9nement est de retour le week-end du 11 et 12 octobre en l&rsquo;honneur du r\u00e9seau des Villes Cr\u00e9atives UNESCO [\u2026]<a class=\"image\" href=\"https:\/\/www.jds.fr\/rouen\/foires-et-salons\/marches\/rouen-a-table-915568_A\" rel=\"nofollow noopener\" target=\"_blank\"><img decoding=\"async\" loading=\"lazy\" src=\"https:\/\/www.europesays.com\/fr\/wp-content\/uploads\/2025\/06\/braderie-16470-180-180.webp.webp\" width=\"180\" height=\"180\" alt=\"Rouen \u00e0 Table !\" class=\"border\"\/><\/a><\/li>\n<li class=\"li_gp_div li_gp_div_infeed\"\/>\n<li class=\"col-12 pt-4\" data-view-id-type=\"1\" data-view-id=\"765528\" data-view-bc=\"0\"><a class=\"d-block titre text-black mb-1 mb-md-2\" href=\"https:\/\/www.jds.fr\/rouen\/foires-et-salons\/marches\/la-foire-saint-romain-765528_A\" rel=\"nofollow noopener\" target=\"_blank\">La Foire Saint Romain<\/a>Du 17\/10\/2025 au 16\/11\/2025 Rouen<br \/>\nLa Foire Saint-Romain illuminera la ville de Rouen du 17 octobre au 16 novembre 2025. .  Deuxi\u00e8me plus grande f\u00eate foraine de France apr\u00e8s la Foire du Tr\u00f4ne, la Foire [\u2026]<a class=\"image\" href=\"https:\/\/www.jds.fr\/rouen\/foires-et-salons\/marches\/la-foire-saint-romain-765528_A\" rel=\"nofollow noopener\" target=\"_blank\"><img decoding=\"async\" loading=\"lazy\" src=\"https:\/\/www.europesays.com\/fr\/wp-content\/uploads\/2025\/06\/braderie-16470-180-180.webp.webp\" width=\"180\" height=\"180\" alt=\"La Foire Saint Romain\" class=\"border\"\/><\/a><\/li>\n<li class=\"col-12 pt-4\" data-view-id-type=\"1\" data-view-id=\"1096136\" data-view-bc=\"0\"><a class=\"image\" href=\"https:\/\/www.jds.fr\/rouen\/foires-et-salons\/foires\/salon-de-l-erotisme-erosexpo-1096136_A\" rel=\"nofollow noopener\" target=\"_blank\"><img decoding=\"async\" loading=\"lazy\" src=\"https:\/\/www.europesays.com\/fr\/wp-content\/uploads\/2025\/08\/0-51488800-1752751131-677547-180-180.webp.webp\" width=\"180\" height=\"180\" alt=\"Salon de l'\u00e9rotisme Erosexpo\" class=\"border\"\/><\/a><\/li>\n<li class=\"col-12 pt-4\" data-view-id-type=\"1\" data-view-id=\"1113038\" data-view-bc=\"0\"><a class=\"d-block titre text-black mb-1 mb-md-2\" href=\"https:\/\/www.jds.fr\/rouen\/foires-et-salons\/marches\/salon-du-mariage-et-de-la-fete-1113038_A\" rel=\"nofollow noopener\" target=\"_blank\">Salon du Mariage et de la f\u00eate<\/a>Du 07\/11\/2025 au 09\/11\/2025 RouenLe Salon du Mariage et de la F\u00eate est le rendez-vous incontournable pour les couples pr\u00e9parant le plus beau jour de leur vie.\n<p>C\u2019est aussi le lieu o\u00f9 tous ceux qui souhaitent [\u2026]<a class=\"image\" href=\"https:\/\/www.jds.fr\/rouen\/foires-et-salons\/marches\/salon-du-mariage-et-de-la-fete-1113038_A\" rel=\"nofollow noopener\" target=\"_blank\"><img decoding=\"async\" loading=\"lazy\" src=\"https:\/\/www.europesays.com\/fr\/wp-content\/uploads\/2025\/06\/braderie-16470-180-180.webp.webp\" width=\"180\" height=\"180\" alt=\"Salon du Mariage et de la f\u00eate\" class=\"border\"\/><\/a><\/li>\n<li class=\"col-12 pt-4\" data-view-id-type=\"1\" data-view-id=\"1116171\" data-view-bc=\"0\"><a class=\"d-block titre text-black mb-1 mb-md-2\" href=\"https:\/\/www.jds.fr\/rouen\/foires-et-salons\/marches\/rouen-givree-1116171_A\" rel=\"nofollow noopener\" target=\"_blank\">Rouen Givr\u00e9e<\/a>Du 21\/11\/2025 au 04\/01\/2026 Rouen<br \/>\nPlongez dans la magie de No\u00ebl avec Rouen Givr\u00e9e\u00a0! Fl\u00e2nez parmi les illuminations scintillantes et participez aux animations festives\u00a0:<\/p>\n<p>    parades<br \/>\n    ateliers [\u2026]<a class=\"image\" href=\"https:\/\/www.jds.fr\/rouen\/foires-et-salons\/marches\/rouen-givree-1116171_A\" rel=\"nofollow noopener\" target=\"_blank\"><img decoding=\"async\" loading=\"lazy\" src=\"https:\/\/www.europesays.com\/fr\/wp-content\/uploads\/2025\/06\/braderie-16470-180-180.webp.webp\" width=\"180\" height=\"180\" alt=\"Rouen Givr\u00e9e\" class=\"border\"\/><\/a><\/li>\n<li class=\"li_gp_div li_gp_div_infeed\"\/>\n<li class=\"col-12 pt-4\" data-view-id-type=\"1\" data-view-id=\"1116292\" data-view-bc=\"0\"><a class=\"d-block titre text-black mb-1 mb-md-2\" href=\"https:\/\/www.jds.fr\/rouen\/foires-et-salons\/marches\/marche-de-noel-1116292_A\" rel=\"nofollow noopener\" target=\"_blank\">March\u00e9 de No\u00ebl<\/a>Du 21\/11\/2025 au 28\/12\/2025 RouenLes petites cabanes blanches par\u00e9es de guirlandes prennent place sur le parvis de la cath\u00e9drale du jeudi 21 novembre au dimanche 28 d\u00e9cembre 2025. De nombreux chalets seront [\u2026]<a class=\"image\" href=\"https:\/\/www.jds.fr\/rouen\/foires-et-salons\/marches\/marche-de-noel-1116292_A\" rel=\"nofollow noopener\" target=\"_blank\"><img decoding=\"async\" loading=\"lazy\" src=\"https:\/\/www.europesays.com\/fr\/wp-content\/uploads\/2025\/06\/braderie-16470-180-180.webp.webp\" width=\"180\" height=\"180\" alt=\"March\u00e9 de No\u00ebl\" class=\"border\"\/><\/a><\/li>\n<\/ul>\n<p class=\"font-size-30 fw-bold lh-1 mt-0 mb-4\">Je trouve les meilleures sorties dans ma ville<\/p>\n<p class=\"mt-0 mb-3 h2\">Newsletter JDS Rouen<\/p>\n<p class=\"font-size-18 fw-normal lh-sm\">Pr\u00eat pour un week-end de folie\u00a0? Chaque jeudi tous les bons plans sorties<\/p>\n","protected":false},"excerpt":{"rendered":"Du 18\/10\/2025 au 19\/10\/2025 halle aux toiles | Rouen Entr\u00e9e 4 euros, demi-tarif pour les \u00e9tudiants &amp; chercheurs&hellip;\n","protected":false},"author":2,"featured_media":328120,"comment_status":"","ping_status":"","sticky":false,"template":"","format":"standard","meta":{"footnotes":""},"categories":[9587],"tags":[1111,11,1777,674,1011,27,12,5161,25,9590],"class_list":{"0":"post-328119","1":"post","2":"type-post","3":"status-publish","4":"format-standard","5":"has-post-thumbnail","7":"category-rouen","8":"tag-actu","9":"tag-actualites","10":"tag-eu","11":"tag-europe","12":"tag-fr","13":"tag-france","14":"tag-news","15":"tag-normandie","16":"tag-republique-francaise","17":"tag-rouen"},"share_on_mastodon":{"url":"https:\/\/pubeurope.com\/@fr\/115052403271367953","error":""},"_links":{"self":[{"href":"https:\/\/www.europesays.com\/fr\/wp-json\/wp\/v2\/posts\/328119","targetHints":{"allow":["GET"]}}],"collection":[{"href":"https:\/\/www.europesays.com\/fr\/wp-json\/wp\/v2\/posts"}],"about":[{"href":"https:\/\/www.europesays.com\/fr\/wp-json\/wp\/v2\/types\/post"}],"author":[{"embeddable":true,"href":"https:\/\/www.europesays.com\/fr\/wp-json\/wp\/v2\/users\/2"}],"replies":[{"embeddable":true,"href":"https:\/\/www.europesays.com\/fr\/wp-json\/wp\/v2\/comments?post=328119"}],"version-history":[{"count":0,"href":"https:\/\/www.europesays.com\/fr\/wp-json\/wp\/v2\/posts\/328119\/revisions"}],"wp:featuredmedia":[{"embeddable":true,"href":"https:\/\/www.europesays.com\/fr\/wp-json\/wp\/v2\/media\/328120"}],"wp:attachment":[{"href":"https:\/\/www.europesays.com\/fr\/wp-json\/wp\/v2\/media?parent=328119"}],"wp:term":[{"taxonomy":"category","embeddable":true,"href":"https:\/\/www.europesays.com\/fr\/wp-json\/wp\/v2\/categories?post=328119"},{"taxonomy":"post_tag","embeddable":true,"href":"https:\/\/www.europesays.com\/fr\/wp-json\/wp\/v2\/tags?post=328119"}],"curies":[{"name":"wp","href":"https:\/\/api.w.org\/{rel}","templated":true}]}}