{"id":328121,"date":"2025-08-18T23:41:01","date_gmt":"2025-08-18T23:41:01","guid":{"rendered":"https:\/\/www.europesays.com\/fr\/328121\/"},"modified":"2025-08-18T23:41:01","modified_gmt":"2025-08-18T23:41:01","slug":"apres-gf38-laval-frank-rizzetto-decu-du-niveau-technique","status":"publish","type":"post","link":"https:\/\/www.europesays.com\/fr\/328121\/","title":{"rendered":"Apr\u00e8s GF38 &#8211; Laval. Frank Rizzetto \u00ab\u00a0d\u00e9\u00e7u du niveau technique\u00a0\u00bb"},"content":{"rendered":"<p style=\"font-size:20px\"><strong>L\u2019entra\u00eeneur du GF38 Franck Rizzetto s\u2019est exprim\u00e9 apr\u00e8s le match nul de son \u00e9quipe face au Stade Lavallois ce vendredi 15 ao\u00fbt au Stade des Alpes.<\/strong><\/p>\n<p>\u00ab\u00a0Vu la physionomie du match, on est forc\u00e9ment content de prendre ce point du match nul. Je suis dans l\u2019ensemble d\u00e9\u00e7u du niveau technique qu\u2019on a affich\u00e9, c\u2019\u00e9tait une partie tr\u00e8s tactique, il faut \u00eatre performant sur les aspects mentaux, athl\u00e9tiques et techniques pour g\u00eaner cette \u00e9quipe pendant une bonne heure. On \u00e9tait trop en dedans. Laval n\u2019a pas eu beaucoup d\u2019occasions. Le but a fait du bien \u00e0 Nesta et l\u2019\u00e9quipe. On sentait une formation beaucoup plus lib\u00e9r\u00e9e sur la fin de partie. \u00bb<\/p>\n","protected":false},"excerpt":{"rendered":"L\u2019entra\u00eeneur du GF38 Franck Rizzetto s\u2019est exprim\u00e9 apr\u00e8s le match nul de son \u00e9quipe face au Stade Lavallois&hellip;\n","protected":false},"author":2,"featured_media":41181,"comment_status":"","ping_status":"","sticky":false,"template":"","format":"standard","meta":{"footnotes":""},"categories":[9566],"tags":[1111,11,2430,1777,674,1011,27,2731,12,25],"class_list":{"0":"post-328121","1":"post","2":"type-post","3":"status-publish","4":"format-standard","5":"has-post-thumbnail","7":"category-grenoble","8":"tag-actu","9":"tag-actualites","10":"tag-auvergne-rhone-alpes","11":"tag-eu","12":"tag-europe","13":"tag-fr","14":"tag-france","15":"tag-grenoble","16":"tag-news","17":"tag-republique-francaise"},"share_on_mastodon":{"url":"https:\/\/pubeurope.com\/@fr\/115052418411242712","error":""},"_links":{"self":[{"href":"https:\/\/www.europesays.com\/fr\/wp-json\/wp\/v2\/posts\/328121","targetHints":{"allow":["GET"]}}],"collection":[{"href":"https:\/\/www.europesays.com\/fr\/wp-json\/wp\/v2\/posts"}],"about":[{"href":"https:\/\/www.europesays.com\/fr\/wp-json\/wp\/v2\/types\/post"}],"author":[{"embeddable":true,"href":"https:\/\/www.europesays.com\/fr\/wp-json\/wp\/v2\/users\/2"}],"replies":[{"embeddable":true,"href":"https:\/\/www.europesays.com\/fr\/wp-json\/wp\/v2\/comments?post=328121"}],"version-history":[{"count":0,"href":"https:\/\/www.europesays.com\/fr\/wp-json\/wp\/v2\/posts\/328121\/revisions"}],"wp:featuredmedia":[{"embeddable":true,"href":"https:\/\/www.europesays.com\/fr\/wp-json\/wp\/v2\/media\/41181"}],"wp:attachment":[{"href":"https:\/\/www.europesays.com\/fr\/wp-json\/wp\/v2\/media?parent=328121"}],"wp:term":[{"taxonomy":"category","embeddable":true,"href":"https:\/\/www.europesays.com\/fr\/wp-json\/wp\/v2\/categories?post=328121"},{"taxonomy":"post_tag","embeddable":true,"href":"https:\/\/www.europesays.com\/fr\/wp-json\/wp\/v2\/tags?post=328121"}],"curies":[{"name":"wp","href":"https:\/\/api.w.org\/{rel}","templated":true}]}}