{"id":328122,"date":"2025-08-18T23:43:11","date_gmt":"2025-08-18T23:43:11","guid":{"rendered":"https:\/\/www.europesays.com\/fr\/328122\/"},"modified":"2025-08-18T23:43:11","modified_gmt":"2025-08-18T23:43:11","slug":"previsions-du-mardi-19-aout-2025-2","status":"publish","type":"post","link":"https:\/\/www.europesays.com\/fr\/328122\/","title":{"rendered":"pr\u00e9visions du mardi 19 ao\u00fbt 2025"},"content":{"rendered":"<p>Aujourd&rsquo;hui, \u00e0 Rennes, des nuages ne voudront pas faire place au soleil. Les temp\u00e9ratures seront de 23\u00b0C. Le soleil aura du mal \u00e0 percer au milieu des nuages qui perdureront dans la matin\u00e9e. Des pluies \u00e9parses sont attendues. Les valeurs seront de 21\u00b0C. Un vent de sud-est soufflera un peu, avec 8 km\/h. On sera sous un ciel tr\u00e8s agit\u00e9 dans l&rsquo;apr\u00e8s-midi avec des orages de faible intensit\u00e9 \u00e0 pr\u00e9voir. D&rsquo;un autre c\u00f4t\u00e9, les temp\u00e9ratures vont enregistrer une augmentation de plusieurs degr\u00e9s. La p\u00e9riode d&rsquo;importantes chaleurs est bien l\u00e0, avec des temp\u00e9ratures qui risqueront d&rsquo;aller \u00e0 30\u00b0C. Les valeurs s&rsquo;\u00e9chelonneront entre 22 et 30\u00b0C. Il va pleuvoir le soir. Une nuit pluvieuse vous attendra entre mardi et mercredi.<\/p>\n<p>On notera la pr\u00e9sence persistante de nuages demain \u00e0 Rennes. Intemp\u00e9ries : on annonce des pluies \u00e9parses. Le mercure va baisser de plusieurs degr\u00e9s. On anticipe des temp\u00e9ratures avoisinant 17\u00b0C. Une modeste brise de nord-est sera ressentie par les habitants. Le ciel va peu \u00e0 peu se voiler durant la matin\u00e9e avec l&rsquo;apparition de nuages. Demain apr\u00e8s-midi, toujours des nuages dans le ciel qui emp\u00eachent le soleil de faire son apparition. Les valeurs s&rsquo;\u00e9chelonneront de 17 \u00e0 19\u00b0C. La grisaille ne se disperse toujours pas, il va y avoir encore des nuages demain soir. Du mauvais temps est \u00e0 pr\u00e9voir. Des pluies \u00e9parses vont tomber. Il va faire environ 16\u00b0C.<\/p>\n<p>Une am\u00e9lioration est \u00e0 pr\u00e9voir les jours suivants. Le temps sera ensoleill\u00e9 avec des temp\u00e9ratures autour de 24\u00b0C.<\/p>\n<p><\/p>\n","protected":false},"excerpt":{"rendered":"Aujourd&rsquo;hui, \u00e0 Rennes, des nuages ne voudront pas faire place au soleil. Les temp\u00e9ratures seront de 23\u00b0C. Le&hellip;\n","protected":false},"author":2,"featured_media":328123,"comment_status":"","ping_status":"","sticky":false,"template":"","format":"standard","meta":{"footnotes":""},"categories":[2821],"tags":[1111,11,829,1777,674,1011,27,848,12,2119,584,25],"class_list":{"0":"post-328122","1":"post","2":"type-post","3":"status-publish","4":"format-standard","5":"has-post-thumbnail","7":"category-rennes","8":"tag-actu","9":"tag-actualites","10":"tag-bretagne","11":"tag-eu","12":"tag-europe","13":"tag-fr","14":"tag-france","15":"tag-ille-et-vilaine","16":"tag-news","17":"tag-previsions-meteo","18":"tag-rennes","19":"tag-republique-francaise"},"share_on_mastodon":{"url":"https:\/\/pubeurope.com\/@fr\/115052426688464954","error":""},"_links":{"self":[{"href":"https:\/\/www.europesays.com\/fr\/wp-json\/wp\/v2\/posts\/328122","targetHints":{"allow":["GET"]}}],"collection":[{"href":"https:\/\/www.europesays.com\/fr\/wp-json\/wp\/v2\/posts"}],"about":[{"href":"https:\/\/www.europesays.com\/fr\/wp-json\/wp\/v2\/types\/post"}],"author":[{"embeddable":true,"href":"https:\/\/www.europesays.com\/fr\/wp-json\/wp\/v2\/users\/2"}],"replies":[{"embeddable":true,"href":"https:\/\/www.europesays.com\/fr\/wp-json\/wp\/v2\/comments?post=328122"}],"version-history":[{"count":0,"href":"https:\/\/www.europesays.com\/fr\/wp-json\/wp\/v2\/posts\/328122\/revisions"}],"wp:featuredmedia":[{"embeddable":true,"href":"https:\/\/www.europesays.com\/fr\/wp-json\/wp\/v2\/media\/328123"}],"wp:attachment":[{"href":"https:\/\/www.europesays.com\/fr\/wp-json\/wp\/v2\/media?parent=328122"}],"wp:term":[{"taxonomy":"category","embeddable":true,"href":"https:\/\/www.europesays.com\/fr\/wp-json\/wp\/v2\/categories?post=328122"},{"taxonomy":"post_tag","embeddable":true,"href":"https:\/\/www.europesays.com\/fr\/wp-json\/wp\/v2\/tags?post=328122"}],"curies":[{"name":"wp","href":"https:\/\/api.w.org\/{rel}","templated":true}]}}