{"id":328126,"date":"2025-08-18T23:45:22","date_gmt":"2025-08-18T23:45:22","guid":{"rendered":"https:\/\/www.europesays.com\/fr\/328126\/"},"modified":"2025-08-18T23:45:22","modified_gmt":"2025-08-18T23:45:22","slug":"strasbourg-que-devient-lex-chancelier-bernard-xibaut","status":"publish","type":"post","link":"https:\/\/www.europesays.com\/fr\/328126\/","title":{"rendered":"Strasbourg : que devient l&rsquo;ex chancelier Bernard Xibaut ?"},"content":{"rendered":"<p><img loading=\"lazy\" decoding=\"async\" class=\"alignleft size-medium wp-image-207446 lazyload\" src=\"https:\/\/www.europesays.com\/fr\/wp-content\/uploads\/2025\/08\/Strasbourg_Cathedral_52298547060-300x300.jpg\" alt=\"\" width=\"300\" height=\"300\" data-  \/>Dans le sillage de l\u2019affaire Spina \u2013 cet abb\u00e9 <a href=\"https:\/\/riposte-catholique.fr\/archives\/207357\" target=\"_blank\" rel=\"noopener\">condamn\u00e9 pour viol ne sera finalement pas chancelier du dioc\u00e8se de Toulouse<\/a> \u2013 et de l\u2019abb\u00e9 condamn\u00e9 pour p\u00e9dopornographie propuls\u00e9 \u00e0 diverses charges dioc\u00e9saines dont notaire \u00e0 la chancellerie (<a href=\"https:\/\/riposte-catholique.fr\/archives\/207351\" target=\"_blank\" rel=\"noopener\">elles lui ont \u00e9t\u00e9 retir\u00e9es<\/a> depuis la m\u00e9diatisation de cette situation) nos lecteurs nous rappellent le cas de l\u2019ex-chancelier du dioc\u00e8se de Strasbourg, <a href=\"https:\/\/www.dna.fr\/faits-divers-justice\/2023\/04\/19\/gestes-deplaces-du-chancelier-envers-un-seminariste-le-silence-des-eveques\" target=\"_blank\" rel=\"noopener\">mis en cause en avril 2023<\/a> \u2013 il y a plus de deux ans \u2013 pour gestes d\u00e9plac\u00e9s sur un s\u00e9minariste en 2006 et suspendu de ses fonctions. N\u00e9anmoins, les conclusions de l\u2019enqu\u00eate, si elles ont \u00e9t\u00e9 faites, n\u2019ont pas \u00e9t\u00e9 rendues publiques, et la situation reste dans une zone grise.<\/p>\n<p><a href=\"https:\/\/www.librairiepointdecote.fr\/personne\/bernard-xibaut\/612143\/\" target=\"_blank\" rel=\"noopener\">Chancelier<\/a> et secr\u00e9taire g\u00e9n\u00e9ral du dioc\u00e8se de Strasbourg depuis 2003 \u00e0 2023, Bernard Xibaut a \u00e9t\u00e9 maintenu \u00e0 ce poste par les \u00e9v\u00eaques successifs, NNSS Dor\u00e9, Grallet, Ravel \u2013 et avait \u00e9t\u00e9 mis en cause concomitamment \u00e0 son d\u00e9part plus ou moins forc\u00e9. <a href=\"https:\/\/www.francebleu.fr\/infos\/faits-divers-justice\/bertrand-xibaut-chancelier-de-l-archeveche-de-strasbourg-1490162227\" target=\"_blank\" rel=\"noopener\">Envoy\u00e9<\/a> au charbon en 2017-2018 expliquer que le dioc\u00e8se de Strasbourg ne savait rien des affaires d\u2019abus qui \u00e9mergent \u00e0 l\u2019\u00e9poque, il est <a href=\"https:\/\/www.rcf.fr\/articles\/culture\/alsace-les-eveques-emerites-dans-leglise\" target=\"_blank\" rel=\"noopener\">co-auteur<\/a> d\u2019un livre sur les \u00e9v\u00eaques \u00e9m\u00e9rites avec Mgr Dor\u00e9 en 2017 \u2013 ouvrage partiellement pro domo pour le second, mais qui a le m\u00e9rite d\u2019interroger et d\u2019expliquer la situation de 29 \u00e9v\u00eaques \u00e9m\u00e9rites, il est aussi le <a href=\"https:\/\/eglise.catholique.fr\/guide-eglise-catholique-france\/eveques-dioceses-france\/liste-des-dioceses\/a-decouverte-dioceses-de-france\/diocese-de-strasbourg\/464101-pere-bernard-xibaut-lhistoire-de-lalsace-coeur\/\" target=\"_blank\" rel=\"noopener\">pr\u00e9sident<\/a> de la soci\u00e9t\u00e9 d\u2019histoire du dioc\u00e8se depuis 2008.<\/p>\n<p>Mgr Delannoy, <a href=\"https:\/\/riposte-catholique.fr\/archives\/197883\" target=\"_blank\" rel=\"noopener\">aux prises avec le pass\u00e9 r\u00e9cent tourment\u00e9<\/a> de l\u2019archidioc\u00e8se concordataire \u2013 et notamment des abus et un suicide au s\u00e9minaire, avait <a href=\"https:\/\/france3-regions.franceinfo.fr\/grand-est\/bas-rhin\/strasbourg-0\/le-chancelier-de-l-archeveche-de-strasbourg-suspendu-jusqu-a-nouvel-ordre-une-enquete-est-en-cours-2979272.html\" target=\"_blank\" rel=\"noopener\">annonc\u00e9<\/a> le 1er juin 2024, par une lettre aux pr\u00eatres, la\u00efcs et collaborateurs du dioc\u00e8se, peu apr\u00e8s son arriv\u00e9e, la suspension du chancelier Bernard Xibaut \u00ab\u00a0Suite \u00e0 une proc\u00e9dure initi\u00e9e devant le tribunal p\u00e9nal canonique national et jusqu\u2019\u00e0 nouvel ordre\u00a0\u00bb pour l\u2019office de chancelier et celui de doyen du chapitre cath\u00e9dral, mais sans chercher \u00e0 commenter plus avant. Un connaisseur du dioc\u00e8se de Strasbourg rel\u00e8ve que \u00ab\u00a0lors de l\u2019installation de Mgr Delannoy, Bernard Xibaut n\u2019avait pas \u00e9t\u00e9 convi\u00e9. Ce que beaucoup avaient remarqu\u00e9. Depuis, personne ne sait ni o\u00f9 il est ni ce qu\u2019il fait\u00a0\u00bb.<\/p>\n<p>\u00a0<\/p>\n","protected":false},"excerpt":{"rendered":"Dans le sillage de l\u2019affaire Spina \u2013 cet abb\u00e9 condamn\u00e9 pour viol ne sera finalement pas chancelier du&hellip;\n","protected":false},"author":2,"featured_media":328127,"comment_status":"","ping_status":"","sticky":false,"template":"","format":"standard","meta":{"footnotes":""},"categories":[2820],"tags":[46509,1111,11,15854,1777,674,1011,27,775,12,25,46510,640,46511],"class_list":{"0":"post-328126","1":"post","2":"type-post","3":"status-publish","4":"format-standard","5":"has-post-thumbnail","7":"category-strasbourg","8":"tag-abus-sexuels-du-clerge","9":"tag-actu","10":"tag-actualites","11":"tag-diocese-de-strasbourg","12":"tag-eu","13":"tag-europe","14":"tag-fr","15":"tag-france","16":"tag-grand-est","17":"tag-news","18":"tag-republique-francaise","19":"tag-seminaire-de-strasbourg","20":"tag-strasbourg","21":"tag-tpcn"},"share_on_mastodon":{"url":"https:\/\/pubeurope.com\/@fr\/115052434189595225","error":""},"_links":{"self":[{"href":"https:\/\/www.europesays.com\/fr\/wp-json\/wp\/v2\/posts\/328126","targetHints":{"allow":["GET"]}}],"collection":[{"href":"https:\/\/www.europesays.com\/fr\/wp-json\/wp\/v2\/posts"}],"about":[{"href":"https:\/\/www.europesays.com\/fr\/wp-json\/wp\/v2\/types\/post"}],"author":[{"embeddable":true,"href":"https:\/\/www.europesays.com\/fr\/wp-json\/wp\/v2\/users\/2"}],"replies":[{"embeddable":true,"href":"https:\/\/www.europesays.com\/fr\/wp-json\/wp\/v2\/comments?post=328126"}],"version-history":[{"count":0,"href":"https:\/\/www.europesays.com\/fr\/wp-json\/wp\/v2\/posts\/328126\/revisions"}],"wp:featuredmedia":[{"embeddable":true,"href":"https:\/\/www.europesays.com\/fr\/wp-json\/wp\/v2\/media\/328127"}],"wp:attachment":[{"href":"https:\/\/www.europesays.com\/fr\/wp-json\/wp\/v2\/media?parent=328126"}],"wp:term":[{"taxonomy":"category","embeddable":true,"href":"https:\/\/www.europesays.com\/fr\/wp-json\/wp\/v2\/categories?post=328126"},{"taxonomy":"post_tag","embeddable":true,"href":"https:\/\/www.europesays.com\/fr\/wp-json\/wp\/v2\/tags?post=328126"}],"curies":[{"name":"wp","href":"https:\/\/api.w.org\/{rel}","templated":true}]}}