{"id":328128,"date":"2025-08-18T23:46:25","date_gmt":"2025-08-18T23:46:25","guid":{"rendered":"https:\/\/www.europesays.com\/fr\/328128\/"},"modified":"2025-08-18T23:46:25","modified_gmt":"2025-08-18T23:46:25","slug":"les-touristes-sont-la-mais-ils-depensent-moins-quel-bilan-jusque-la-pour-la-saison-touristique-sur-la-cote-dazur","status":"publish","type":"post","link":"https:\/\/www.europesays.com\/fr\/328128\/","title":{"rendered":"\u00ab\u00a0Les touristes sont l\u00e0 mais ils d\u00e9pensent moins\u00a0\u00bb : quel bilan jusque l\u00e0 pour la saison touristique sur la C\u00f4te d&rsquo;Azur\u00a0?"},"content":{"rendered":"<p>Les professionnels du tourisme entrent dans les deux derni\u00e8res semaines de l&rsquo;\u00e9t\u00e9 avant la fin des vacances scolaires et la rentr\u00e9e le 1er septembre. Ils nous donnent leurs impression sur cette saison touristique 2025, en rappelant qu&rsquo;elle s&rsquo;\u00e9tend jusqu&rsquo;en octobre gr\u00e2ce \u00e0 la m\u00e9t\u00e9o ensoleill\u00e9e.<\/p>\n<p>Plus de monde dans les h\u00f4tels selon les r\u00e9ceptionnistes, des plages priv\u00e9es qui affichent complet, plus de passage \u00e0 l&rsquo;Office de tourisme, une foule plus compacte dans les rues&#8230; A Nice comme \u00e0 Grasse, les professionnels du tourisme s&rsquo;accordent \u00e0 dire qu&rsquo;il y a un peu plus de touristes cet \u00e9t\u00e9, en attendant d&rsquo;avoir un bilan consolid\u00e9 de la saison.<\/p>\n<p>\u00ab\u00a0Plus de monde mais moins de pouvoir d&rsquo;achat\u00a0\u00bb<\/p>\n<p>\u00ab\u00a0En revanche, ils sont un peu radins\u00a0\u00bb, nuance Elvyre, une restauratrice ni\u00e7oise. \u00ab\u00a0On sent que m\u00eame les touristes \u00e9trangers commencent \u00e0 faire plus attention, ils ne d\u00e9pensent plus sans compter.\u00a0\u00bb \u00ab\u00a0Il y a beaucoup de monde mais c&rsquo;est une client\u00e8le un peu plus populaire, qui a moins l&rsquo;habitude d&rsquo;acheter du haut de gamme. Plus de monde mais moins de pouvoir d&rsquo;achat\u00a0\u00bb, r\u00e9sume Dominique, une vendeuse de v\u00eatement \u00e0 Grasse.<\/p>\n<p><img loading=\"lazy\" decoding=\"async\" class=\"VisualPreview svelte-1rldrkz\" src=\"data:image\/jpeg;base64,\/9j\/2wBDACgcHiMeGSgjISMtKygwPGRBPDc3PHtYXUlkkYCZlo+AjIqgtObDoKrarYqMyP\/L2u71\/\/\/\/m8H\/\/\/\/6\/+b9\/\/j\/2wBDASstLTw1PHZBQXb4pYyl+Pj4+Pj4+Pj4+Pj4+Pj4+Pj4+Pj4+Pj4+Pj4+Pj4+Pj4+Pj4+Pj4+Pj4+Pj4+Pj4+Pj\/wAARCAAcACoDASIAAhEBAxEB\/8QAFwABAQEBAAAAAAAAAAAAAAAAAQACA\/\/EABgQAQEBAQEAAAAAAAAAAAAAAAABAhES\/8QAFgEBAQEAAAAAAAAAAAAAAAAAAAEC\/8QAFBEBAAAAAAAAAAAAAAAAAAAAAP\/aAAwDAQACEQMRAD8A6zSunGaPpltrVc9VXTFoK0BCGU9YIG0IqA8MKD\/\/2Q==\" alt=\"Les rues du centre-ville de Grasse.\" width=\"600\" height=\"400\"\/>  Les rues du centre-ville de Grasse. \u00a9 Maxppp &#8211; imagebroker MR<\/p>\n<p>\u00ab\u00a0C&rsquo;est \u00e0 nous de faire un effort aussi,\u00a0reconnait-elle,\u00a0en baissant nos prix, en \u00e9tant encore plus accueillants.\u00a0\u00bb \u00ab\u00a0Les deux prochaines semaines, je vais tout faire pour les ramener dans le restaurant\u00a0! Je sais que le racolage c&rsquo;est mal, mais quand la saison est compliqu\u00e9e, c&rsquo;est \u00e0 la guerre comme \u00e0 la guerre\u00a0!\u00a0\u00bb plaisante Elvyre.<\/p>\n<p>\u00ab\u00a0Les fortes temp\u00e9ratures impactent le ticket restaurant moyen\u00a0\u00bb<\/p>\n<p>C&rsquo;est que les fortes chaleurs, et la r\u00e9cente canicule qui a dur\u00e9 plus d&rsquo;une semaine, ont eu un impact sur les restaurateurs. \u00ab\u00a0Le midi, on gal\u00e8re \u00e0 remplir la salle\u00a0\u00bb, confie un restaurateur ni\u00e7ois. \u00ab\u00a0Les gens n&rsquo;ont pas envie de manger, ils ont trop chaud, ils veulent juste se baigner.\u00a0\u00bb<\/p>\n<p><img loading=\"lazy\" decoding=\"async\" class=\"VisualPreview svelte-1rldrkz\" src=\"data:image\/jpeg;base64,\/9j\/2wBDACgcHiMeGSgjISMtKygwPGRBPDc3PHtYXUlkkYCZlo+AjIqgtObDoKrarYqMyP\/L2u71\/\/\/\/m8H\/\/\/\/6\/+b9\/\/j\/2wBDASstLTw1PHZBQXb4pYyl+Pj4+Pj4+Pj4+Pj4+Pj4+Pj4+Pj4+Pj4+Pj4+Pj4+Pj4+Pj4+Pj4+Pj4+Pj4+Pj4+Pj\/wAARCAAfACoDASIAAhEBAxEB\/8QAGAABAQEBAQAAAAAAAAAAAAAAAgMBBAX\/xAAXEAEBAQEAAAAAAAAAAAAAAAAAAQIR\/8QAFgEBAQEAAAAAAAAAAAAAAAAAAQIA\/8QAFhEBAQEAAAAAAAAAAAAAAAAAAAER\/9oADAMBAAIRAxEAPwDmh5oNlBWzVc6c8p5qomx05p9QzVOnRjzutlDrZUrUh5qcPLBXNPqcIh\/\/2Q==\" alt=\"De nombreux restaurateurs \u00e9voquent des difficult\u00e9s \u00e0 trouver des clients pour les services du midi \u00e0 cause des fortes chaleurs.\" width=\"600\" height=\"450\"\/>  De nombreux restaurateurs \u00e9voquent des difficult\u00e9s \u00e0 trouver des clients pour les services du midi \u00e0 cause des fortes chaleurs. \u00a9 Radio France &#8211; Anne-Lyvia Tollinchi<\/p>\n<p>Les restaurateurs sur la plage remarquent la m\u00eame chose\u00a0: \u00ab\u00a0Les fortes temp\u00e9ratures impactent le ticket restaurant moyen\u00a0\u00bb explique Fabien Malacarne, co-g\u00e9rant d&rsquo;un restaurant lounge de plage sur la promenade des Anglais. \u00ab\u00a0Ils boivent aussi moins d&rsquo;alcool. Mais m\u00e9caniquement, ils finissent de manger plus vite et donc, vu le monde, les tables tournent vite et \u00e7a compense.\u00a0\u00bb<\/p>\n<p>\u00ab\u00a0La saison est loin d&rsquo;\u00eatre termin\u00e9e\u00a0\u00bb<\/p>\n<p>Et tous rappellent que si la rentr\u00e9e scolaire approche, fix\u00e9e le 1er septembre, la saison est loin d&rsquo;\u00eatre termin\u00e9e dans les Alpes Maritimes. \u00ab\u00a0Depuis six ans, on a la chance d&rsquo;avoir une saison rallong\u00e9e\u00a0\u00bb, sourit Fabien Malacarne.<\/p>\n<p>\u00ab\u00a0On va avoir un petit creux, le temps que les vacanciers de septembre arrivent mais on sait qu&rsquo;on va travailler au moins jusqu&rsquo;\u00e0 fin octobre, surtout si la m\u00e9t\u00e9o reste aussi ensoleill\u00e9e.\u00a0\u00bb<\/p>\n<p>\u00ab\u00a0Nos vacances, on les prendra en novembre\u00a0! D&rsquo;ici l\u00e0, c&rsquo;est 7 jours sur 7, on le sait tous\u00a0\u00bb, ajoute Ang\u00e9lique, patronne d&rsquo;un glacier \u00e0 Grasse. \u00ab\u00a0Mais c&rsquo;est une bonne chose. Moi par exemple je suis \u00e0 +20% de chiffre d&rsquo;affaire par rapport \u00e0 l&rsquo;an dernier&#8230; pour nous les glaciers, c&rsquo;est donc une tr\u00e8s belle saison jusque l\u00e0 !\u00a0\u00bb<\/p>\n","protected":false},"excerpt":{"rendered":"Les professionnels du tourisme entrent dans les deux derni\u00e8res semaines de l&rsquo;\u00e9t\u00e9 avant la fin des vacances scolaires&hellip;\n","protected":false},"author":2,"featured_media":328129,"comment_status":"","ping_status":"","sticky":false,"template":"","format":"standard","meta":{"footnotes":""},"categories":[2819],"tags":[1111,11,1777,674,1011,27,12,2401,882,25],"class_list":{"0":"post-328128","1":"post","2":"type-post","3":"status-publish","4":"format-standard","5":"has-post-thumbnail","7":"category-nice","8":"tag-actu","9":"tag-actualites","10":"tag-eu","11":"tag-europe","12":"tag-fr","13":"tag-france","14":"tag-news","15":"tag-nice","16":"tag-provence-alpes-cote-dazur","17":"tag-republique-francaise"},"share_on_mastodon":{"url":"https:\/\/pubeurope.com\/@fr\/115052438069412557","error":""},"_links":{"self":[{"href":"https:\/\/www.europesays.com\/fr\/wp-json\/wp\/v2\/posts\/328128","targetHints":{"allow":["GET"]}}],"collection":[{"href":"https:\/\/www.europesays.com\/fr\/wp-json\/wp\/v2\/posts"}],"about":[{"href":"https:\/\/www.europesays.com\/fr\/wp-json\/wp\/v2\/types\/post"}],"author":[{"embeddable":true,"href":"https:\/\/www.europesays.com\/fr\/wp-json\/wp\/v2\/users\/2"}],"replies":[{"embeddable":true,"href":"https:\/\/www.europesays.com\/fr\/wp-json\/wp\/v2\/comments?post=328128"}],"version-history":[{"count":0,"href":"https:\/\/www.europesays.com\/fr\/wp-json\/wp\/v2\/posts\/328128\/revisions"}],"wp:featuredmedia":[{"embeddable":true,"href":"https:\/\/www.europesays.com\/fr\/wp-json\/wp\/v2\/media\/328129"}],"wp:attachment":[{"href":"https:\/\/www.europesays.com\/fr\/wp-json\/wp\/v2\/media?parent=328128"}],"wp:term":[{"taxonomy":"category","embeddable":true,"href":"https:\/\/www.europesays.com\/fr\/wp-json\/wp\/v2\/categories?post=328128"},{"taxonomy":"post_tag","embeddable":true,"href":"https:\/\/www.europesays.com\/fr\/wp-json\/wp\/v2\/tags?post=328128"}],"curies":[{"name":"wp","href":"https:\/\/api.w.org\/{rel}","templated":true}]}}