{"id":328130,"date":"2025-08-18T23:47:10","date_gmt":"2025-08-18T23:47:10","guid":{"rendered":"https:\/\/www.europesays.com\/fr\/328130\/"},"modified":"2025-08-18T23:47:10","modified_gmt":"2025-08-18T23:47:10","slug":"nice-une-piste-a-linter-milan-pour-le-successeur-de-guessand","status":"publish","type":"post","link":"https:\/\/www.europesays.com\/fr\/328130\/","title":{"rendered":"Nice : une piste \u00e0 l&rsquo;Inter Milan pour le successeur de Guessand"},"content":{"rendered":"<p>L\u2019OGC Nice cherche activement un successeur \u00e0 Evann Guessand, parti \u00e0 Aston Villa pour 35 millions d\u2019euros bonus compris.<\/p>\n<p>Selon La Gazzetta dello Sport, le Gym a pris des renseignements sur Mehdi Taremi, l\u2019attaquant iranien de l\u2019Inter Milan de 33 ans. L\u2019ancien du FC Porto, auteur d\u2019une saison difficile avec seulement 1 but en 26 apparitions de Serie A, ne figure plus dans les plans de Cristian Chivu.<\/p>\n<p>L\u2019international iranien se trouve bel et bien sur le d\u00e9part de l\u2019Inter et dispose d\u2019autres pistes avec Fulham et Besiktas \u00e9galement int\u00e9ress\u00e9s. Nice \u00e9tudie plusieurs options \u00e0 ce poste, notamment David Datro Fofana de Chelsea, mais Taremi pr\u00e9sente l\u2019avantage de l\u2019exp\u00e9rience europ\u00e9enne. Reste \u00e0 savoir si l\u2019approche azur\u00e9enne saura s\u00e9duire le joueur interiste.<\/p>\n","protected":false},"excerpt":{"rendered":"L\u2019OGC Nice cherche activement un successeur \u00e0 Evann Guessand, parti \u00e0 Aston Villa pour 35 millions d\u2019euros bonus&hellip;\n","protected":false},"author":2,"featured_media":328131,"comment_status":"","ping_status":"","sticky":false,"template":"","format":"standard","meta":{"footnotes":""},"categories":[2819],"tags":[1111,11,1777,674,1011,27,12,2401,882,25],"class_list":{"0":"post-328130","1":"post","2":"type-post","3":"status-publish","4":"format-standard","5":"has-post-thumbnail","7":"category-nice","8":"tag-actu","9":"tag-actualites","10":"tag-eu","11":"tag-europe","12":"tag-fr","13":"tag-france","14":"tag-news","15":"tag-nice","16":"tag-provence-alpes-cote-dazur","17":"tag-republique-francaise"},"share_on_mastodon":{"url":"https:\/\/pubeurope.com\/@fr\/115052442027114586","error":""},"_links":{"self":[{"href":"https:\/\/www.europesays.com\/fr\/wp-json\/wp\/v2\/posts\/328130","targetHints":{"allow":["GET"]}}],"collection":[{"href":"https:\/\/www.europesays.com\/fr\/wp-json\/wp\/v2\/posts"}],"about":[{"href":"https:\/\/www.europesays.com\/fr\/wp-json\/wp\/v2\/types\/post"}],"author":[{"embeddable":true,"href":"https:\/\/www.europesays.com\/fr\/wp-json\/wp\/v2\/users\/2"}],"replies":[{"embeddable":true,"href":"https:\/\/www.europesays.com\/fr\/wp-json\/wp\/v2\/comments?post=328130"}],"version-history":[{"count":0,"href":"https:\/\/www.europesays.com\/fr\/wp-json\/wp\/v2\/posts\/328130\/revisions"}],"wp:featuredmedia":[{"embeddable":true,"href":"https:\/\/www.europesays.com\/fr\/wp-json\/wp\/v2\/media\/328131"}],"wp:attachment":[{"href":"https:\/\/www.europesays.com\/fr\/wp-json\/wp\/v2\/media?parent=328130"}],"wp:term":[{"taxonomy":"category","embeddable":true,"href":"https:\/\/www.europesays.com\/fr\/wp-json\/wp\/v2\/categories?post=328130"},{"taxonomy":"post_tag","embeddable":true,"href":"https:\/\/www.europesays.com\/fr\/wp-json\/wp\/v2\/tags?post=328130"}],"curies":[{"name":"wp","href":"https:\/\/api.w.org\/{rel}","templated":true}]}}