{"id":328132,"date":"2025-08-18T23:48:56","date_gmt":"2025-08-18T23:48:56","guid":{"rendered":"https:\/\/www.europesays.com\/fr\/328132\/"},"modified":"2025-08-18T23:48:56","modified_gmt":"2025-08-18T23:48:56","slug":"une-femme-de-21-ans-agressee-et-frappee-en-pleine-nuit-pour-son-telephone-a-nantes","status":"publish","type":"post","link":"https:\/\/www.europesays.com\/fr\/328132\/","title":{"rendered":"Une femme de 21\u00a0ans agress\u00e9e et frapp\u00e9e en pleine nuit pour son t\u00e9l\u00e9phone \u00e0 Nantes"},"content":{"rendered":"<tr wp_automatic_readability=\"5.8791946308725\">\n<td valign=\"middle\" align=\"center\" class=\"col-logo\" wp_automatic_readability=\"5\">\n    <img decoding=\"async\" src=\"https:\/\/maville.com\/design\/images\/logo-of-monetise.svg?version=20130627\" alt=\"logo Ouest-France\" height=\"66\"\/><\/p>\n<p>Contenu r\u00e9serv\u00e9 aux abonn\u00e9s<\/p>\n<\/td>\n<td class=\"col-titre\">\n\t\t\tJeudi 14 ao\u00fbt 2025 18:44<br \/>\n\t\t\t<a class=\"icon-bulle sizeL count\" href=\"#ancreAvis\"><br \/>\n\t&#8230;<br \/>\n<\/a><\/td>\n<\/tr>\n<p>\t\t<a class=\"mavillebox2 elmt-photo\" href=\"https:\/\/maville.com\/photosmvi\/2025\/08\/14\/P35406205D6935287G.jpg\" title=\" Une femme de 21\u00a0ans a \u00e9t\u00e9 agress\u00e9e et frapp\u00e9e dans la nuit du 13 au 14\u00a0ao\u00fbt, \u00e0 Nantes (Loire-Atlantique) par deux hommes cagoul\u00e9s et gant\u00e9s qui lui ont d\u00e9rob\u00e9 son t\u00e9l\u00e9phone portable.  \u00a9  archives  &lt;!--TAG-BLC credit--&gt;\" rel=\"galerie_actu noopener\" target=\"_blank\"><br \/>\n\t<img decoding=\"async\" src=\"https:\/\/www.europesays.com\/fr\/wp-content\/uploads\/2025\/08\/P35406205D6935287G_crop_640-330_.jpg\" alt=\"photo  une femme de 21\u00a0ans a \u00e9t\u00e9 agress\u00e9e et frapp\u00e9e dans la nuit du 13 au 14\u00a0ao\u00fbt, \u00e0 nantes (loire-atlantique) par deux hommes cagoul\u00e9s et gant\u00e9s qui lui ont d\u00e9rob\u00e9 son t\u00e9l\u00e9phone portable.  \u00a9  archives \"\/><br \/>\n\t1<br \/>\n<\/a><\/p>\n<p class=\"elmt-legende\"> Une femme de 21\u00a0ans a \u00e9t\u00e9 agress\u00e9e et frapp\u00e9e dans la nuit du 13 au 14\u00a0ao\u00fbt, \u00e0 Nantes (Loire-Atlantique) par deux hommes cagoul\u00e9s et gant\u00e9s qui lui ont d\u00e9rob\u00e9 son t\u00e9l\u00e9phone portable.  \u00a9  archives  <\/p>\n<p>\t\tUne femme de 21\u00a0ans a \u00e9t\u00e9 agress\u00e9e et frapp\u00e9e dans la nuit du 13 au 14\u00a0ao\u00fbt, \u00e0 Nantes (Loire-Atlantique) par deux hommes cagoul\u00e9s et gant\u00e9s qui lui ont d\u00e9rob\u00e9 son t\u00e9l\u00e9phone portable.<\/p>\n<p><b>Cet article est r\u00e9serv\u00e9 aux abonn\u00e9s<\/b><\/p>\n<p>Pour un acc\u00e8s imm\u00e9diat, abonnez-vous<\/p>\n<p><b>1\u00e8re semaine offerte<\/b><\/p>\n<p>\t\tOuest-France<\/p>\n<p>Retrouvez d&rsquo;autres actus sur la commune de :<\/p>\n<p>\t\t&#13;<\/p>\n","protected":false},"excerpt":{"rendered":"Contenu r\u00e9serv\u00e9 aux abonn\u00e9s Jeudi 14 ao\u00fbt 2025 18:44 &#8230; 1 Une femme de 21\u00a0ans a \u00e9t\u00e9 agress\u00e9e&hellip;\n","protected":false},"author":2,"featured_media":328133,"comment_status":"","ping_status":"","sticky":false,"template":"","format":"standard","meta":{"footnotes":""},"categories":[2818],"tags":[22729,1111,11,35831,1764,1777,674,1294,1011,27,36930,766,12,293,2636,19940,25,6689,319,9693],"class_list":{"0":"post-328132","1":"post","2":"type-post","3":"status-publish","4":"format-standard","5":"has-post-thumbnail","7":"category-nantes","8":"tag-22729","9":"tag-actu","10":"tag-actualites","11":"tag-agressee","12":"tag-ans","13":"tag-eu","14":"tag-europe","15":"tag-femme","16":"tag-fr","17":"tag-france","18":"tag-frappee","19":"tag-nantes","20":"tag-news","21":"tag-nuit","22":"tag-pays-de-la-loire","23":"tag-pleine","24":"tag-republique-francaise","25":"tag-roche","26":"tag-telephone","27":"tag-yon"},"share_on_mastodon":{"url":"https:\/\/pubeurope.com\/@fr\/115052449898997475","error":""},"_links":{"self":[{"href":"https:\/\/www.europesays.com\/fr\/wp-json\/wp\/v2\/posts\/328132","targetHints":{"allow":["GET"]}}],"collection":[{"href":"https:\/\/www.europesays.com\/fr\/wp-json\/wp\/v2\/posts"}],"about":[{"href":"https:\/\/www.europesays.com\/fr\/wp-json\/wp\/v2\/types\/post"}],"author":[{"embeddable":true,"href":"https:\/\/www.europesays.com\/fr\/wp-json\/wp\/v2\/users\/2"}],"replies":[{"embeddable":true,"href":"https:\/\/www.europesays.com\/fr\/wp-json\/wp\/v2\/comments?post=328132"}],"version-history":[{"count":0,"href":"https:\/\/www.europesays.com\/fr\/wp-json\/wp\/v2\/posts\/328132\/revisions"}],"wp:featuredmedia":[{"embeddable":true,"href":"https:\/\/www.europesays.com\/fr\/wp-json\/wp\/v2\/media\/328133"}],"wp:attachment":[{"href":"https:\/\/www.europesays.com\/fr\/wp-json\/wp\/v2\/media?parent=328132"}],"wp:term":[{"taxonomy":"category","embeddable":true,"href":"https:\/\/www.europesays.com\/fr\/wp-json\/wp\/v2\/categories?post=328132"},{"taxonomy":"post_tag","embeddable":true,"href":"https:\/\/www.europesays.com\/fr\/wp-json\/wp\/v2\/tags?post=328132"}],"curies":[{"name":"wp","href":"https:\/\/api.w.org\/{rel}","templated":true}]}}