{"id":328140,"date":"2025-08-18T23:53:16","date_gmt":"2025-08-18T23:53:16","guid":{"rendered":"https:\/\/www.europesays.com\/fr\/328140\/"},"modified":"2025-08-18T23:53:16","modified_gmt":"2025-08-18T23:53:16","slug":"previsions-du-mardi-19-aout-2025-5","status":"publish","type":"post","link":"https:\/\/www.europesays.com\/fr\/328140\/","title":{"rendered":"pr\u00e9visions du mardi 19 ao\u00fbt 2025"},"content":{"rendered":"<p>De petites averses sont \u00e0 pr\u00e9voir sur Toulouse dans la journ\u00e9e. Les temp\u00e9ratures avoisineront les 21\u00b0C. Les valeurs s&rsquo;\u00e9chelonneront de 19 \u00e0 22\u00b0C sur l&rsquo;ensemble de la matin\u00e9e. Un vent de nord-ouest rafra\u00eechira sensiblement l&rsquo;atmosph\u00e8re. Les temp\u00e9ratures s&rsquo;\u00e9chelonneront entre 22\u00b0C et 23\u00b0C dans l&rsquo;apr\u00e8s-midi. Il faudra \u00eatre pr\u00e9voyant le soir : de petites averses auront lieu. Le mercure affichera 21\u00b0C en moyenne. Durant la nuit de mardi \u00e0 mercredi, le ciel sera pluvieux.<\/p>\n<p>Toulouse, o\u00f9 des nuages persisteront demain, continuera d&rsquo;attendre le soleil. Le temps va se r\u00e9chauffer avec une augmentation de quelques degr\u00e9s. Les valeurs seront comprises entre 17 et 27\u00b0C. Un modeste vent d&rsquo;ouest sera ressenti par les habitants. Le soleil peinera \u00e0 percer au milieu des nuages qui perdureront dans la matin\u00e9e. La m\u00e9t\u00e9o sera marqu\u00e9e par des pluies \u00e9parses. Les temp\u00e9ratures seront de 17\u00b0C au plus bas et de 22\u00b0C au maximum. Demain apr\u00e8s-midi, le soleil va peu \u00e0 peu se substituer aux nuages. Les temp\u00e9ratures vont enregistrer une hausse de plusieurs degr\u00e9s. Les maximales atteindront les 27\u00b0C tandis que les minimales seront de 24\u00b0C. Le ciel va progressivement se voiler durant la soir\u00e9e avec l&rsquo;apparition de nuages. Des pluies \u00e9parses tomberont. Les valeurs afficheront entre 20 et 24\u00b0C.<\/p>\n<p>Le temps des journ\u00e9es suivantes va \u00e9voluer peu \u00e0 peu. La m\u00e9t\u00e9o se maintiendra jeudi mais une am\u00e9lioration s&rsquo;ensuivra vendredi.<\/p>\n<p><\/p>\n","protected":false},"excerpt":{"rendered":"De petites averses sont \u00e0 pr\u00e9voir sur Toulouse dans la journ\u00e9e. Les temp\u00e9ratures avoisineront les 21\u00b0C. Les valeurs&hellip;\n","protected":false},"author":2,"featured_media":328141,"comment_status":"","ping_status":"","sticky":false,"template":"","format":"standard","meta":{"footnotes":""},"categories":[2816],"tags":[1111,11,1777,674,1011,27,2722,2721,12,2680,2119,25,2312],"class_list":{"0":"post-328140","1":"post","2":"type-post","3":"status-publish","4":"format-standard","5":"has-post-thumbnail","7":"category-toulouse","8":"tag-actu","9":"tag-actualites","10":"tag-eu","11":"tag-europe","12":"tag-fr","13":"tag-france","14":"tag-haute-garonne","15":"tag-midi-pyrenees","16":"tag-news","17":"tag-occitanie","18":"tag-previsions-meteo","19":"tag-republique-francaise","20":"tag-toulouse"},"share_on_mastodon":{"url":"https:\/\/pubeurope.com\/@fr\/115052465597143650","error":""},"_links":{"self":[{"href":"https:\/\/www.europesays.com\/fr\/wp-json\/wp\/v2\/posts\/328140","targetHints":{"allow":["GET"]}}],"collection":[{"href":"https:\/\/www.europesays.com\/fr\/wp-json\/wp\/v2\/posts"}],"about":[{"href":"https:\/\/www.europesays.com\/fr\/wp-json\/wp\/v2\/types\/post"}],"author":[{"embeddable":true,"href":"https:\/\/www.europesays.com\/fr\/wp-json\/wp\/v2\/users\/2"}],"replies":[{"embeddable":true,"href":"https:\/\/www.europesays.com\/fr\/wp-json\/wp\/v2\/comments?post=328140"}],"version-history":[{"count":0,"href":"https:\/\/www.europesays.com\/fr\/wp-json\/wp\/v2\/posts\/328140\/revisions"}],"wp:featuredmedia":[{"embeddable":true,"href":"https:\/\/www.europesays.com\/fr\/wp-json\/wp\/v2\/media\/328141"}],"wp:attachment":[{"href":"https:\/\/www.europesays.com\/fr\/wp-json\/wp\/v2\/media?parent=328140"}],"wp:term":[{"taxonomy":"category","embeddable":true,"href":"https:\/\/www.europesays.com\/fr\/wp-json\/wp\/v2\/categories?post=328140"},{"taxonomy":"post_tag","embeddable":true,"href":"https:\/\/www.europesays.com\/fr\/wp-json\/wp\/v2\/tags?post=328140"}],"curies":[{"name":"wp","href":"https:\/\/api.w.org\/{rel}","templated":true}]}}