{"id":328144,"date":"2025-08-18T23:55:14","date_gmt":"2025-08-18T23:55:14","guid":{"rendered":"https:\/\/www.europesays.com\/fr\/328144\/"},"modified":"2025-08-18T23:55:14","modified_gmt":"2025-08-18T23:55:14","slug":"%f0%9f%87%ab%f0%9f%87%b7-lille-un-automobiliste-retrouve-et-arrete-lui-meme-le-voleur-qui-venait-de-fracturer-sa-voiture-police-realites","status":"publish","type":"post","link":"https:\/\/www.europesays.com\/fr\/328144\/","title":{"rendered":"\ud83c\uddeb\ud83c\uddf7 Lille. Un automobiliste retrouve et arr\u00eate lui-m\u00eame le voleur qui venait de fracturer sa voiture \u2013 Police &#038; R\u00e9alit\u00e9s"},"content":{"rendered":"<p>\u00c0 Lille, un automobiliste de 49 ans a surpris le voleur qui venait de fracturer sa voiture. Gr\u00e2ce \u00e0 son syst\u00e8me de vid\u00e9osurveillance, il a pu l\u2019identifier, le poursuivre et le retenir jusqu\u2019\u00e0 l\u2019arriv\u00e9e de la police. L\u2019homme interpell\u00e9 est aussi suspect\u00e9 d\u2019un deuxi\u00e8me vol dans le m\u00eame quartier.<\/p>\n<p><img loading=\"lazy\" data-recalc-dims=\"1\" decoding=\"async\" width=\"640\" height=\"352\" data-attachment-id=\"215946\" data-permalink=\"https:\/\/policeetrealites.com\/police-3\/\" data-orig-file=\"https:\/\/i0.wp.com\/policeetrealites.com\/wp-content\/uploads\/2024\/08\/police.jpg?fit=870%2C478&amp;ssl=1\" data-orig-size=\"870,478\" data-comments-opened=\"0\" data-image-meta=\"{&quot;aperture&quot;:&quot;0&quot;,&quot;credit&quot;:&quot;&quot;,&quot;camera&quot;:&quot;&quot;,&quot;caption&quot;:&quot;&quot;,&quot;created_timestamp&quot;:&quot;0&quot;,&quot;copyright&quot;:&quot;&quot;,&quot;focal_length&quot;:&quot;0&quot;,&quot;iso&quot;:&quot;0&quot;,&quot;shutter_speed&quot;:&quot;0&quot;,&quot;title&quot;:&quot;&quot;,&quot;orientation&quot;:&quot;0&quot;}\" data-image-title=\"police\" data-image-description=\"\" data-image-caption=\"\" data-medium-file=\"https:\/\/i0.wp.com\/policeetrealites.com\/wp-content\/uploads\/2024\/08\/police.jpg?fit=300%2C165&amp;ssl=1\" data-large-file=\"https:\/\/i0.wp.com\/policeetrealites.com\/wp-content\/uploads\/2024\/08\/police.jpg?fit=640%2C352&amp;ssl=1\" src=\"https:\/\/www.europesays.com\/fr\/wp-content\/uploads\/2025\/08\/1755561314_667_police.jpg\" alt=\"\" class=\"wp-image-215946\"  \/><\/p>\n<p>Une vitre bris\u00e9e dans le Vieux-Lille<\/p>\n<p class=\"p3\">Vendredi 15 ao\u00fbt, en plein apr\u00e8s-midi, un automobiliste de 49 ans fait une d\u00e9couverte d\u00e9sagr\u00e9able. Sa voiture, gar\u00e9e dans le Vieux-Lille, a \u00e9t\u00e9 \u00ab roulott\u00e9e \u00bb : la vitre c\u00f4t\u00e9 conducteur est bris\u00e9e et plusieurs objets ont disparu.<\/p>\n<p class=\"p3\">Heureusement pour lui, son v\u00e9hicule est \u00e9quip\u00e9 d\u2019un syst\u00e8me de vid\u00e9osurveillance embarqu\u00e9. Rapidement, il visionne les images et obtient une description pr\u00e9cise du voleur, qu\u2019il transmet aux policiers.<\/p>\n<p>Un face-\u00e0-face inattendu<\/p>\n<p class=\"p3\">Quelques instants plus tard, selon <a href=\"https:\/\/www.lavoixdunord.fr\/1616149\/article\/2025-08-18\/lille-victime-d-un-vol-dans-sa-voiture-il-retrouve-et-interpelle-lui-meme-le\" target=\"_blank\" rel=\"noreferrer noopener nofollow\">La Voix du Nord<\/a>, coup de chance : l\u2019automobiliste aper\u00e7oit un homme \u00e0 v\u00e9lo ressemblant fortement au suspect. Il d\u00e9cide alors d\u2019intervenir lui-m\u00eame. Apr\u00e8s une br\u00e8ve poursuite, il parvient \u00e0 l\u2019interpeller et \u00e0 le maintenir jusqu\u2019\u00e0 l\u2019arriv\u00e9e des forces de l\u2019ordre.<\/p>\n<p class=\"p3\">Dans le sac \u00e0 dos du suspect, il retrouve ses objets vol\u00e9s, dont deux casques audio et un vase.<\/p>\n<p>Un deuxi\u00e8me vol \u00e9lucid\u00e9<\/p>\n<p class=\"p3\">La d\u00e9couverte ne s\u2019arr\u00eate pas l\u00e0. En fouillant le sac, les policiers mettent la main sur d\u2019autres effets personnels : une liseuse, une tablette, un ordinateur portable, des lunettes de soleil et des \u00e9couteurs.<\/p>\n<p class=\"p3\">En allumant l\u2019ordinateur, les enqu\u00eateurs identifient son propri\u00e9taire, qui confirme avoir lui aussi \u00e9t\u00e9 victime d\u2019un vol par effraction sur sa voiture, stationn\u00e9e dans le m\u00eame quartier au cours de l\u2019apr\u00e8s-midi.<\/p>\n<p>Le suspect plac\u00e9 en garde \u00e0 vue<\/p>\n<p class=\"p3\">L\u2019homme interpell\u00e9, \u00e2g\u00e9 de 34 ans, a \u00e9t\u00e9 plac\u00e9 en garde \u00e0 vue. Il est poursuivi pour deux vols dans des v\u00e9hicules. Son arrestation, due \u00e0 la vigilance et \u00e0 la r\u00e9activit\u00e9 d\u2019une victime, aura permis de r\u00e9soudre deux affaires en quelques heures.<\/p>\n<p>(Merci Rudy van Cappellen)<\/p>\n<p>J\u2019aime \u00e7a\u00a0:<\/p>\n<p>J\u2019aime chargement\u2026<\/p>\n<p><a class=\"sd-link-color\"\/><\/p>\n<p>\tEn savoir plus sur Police &amp; R\u00e9alit\u00e9s<\/p>\n<p class=\"has-text-align-center\" style=\"margin-top:10px;margin-bottom:10px;font-size:15px\">Subscribe to get the latest posts sent to your email.<\/p>\n<p>\t\tContinue Reading<\/p>\n","protected":false},"excerpt":{"rendered":"\u00c0 Lille, un automobiliste de 49 ans a surpris le voleur qui venait de fracturer sa voiture. Gr\u00e2ce&hellip;\n","protected":false},"author":2,"featured_media":22776,"comment_status":"","ping_status":"","sticky":false,"template":"","format":"standard","meta":{"footnotes":""},"categories":[2815],"tags":[1111,11,1777,674,1011,27,811,1307,12,25],"class_list":{"0":"post-328144","1":"post","2":"type-post","3":"status-publish","4":"format-standard","5":"has-post-thumbnail","7":"category-lille","8":"tag-actu","9":"tag-actualites","10":"tag-eu","11":"tag-europe","12":"tag-fr","13":"tag-france","14":"tag-hauts-de-france","15":"tag-lille","16":"tag-news","17":"tag-republique-francaise"},"share_on_mastodon":{"url":"https:\/\/pubeurope.com\/@fr\/115052473720660833","error":""},"_links":{"self":[{"href":"https:\/\/www.europesays.com\/fr\/wp-json\/wp\/v2\/posts\/328144","targetHints":{"allow":["GET"]}}],"collection":[{"href":"https:\/\/www.europesays.com\/fr\/wp-json\/wp\/v2\/posts"}],"about":[{"href":"https:\/\/www.europesays.com\/fr\/wp-json\/wp\/v2\/types\/post"}],"author":[{"embeddable":true,"href":"https:\/\/www.europesays.com\/fr\/wp-json\/wp\/v2\/users\/2"}],"replies":[{"embeddable":true,"href":"https:\/\/www.europesays.com\/fr\/wp-json\/wp\/v2\/comments?post=328144"}],"version-history":[{"count":0,"href":"https:\/\/www.europesays.com\/fr\/wp-json\/wp\/v2\/posts\/328144\/revisions"}],"wp:featuredmedia":[{"embeddable":true,"href":"https:\/\/www.europesays.com\/fr\/wp-json\/wp\/v2\/media\/22776"}],"wp:attachment":[{"href":"https:\/\/www.europesays.com\/fr\/wp-json\/wp\/v2\/media?parent=328144"}],"wp:term":[{"taxonomy":"category","embeddable":true,"href":"https:\/\/www.europesays.com\/fr\/wp-json\/wp\/v2\/categories?post=328144"},{"taxonomy":"post_tag","embeddable":true,"href":"https:\/\/www.europesays.com\/fr\/wp-json\/wp\/v2\/tags?post=328144"}],"curies":[{"name":"wp","href":"https:\/\/api.w.org\/{rel}","templated":true}]}}