{"id":328145,"date":"2025-08-18T23:56:10","date_gmt":"2025-08-18T23:56:10","guid":{"rendered":"https:\/\/www.europesays.com\/fr\/328145\/"},"modified":"2025-08-18T23:56:10","modified_gmt":"2025-08-18T23:56:10","slug":"transdev-sous-le-feu-des-critiques-des-usagers","status":"publish","type":"post","link":"https:\/\/www.europesays.com\/fr\/328145\/","title":{"rendered":"Transdev sous le feu des critiques des usagers"},"content":{"rendered":"\n<p>L\u2019arriv\u00e9e des trains de l\u2019op\u00e9rateur priv\u00e9 Transdev sur le r\u00e9seau ferroviaire en r\u00e9gion Paca avec l\u2019exploitation de la ligne TER Marseille-Nice se fait visiblement avec pertes et fracas. 18\u00a0000 vues par-ci sur la plateforme\u00a0X pour une publication qui se moque du retard des trains et du prix du billet\u00a0: \u00ab\u00a0TGV SNCF moins cher que le TER Zou par Transdev pour un trajet local&#8230;\u00a0\u00bb. Plus de 60\u00a0000\u00a0vues par-l\u00e0 pour analyse de ses performances depuis le d\u00e9but de l\u2019exploitation des TER&#8230; Et des m\u00e9contentements quasi quotidiens signal\u00e9s sur la page Facebook \u00ab\u00a0Ras-le-bol de la SNCF Paca\u00a0\u00bb, qu\u2019un internaute propose ironiquement de renommer \u00ab\u00a0Ras-le-bol de Transdev\u00a0\u00bb.<\/p>\n<p>\u00ab\u00a0Et si on parlait des retards depuis que Transdev a repris la ligne. Pas un jour sans retard\u00a0! Honteux pire que la SNCF\u00a0\u00bb, d\u00e9nonce un usager des TER. Un autre rench\u00e9rit\u00a0: \u00ab\u00a0Publicit\u00e9 mensong\u00e8re\u00a0! Trains bond\u00e9s par manque de voitures\u00a0! Tarifs prohibitifs\u00a0! Wagons pas nettoy\u00e9s avec de la crasse depuis des mois, vitres d\u00e9gueulasses\u00a0! Quel dommage d\u2019avoir tu\u00e9 la SNCF\u00a0!\u00a0\u00bb. Un groupe Facebook r\u00e9unissant cheminots et passionn\u00e9s du rail, Neurchi de Transdev, d\u00e9di\u00e9 \u00e0 des publications humoristiques sur internet, cumule plus de 13\u00a0000\u00a0membres et encha\u00eene les blagues sur les retards de l\u2019entreprise. En bref, les internautes dressent un bien triste tableau pour Transdev qui exploite la ligne depuis le 29\u00a0juin dernier.<\/p>\n<p>Un rapide coup d\u2019\u0153il sur les r\u00e9seaux sociaux de la page officielle Train Zou, alias Transport-Zou, qui informe en direct, ou presque, sur les retards et annulations de trajets confirme le ressenti\u00a0: La page rel\u00e8ve des retards \u00e9galement les 11, 5 et 8\u00a0juillet, le 7\u00a0ao\u00fbt mais aussi \u00e0 deux reprises le 27\u00a0juillet, le 21 ainsi que le 8 et 1er\u00a0ao\u00fbt&#8230; Pour am\u00e9liorer le service nous disait-on.<\/p>\n","protected":false},"excerpt":{"rendered":"L\u2019arriv\u00e9e des trains de l\u2019op\u00e9rateur priv\u00e9 Transdev sur le r\u00e9seau ferroviaire en r\u00e9gion Paca avec l\u2019exploitation de la&hellip;\n","protected":false},"author":2,"featured_media":328146,"comment_status":"","ping_status":"","sticky":false,"template":"","format":"standard","meta":{"footnotes":""},"categories":[2814],"tags":[1111,11,1777,674,1011,27,884,12,2401,882,25],"class_list":{"0":"post-328145","1":"post","2":"type-post","3":"status-publish","4":"format-standard","5":"has-post-thumbnail","7":"category-marseille","8":"tag-actu","9":"tag-actualites","10":"tag-eu","11":"tag-europe","12":"tag-fr","13":"tag-france","14":"tag-marseille","15":"tag-news","16":"tag-nice","17":"tag-provence-alpes-cote-dazur","18":"tag-republique-francaise"},"share_on_mastodon":{"url":"https:\/\/pubeurope.com\/@fr\/115052477626403446","error":""},"_links":{"self":[{"href":"https:\/\/www.europesays.com\/fr\/wp-json\/wp\/v2\/posts\/328145","targetHints":{"allow":["GET"]}}],"collection":[{"href":"https:\/\/www.europesays.com\/fr\/wp-json\/wp\/v2\/posts"}],"about":[{"href":"https:\/\/www.europesays.com\/fr\/wp-json\/wp\/v2\/types\/post"}],"author":[{"embeddable":true,"href":"https:\/\/www.europesays.com\/fr\/wp-json\/wp\/v2\/users\/2"}],"replies":[{"embeddable":true,"href":"https:\/\/www.europesays.com\/fr\/wp-json\/wp\/v2\/comments?post=328145"}],"version-history":[{"count":0,"href":"https:\/\/www.europesays.com\/fr\/wp-json\/wp\/v2\/posts\/328145\/revisions"}],"wp:featuredmedia":[{"embeddable":true,"href":"https:\/\/www.europesays.com\/fr\/wp-json\/wp\/v2\/media\/328146"}],"wp:attachment":[{"href":"https:\/\/www.europesays.com\/fr\/wp-json\/wp\/v2\/media?parent=328145"}],"wp:term":[{"taxonomy":"category","embeddable":true,"href":"https:\/\/www.europesays.com\/fr\/wp-json\/wp\/v2\/categories?post=328145"},{"taxonomy":"post_tag","embeddable":true,"href":"https:\/\/www.europesays.com\/fr\/wp-json\/wp\/v2\/tags?post=328145"}],"curies":[{"name":"wp","href":"https:\/\/api.w.org\/{rel}","templated":true}]}}