{"id":328153,"date":"2025-08-19T00:02:11","date_gmt":"2025-08-19T00:02:11","guid":{"rendered":"https:\/\/www.europesays.com\/fr\/328153\/"},"modified":"2025-08-19T00:02:11","modified_gmt":"2025-08-19T00:02:11","slug":"donald-trump-annonce-quil-a-commence-les-preparatifs-dune-rencontre-entre-vladimir-poutine-et-volodymyr-zelensky","status":"publish","type":"post","link":"https:\/\/www.europesays.com\/fr\/328153\/","title":{"rendered":"Donald Trump annonce qu&rsquo;il a \u00ab\u00a0commenc\u00e9 les pr\u00e9paratifs\u00a0\u00bb d&rsquo;une rencontre entre Vladimir Poutine et Volodymyr Zelensky"},"content":{"rendered":"<p class=\"c-chapo \">\n  Le pr\u00e9sident am\u00e9ricain souhaite ensuite participer \u00e0 une r\u00e9union trilat\u00e9rale avec les dirigeants russe et ukrainien.\n<\/p>\n<p>            lire plus tard<\/p>\n<p id=\"dialog__title\" class=\"dialog__title\">Pour sauvegarder cet article, connectez-vous ou cr\u00e9ez un compte franceinfo<\/p>\n<p class=\"dialog__description\">Sans paiement. Sans abonnement.<\/p>\n<p>        Fermer la fen\u00eatre d\u2019activation des notifications France Info<\/p>\n<p>            cr\u00e9er votre compte<\/p>\n<p>            se connecter<\/p>\n<p>        Fermer la fen\u00eatre de pr\u00e9sentation<\/p>\n<p>    <img loading=\"lazy\" decoding=\"async\" class=\"signature__image lazyload\" width=\"100\" height=\"100\" data- alt=\"\" src=\"https:\/\/www.europesays.com\/fr\/wp-content\/uploads\/2025\/05\/64a68815cd1a7_placeholder-36b69ec8.png\"\/><\/p>\n<p>    Publi\u00e9 le 19\/08\/2025 00:50<\/p>\n<p>      Mis \u00e0 jour le 19\/08\/2025 00:58<\/p>\n<p>        Temps de lecture : 1min<\/p>\n<p>    <img decoding=\"async\"  alt=\"Donald Trump \u00e0 la Maison Blanche, le 18 ao\u00fbt 2025. (ANDREW CABALLERO-REYNOLDS \/ AFP)\" width=\"432\" height=\"243\" src=\"https:\/\/www.europesays.com\/fr\/wp-content\/uploads\/2025\/08\/000-69va8cq-68a3a9487b5c3190277353.jpg\" fetchpriority=\"high\"\/><\/p>\n<p>      Donald Trump \u00e0 la Maison Blanche, le 18 ao\u00fbt 2025. (ANDREW CABALLERO-REYNOLDS \/ AFP)<\/p>\n<p>Donald Trump va-t-il r\u00e9ussir \u00e0 mettre Vladimir Poutine face \u00e0 Volodymyr Zelensky ? Sur son r\u00e9seau social Truth Social, lundi 18 ao\u00fbt, il a annonc\u00e9 avoir\u00a0\u00ab\u00a0commenc\u00e9 les pr\u00e9paratifs\u00a0\u00bb d&rsquo;une rencontre entre les deux dirigeants, apr\u00e8s ses r\u00e9unions avec les Europ\u00e9ens \u00e0 la Maison Blanche. Le lieu \u00ab\u00a0doit encore \u00eatre d\u00e9termin\u00e9\u00a0\u00bb. Le pr\u00e9sident am\u00e9ricain souhaite ensuite participer \u00e0 une r\u00e9union trilat\u00e9rale avec les pr\u00e9sidents russe et ukrainien. Donald Trump n&rsquo;a pas fait mention du projet de r\u00e9union \u00ab\u00a0quadrilat\u00e9rale\u00a0\u00bb avec les responsables europ\u00e9ens, <a href=\"https:\/\/www.franceinfo.fr\/monde\/europe\/manifestations-en-ukraine\/guerre-en-ukraine-emmanuel-macron-et-le-chancelier-allemand-friedrich-merz-ont-appele-a-un-cessez-le-feu-depuis-la-maison-blanche_7442023.html\" rel=\"nofollow noopener\" target=\"_blank\">comme \u00e9voqu\u00e9 par Emmanuel Macron plus t\u00f4t dans la soir\u00e9e<\/a>.<\/p>\n<p>Le pr\u00e9sident am\u00e9ricain a aussi parl\u00e9 avec Vladimir Poutine par t\u00e9l\u00e9phone, a fait savoir un conseiller du pr\u00e9sident russe cit\u00e9 par l&rsquo;agence russe Tass <a href=\"https:\/\/t.me\/tass_agency\/332041\" target=\"_blank\" rel=\"noopener nofollow\">sur Telegram<\/a>. Ce qu&rsquo;a confirm\u00e9 Donald Trump sur Truth Social. Ils ont \u00e9chang\u00e9 pendant pr\u00e8s de 40 minutes, selon Yuriy Ushakov. Les deux dirigeants se sont dits favorables \u00e0 la poursuite des n\u00e9gociations directes entre Kiev et Moscou, toujours d&rsquo;apr\u00e8s ce conseiller du Kremlin.\u00a0<\/p>\n<p>Au cours des r\u00e9unions avec Volodymyr Zelensky <a href=\"https:\/\/www.franceinfo.fr\/monde\/europe\/manifestations-en-ukraine\/rencontre-trump-zelensky-a-washington-pourquoi-l-europe-s-est-invitee-a-la-table-des-negociations_7441591.html\" rel=\"nofollow noopener\" target=\"_blank\">et les dirigeants europ\u00e9ens<\/a>, \u00ab\u00a0nous avons discut\u00e9 des garanties de s\u00e9curit\u00e9 pour l&rsquo;Ukraine, qui seraient fournies par les diff\u00e9rents pays europ\u00e9ens, en coordination avec les \u00c9tats-Unis d&rsquo;Am\u00e9rique\u00a0\u00bb, a par ailleurs \u00e9crit Donald Trump sur Truth Social. Sans pr\u00e9ciser la teneur de ces garanties.<\/p>\n<p class=\"related-tags__title\" role=\"heading\" aria-level=\"2\">les mots-cl\u00e9s associ\u00e9s \u00e0 cet article\n    <\/p>\n","protected":false},"excerpt":{"rendered":"Le pr\u00e9sident am\u00e9ricain souhaite ensuite participer \u00e0 une r\u00e9union trilat\u00e9rale avec les dirigeants russe et ukrainien. lire plus&hellip;\n","protected":false},"author":2,"featured_media":328154,"comment_status":"","ping_status":"","sticky":false,"template":"","format":"standard","meta":{"footnotes":""},"categories":[1888],"tags":[1111,1928,11,1927,1777,674,1011,27,12,1926,626,1925,25],"class_list":{"0":"post-328153","1":"post","2":"type-post","3":"status-publish","4":"format-standard","5":"has-post-thumbnail","7":"category-paris","8":"tag-actu","9":"tag-actu-paris","10":"tag-actualites","11":"tag-actualites-paris","12":"tag-eu","13":"tag-europe","14":"tag-fr","15":"tag-france","16":"tag-news","17":"tag-news-paris","18":"tag-paris","19":"tag-paris-news","20":"tag-republique-francaise"},"share_on_mastodon":{"url":"https:\/\/pubeurope.com\/@fr\/115052501017627989","error":""},"_links":{"self":[{"href":"https:\/\/www.europesays.com\/fr\/wp-json\/wp\/v2\/posts\/328153","targetHints":{"allow":["GET"]}}],"collection":[{"href":"https:\/\/www.europesays.com\/fr\/wp-json\/wp\/v2\/posts"}],"about":[{"href":"https:\/\/www.europesays.com\/fr\/wp-json\/wp\/v2\/types\/post"}],"author":[{"embeddable":true,"href":"https:\/\/www.europesays.com\/fr\/wp-json\/wp\/v2\/users\/2"}],"replies":[{"embeddable":true,"href":"https:\/\/www.europesays.com\/fr\/wp-json\/wp\/v2\/comments?post=328153"}],"version-history":[{"count":0,"href":"https:\/\/www.europesays.com\/fr\/wp-json\/wp\/v2\/posts\/328153\/revisions"}],"wp:featuredmedia":[{"embeddable":true,"href":"https:\/\/www.europesays.com\/fr\/wp-json\/wp\/v2\/media\/328154"}],"wp:attachment":[{"href":"https:\/\/www.europesays.com\/fr\/wp-json\/wp\/v2\/media?parent=328153"}],"wp:term":[{"taxonomy":"category","embeddable":true,"href":"https:\/\/www.europesays.com\/fr\/wp-json\/wp\/v2\/categories?post=328153"},{"taxonomy":"post_tag","embeddable":true,"href":"https:\/\/www.europesays.com\/fr\/wp-json\/wp\/v2\/tags?post=328153"}],"curies":[{"name":"wp","href":"https:\/\/api.w.org\/{rel}","templated":true}]}}