{"id":328155,"date":"2025-08-19T00:03:11","date_gmt":"2025-08-19T00:03:11","guid":{"rendered":"https:\/\/www.europesays.com\/fr\/328155\/"},"modified":"2025-08-19T00:03:11","modified_gmt":"2025-08-19T00:03:11","slug":"mercato-de-folie-au-paris-fc-cinq-renforts-sont-annonces","status":"publish","type":"post","link":"https:\/\/www.europesays.com\/fr\/328155\/","title":{"rendered":"Mercato de folie au Paris FC, \u00abcinq renforts\u00bb sont annonc\u00e9s !"},"content":{"rendered":"<p>                    Benjamin Labrousse<br \/>\n                        &#8211;<\/p>\n<p>R\u00e9dacteur<\/p>\n<p>Malgr\u00e9 un double cursus Espagnol\/Communication, j\u2019ai d\u00e9cid\u00e9 de prendre en main mes r\u00eaves en me dirigeant vers le journalisme. Dipl\u00f4m\u00e9 d\u2019un master en journalisme de sport, je couvre l\u2019actualit\u00e9 sportive et footballistique avec toujours autant d\u2019admiration pour les p\u00e9riode de mercato, o\u00f9 un club se doit de faire des choix cruciaux pour la saison prochaine.<\/p>\n<p class=\"heading\">Ce dimanche, le Paris FC n\u2019a clairement pas convaincu pour sa grande premi\u00e8re en Ligue 1 avec une d\u00e9faite (1-0) conc\u00e9d\u00e9e sur la pelouse du SCO d\u2019Angers. Si le club parisien, qui dispose de gros moyens, doit r\u00e9agir, Pierre M\u00e9n\u00e8s estime quant \u00e0 lui que la formation de St\u00e9phane Gilli va se rattraper avec plusieurs gros transferts.<\/p>\n<p>Un premier coup de froid dans la saison du <a href=\"https:\/\/le10sport.com\/football\/mercato\/daniel-riolo-annonce-deja-un-sacre-probleme-au-paris-fc-754712\" rel=\"nofollow noopener\" target=\"_blank\"><strong>Paris FC<\/strong><\/a>. Malgr\u00e9 un mercato estival tr\u00e8s ambitieux jusque-l\u00e0, le club de la capitale n\u2019a pas du tout convaincu lors de son premier rendez-vous en Ligue 1. Les Parisiens ont \u00e9t\u00e9 cueillis \u00e0 froid ce dimanche apr\u00e8s-midi par le <strong>SCO d\u2019Angers<\/strong>, et conc\u00e8dent une premi\u00e8re d\u00e9faite cette saison. Comme l\u2019a rappel\u00e9 le coach <strong>St\u00e9phane Gilli<\/strong>, il faudra vite r\u00e9agir.<\/p>\n<p>                                            Le Paris FC conc\u00e8de une premi\u00e8re d\u00e9faite<\/p>\n<p>\u00ab\u00a0J\u2019ai trouv\u00e9 les joueurs f\u00e9briles, timor\u00e9s, et pas tr\u00e8s justes d\u2019un point de vue technique. Il n\u2019y avait pas de rythme. On est frustr\u00e9s, car on prend un but b\u00eate, m\u00eame si on \u00e9tait amorphes, endormis les premi\u00e8res minutes. Voil\u00e0, c\u2019est la Ligue 1 et il faut vite en prendre la mesure\u00a0\u00bb, a ainsi confi\u00e9 l\u2019entra\u00eeneur du <strong>Paris FC<\/strong> \u00e0 l\u2019issue de la rencontre. Mais pour <strong>Pierre M\u00e9n\u00e8s,<\/strong> la fin de mercato du club parisien pourrait tout de m\u00eame leur assurer une assez belle saison dans l\u2019\u00e9lite.<\/p>\n<p>                                            \u00ab\u00a0Il va y avoir encore quatre ou cinq renforts\u00a0\u00bb<\/p>\n<p>\u00ab\u00a0Il y a un truc, c\u2019est que le mercato n\u2019est pas du tout termin\u00e9, a ainsi confi\u00e9 l\u2019ancien consultant de Canal + sur sa cha\u00eene YouTube Pierrot le Foot ce lundi. Je pense qu\u2019entre l\u2019\u00e9quipe qui a jou\u00e9 \u00e0 Angers ce dimanche et l\u2019\u00e9quipe titulaire il va y avoir encore quatre ou cinq renforts. C\u2019est une \u00e9quipe qui a des gros moyens, et il n\u2019y avait pas toutes les recrues sur ce match. Je ne suis absolument pas inquiet pour le maintien du PFC.\u00a0\u00bb<\/p>\n","protected":false},"excerpt":{"rendered":"Benjamin Labrousse &#8211; R\u00e9dacteur Malgr\u00e9 un double cursus Espagnol\/Communication, j\u2019ai d\u00e9cid\u00e9 de prendre en main mes r\u00eaves en&hellip;\n","protected":false},"author":2,"featured_media":328156,"comment_status":"","ping_status":"","sticky":false,"template":"","format":"standard","meta":{"footnotes":""},"categories":[1888],"tags":[1111,1928,11,1927,1777,674,1011,27,12,1926,626,1925,25],"class_list":{"0":"post-328155","1":"post","2":"type-post","3":"status-publish","4":"format-standard","5":"has-post-thumbnail","7":"category-paris","8":"tag-actu","9":"tag-actu-paris","10":"tag-actualites","11":"tag-actualites-paris","12":"tag-eu","13":"tag-europe","14":"tag-fr","15":"tag-france","16":"tag-news","17":"tag-news-paris","18":"tag-paris","19":"tag-paris-news","20":"tag-republique-francaise"},"share_on_mastodon":{"url":"https:\/\/pubeurope.com\/@fr\/115052504896683694","error":""},"_links":{"self":[{"href":"https:\/\/www.europesays.com\/fr\/wp-json\/wp\/v2\/posts\/328155","targetHints":{"allow":["GET"]}}],"collection":[{"href":"https:\/\/www.europesays.com\/fr\/wp-json\/wp\/v2\/posts"}],"about":[{"href":"https:\/\/www.europesays.com\/fr\/wp-json\/wp\/v2\/types\/post"}],"author":[{"embeddable":true,"href":"https:\/\/www.europesays.com\/fr\/wp-json\/wp\/v2\/users\/2"}],"replies":[{"embeddable":true,"href":"https:\/\/www.europesays.com\/fr\/wp-json\/wp\/v2\/comments?post=328155"}],"version-history":[{"count":0,"href":"https:\/\/www.europesays.com\/fr\/wp-json\/wp\/v2\/posts\/328155\/revisions"}],"wp:featuredmedia":[{"embeddable":true,"href":"https:\/\/www.europesays.com\/fr\/wp-json\/wp\/v2\/media\/328156"}],"wp:attachment":[{"href":"https:\/\/www.europesays.com\/fr\/wp-json\/wp\/v2\/media?parent=328155"}],"wp:term":[{"taxonomy":"category","embeddable":true,"href":"https:\/\/www.europesays.com\/fr\/wp-json\/wp\/v2\/categories?post=328155"},{"taxonomy":"post_tag","embeddable":true,"href":"https:\/\/www.europesays.com\/fr\/wp-json\/wp\/v2\/tags?post=328155"}],"curies":[{"name":"wp","href":"https:\/\/api.w.org\/{rel}","templated":true}]}}