{"id":328159,"date":"2025-08-19T00:05:23","date_gmt":"2025-08-19T00:05:23","guid":{"rendered":"https:\/\/www.europesays.com\/fr\/328159\/"},"modified":"2025-08-19T00:05:23","modified_gmt":"2025-08-19T00:05:23","slug":"que-devient-nastassja-kinski-inoubliable-avec-son-pull-rose-dans-le-film","status":"publish","type":"post","link":"https:\/\/www.europesays.com\/fr\/328159\/","title":{"rendered":"que devient Nastassja Kinski, inoubliable avec son pull rose dans le film ?"},"content":{"rendered":"<p>Avec Paris, Texas, c&rsquo;est <a href=\"https:\/\/www.programme-tv.net\/news\/cinema\/337232-paris-texas-un-film-culte-a-la-scene-mythique-prime-au-festival-de-cannes-en-1984\/\" data-api-deeplink=\"teleloisirs:\/\/news\/337232\" rel=\"nofollow noopener\" target=\"_blank\">un film-culte, laur\u00e9at de la Palme d&rsquo;Or au Festival de Cannes en 1984<\/a>, que diffuse Arte ce lundi 18 ao\u00fbt 2025 \u00e0 20h55. Chef d&rsquo;oeuvre r\u00e9alis\u00e9 par l&rsquo;Allemand Wim Wenders, ce long-m\u00e9trage suit Travis Henderson, incarn\u00e9 par <a href=\"https:\/\/www.programme-tv.net\/news\/cinema\/161236-deces-l-acteur-harry-dean-stanton-star-notamment-de-paris-texas-est-mort\/\" data-api-deeplink=\"teleloisirs:\/\/news\/161236\" rel=\"nofollow noopener\" target=\"_blank\">le regrett\u00e9 Harry Dean Stanton<\/a>. Cet homme que tout le monde croyait mort r\u00e9appara\u00eet au bout de quatre ans, muet et amn\u00e9sique, dans le d\u00e9sert texan. Il est recueilli par son fr\u00e8re Walt, chez qui il retrouve son fils, Hunter, qu&rsquo;il a abandonn\u00e9. Ensemble, p\u00e8re et fils partent \u00e0 la recherche de Jane, la femme de Travis et par cons\u00e9quent m\u00e8re de Hunter.<\/p>\n<p>Dans quels  films Nastassja Kinski, h\u00e9ro\u00efne de Paris, Texas, a-t-elle jou\u00e9 ?<\/p>\n<p>Pour incarner Jane, Wim Wenders a fait appel \u00e0 Nastassja Kinski. <a href=\"https:\/\/www.programme-tv.net\/news\/people\/69616-paris-texas-arte-5-villes-americaines-aux-noms-francais\/\" data-api-deeplink=\"teleloisirs:\/\/news\/69616\" rel=\"nofollow noopener\" target=\"_blank\">Paris, Texas<\/a> marque en quelque sorte les retrouvailles entre eux puisque c&rsquo;est devant la cam\u00e9ra du cin\u00e9aste allemand que la com\u00e9dienne a fait ses d\u00e9buts neuf ans plus t\u00f4t dans le film Faux mouvement. Entre ses deux collaborations avec Wim Wenders, l&rsquo;actrice allemande a litt\u00e9ralement vu sa carri\u00e8re exploser gr\u00e2ce au film Tess de <a href=\"https:\/\/www.programme-tv.net\/biographie\/190-polanski-roman\/\" data-link-people=\"79c6a06a-4f0a-43c0-90de-cbfb3bc9b6e3\" rel=\"nofollow noopener\" target=\"_blank\">Roman Polanski<\/a>, puis s&rsquo;est illustr\u00e9e dans Coup de coeur de <a href=\"https:\/\/www.programme-tv.net\/biographie\/10786-coppola-francis-ford\/\" data-link-people=\"df561f07-0b84-410b-80c0-4a87ece8c5af\" rel=\"nofollow noopener\" target=\"_blank\">Francis Ford Coppola<\/a>, La F\u00e9line de <a href=\"https:\/\/www.programme-tv.net\/biographie\/13228-schrader-paul\/\" data-link-people=\"4f11beda-8a87-4a43-b1cb-c9326477a087\" rel=\"nofollow noopener\" target=\"_blank\">Paul Schrader<\/a>, et La Lune dans le caniveau de Jean-Jacques Beneix. Une filmographie \u00e9clectique que Nastassja Kinski doit bien s\u00fbr \u00e0 son talent, mais aussi au fait qu&rsquo;elle parle couramment allemand, anglais, fran\u00e7ais, italien et russe, ce qui lui permet de jouer pour des r\u00e9alisateurs de tous horizons et de toutes nationalit\u00e9s. Apr\u00e8s Paris, Texas, l&rsquo;Allemande appara\u00eet dans plus d&rsquo;une quarantaine de films, mais il faut bien reconna\u00eetre qu&rsquo;aucun de ses r\u00f4les n&rsquo;ait v\u00e9ritablement marqu\u00e9 les esprits. Sans doute parce l&rsquo;actrice, qui n&rsquo;a jamais voulu \u00eatre c\u00e9l\u00e8bre, a fait le choix d&rsquo;accepter des petits r\u00f4les peu contraignants et de privil\u00e9gier sa vie de famille.<\/p>\n<p>                        Que devient Nastassja Kinski ?<\/p>\n<p>Aujourd&rsquo;hui \u00e2g\u00e9e de 64 ans, Nastassja Kinski vit \u00e0 Los Angeles et ne sort que tr\u00e8s rarement de sa retraite m\u00e9diatique. Ainsi, en 2022, elle a tourn\u00e9 dans un film allemand, Dark Satellite, pass\u00e9 totalement inaper\u00e7u en France, puisqu&rsquo;il n&rsquo;est m\u00eame pas sorti au cin\u00e9ma. Depuis 2023, elle pr\u00eate n\u00e9anmoins sa voix \u00e0 Tera Renard, un personnage de la s\u00e9rie d&rsquo;animation Castlevania : Nocturne dont la deuxi\u00e8me saison est disponible sur Netflix depuis le 16 janvier 2025.<\/p>\n","protected":false},"excerpt":{"rendered":"Avec Paris, Texas, c&rsquo;est un film-culte, laur\u00e9at de la Palme d&rsquo;Or au Festival de Cannes en 1984, que&hellip;\n","protected":false},"author":2,"featured_media":328160,"comment_status":"","ping_status":"","sticky":false,"template":"","format":"standard","meta":{"footnotes":""},"categories":[1888],"tags":[11,244,1777,674,5634,6790,1011,27,46514,46513,12,626,25,3926,46515,12910,25778],"class_list":{"0":"post-328159","1":"post","2":"type-post","3":"status-publish","4":"format-standard","5":"has-post-thumbnail","7":"category-paris","8":"tag-actualites","9":"tag-commentaire","10":"tag-eu","11":"tag-europe","12":"tag-festival-de-cannes","13":"tag-film-culte","14":"tag-fr","15":"tag-france","16":"tag-guid_2583105657001","17":"tag-nastassja-kinski","18":"tag-news","19":"tag-paris","20":"tag-republique-francaise","21":"tag-texas","22":"tag-uuid_8e812a4d-1f12-478c-af83-43cc941c2a37","23":"tag-we-tv","24":"tag-wim-wenders"},"share_on_mastodon":{"url":"https:\/\/pubeurope.com\/@fr\/115052512827726660","error":""},"_links":{"self":[{"href":"https:\/\/www.europesays.com\/fr\/wp-json\/wp\/v2\/posts\/328159","targetHints":{"allow":["GET"]}}],"collection":[{"href":"https:\/\/www.europesays.com\/fr\/wp-json\/wp\/v2\/posts"}],"about":[{"href":"https:\/\/www.europesays.com\/fr\/wp-json\/wp\/v2\/types\/post"}],"author":[{"embeddable":true,"href":"https:\/\/www.europesays.com\/fr\/wp-json\/wp\/v2\/users\/2"}],"replies":[{"embeddable":true,"href":"https:\/\/www.europesays.com\/fr\/wp-json\/wp\/v2\/comments?post=328159"}],"version-history":[{"count":0,"href":"https:\/\/www.europesays.com\/fr\/wp-json\/wp\/v2\/posts\/328159\/revisions"}],"wp:featuredmedia":[{"embeddable":true,"href":"https:\/\/www.europesays.com\/fr\/wp-json\/wp\/v2\/media\/328160"}],"wp:attachment":[{"href":"https:\/\/www.europesays.com\/fr\/wp-json\/wp\/v2\/media?parent=328159"}],"wp:term":[{"taxonomy":"category","embeddable":true,"href":"https:\/\/www.europesays.com\/fr\/wp-json\/wp\/v2\/categories?post=328159"},{"taxonomy":"post_tag","embeddable":true,"href":"https:\/\/www.europesays.com\/fr\/wp-json\/wp\/v2\/tags?post=328159"}],"curies":[{"name":"wp","href":"https:\/\/api.w.org\/{rel}","templated":true}]}}