{"id":328161,"date":"2025-08-19T00:06:17","date_gmt":"2025-08-19T00:06:17","guid":{"rendered":"https:\/\/www.europesays.com\/fr\/328161\/"},"modified":"2025-08-19T00:06:17","modified_gmt":"2025-08-19T00:06:17","slug":"poutine-cherche-un-accord-de-paix-estime-lancien-ambassadeur-de-france-en-russie-interview","status":"publish","type":"post","link":"https:\/\/www.europesays.com\/fr\/328161\/","title":{"rendered":"\u00ab\u00a0Poutine cherche un accord de paix\u00a0\u00bb, estime l\u2019ancien ambassadeur de France en Russie [Interview]"},"content":{"rendered":"<p>Le cessez-le-feu, Poutine n\u2019en veut pas, car il conserve l\u2019avantage sur le terrain. Il a \u00e9t\u00e9 tr\u00e8s clair\u00a0: il ne souhaite pas offrir de r\u00e9pit aux forces ukrainiennes. En revanche, un accord de paix assorti de certaines conditions, sur la langue russe ou l\u2019\u00c9glise orthodoxe, serait envisageable, sur la base de concessions territoriales. Poutine cherche un accord de paix, mais dans les guerres en g\u00e9n\u00e9ral, les combats ne cessent pas avant la conclusion d\u00e9finitive d\u2019un trait\u00e9.<\/p>\n<p>Ou bien, au contraire, Poutine,<a href=\"https:\/\/www.letelegramme.fr\/monde\/edito-poutine-le-paria-devenu-star-6871510.php\" target=\"_blank\" rel=\"noopener\"> fort de sa position actuelle,<\/a> cherche-t-il simplement \u00e0 gagner du temps en s\u2019engageant dans des pourparlers sans r\u00e9elle volont\u00e9 de compromis\u00a0?<\/p>\n<p>\u00c0 Moscou, le d\u00e9bat reste constant entre les hommes d\u2019affaires, les oligarques et les responsables politiques. Certains estiment que c\u2019est une chance historique de normaliser les relations avec les \u00c9tats-Unis, et qu\u2019il faut donc accepter des sacrifices, limiter les ambitions et n\u00e9gocier un compromis. D\u2019autres pensent que Trump ne sera plus l\u00e0 dans trois ans, et qu\u2019il faut continuer \u00e0 progresser militairement pour obtenir la tutelle de l\u2019Ukraine. Au d\u00e9part, Poutine penchait clairement pour la solution dure mais son sourire dans la limousine de Trump montre qu\u2019il appr\u00e9cie la reconnaissance diplomatique. Aujourd\u2019hui, j\u2019ai le sentiment que l\u2019option des mod\u00e9r\u00e9s p\u00e8se un peu plus. Par ailleurs, beaucoup de Russes ne comprennent pas tr\u00e8s bien cette guerre\u00a0: on leur a pr\u00e9sent\u00e9 un affrontement contre un Occident collectif mais ce r\u00e9cit perd de son efficacit\u00e9 face \u00e0 ce rapprochement avec Trump.<\/p>\n<p>Pour Moscou, l\u2019enjeu est-il avant tout de renouer avec Washington, davantage que de chercher une issue \u00e0 la guerre en Ukraine\u00a0?<\/p>\n<p>L\u2019objectif initial \u00e9tait de r\u00e9duire l\u2019Ukraine mais cela s\u2019est av\u00e9r\u00e9 plus complexe que pr\u00e9vu, notamment en raison du sursaut national ukrainien. Ce qui devait \u00eatre une promenade de sant\u00e9 est devenu un chemin de croix. Quand Trump propose un accord qui n\u2019est pas trop d\u00e9favorable mais qui implique une Ukraine ind\u00e9pendante avec des garanties de s\u00e9curit\u00e9, Poutine para\u00eet plus pr\u00eat qu\u2019avant \u00e0 l\u2019accepter.<\/p>\n<p>Si Trump n\u2019arrive pas \u00e0 r\u00e9gler la situation, pensez-vous qu\u2019on aboutisse \u00e0 un d\u00e9sint\u00e9r\u00eat de la question ukrainienne par les \u00c9tats-Unis, qui, in fine, arrangerait bien la Russie\u00a0?<\/p>\n<p>Si les n\u00e9gociations \u00e9chouent, Trump pourra rejeter la responsabilit\u00e9 sur Zelensky et les Europ\u00e9ens, les accusant d\u2019\u00eatre incapables de faire la paix. Dans ce sc\u00e9nario, il ne se retirerait qu\u2019\u00e0 moiti\u00e9. En effet, le pr\u00e9sident am\u00e9ricain ne peut pas laisser les Russes s\u2019emparer de toute l\u2019Ukraine. La seule mani\u00e8re pour Trump de justifier un \u00e9chec serait de dire que c\u2019est la guerre de Joe Biden et des Europ\u00e9ens, et qu\u2019il s\u2019en d\u00e9sint\u00e9resse face \u00e0 l\u2019incapacit\u00e9 de ces derniers \u00e0 n\u00e9gocier. Si toutefois le conflit se poursuit, l\u2019Ukraine risque de perdre encore plus. Il ne faut pas oublier que ce sont les Ukrainiens qui ont refus\u00e9 les clauses politiques des accords de Minsk (2014). Les Russes n\u2019ont quant \u00e0 eux pas respect\u00e9 les clauses militaires, mais politiquement, un statut d\u2019autonomie pour le Donbass n\u2019a jamais \u00e9t\u00e9 accept\u00e9 par Kiev qui est d\u00e9sormais en position de perdre cette r\u00e9gion.<\/p>\n","protected":false},"excerpt":{"rendered":"Le cessez-le-feu, Poutine n\u2019en veut pas, car il conserve l\u2019avantage sur le terrain. Il a \u00e9t\u00e9 tr\u00e8s clair\u00a0:&hellip;\n","protected":false},"author":2,"featured_media":328162,"comment_status":"","ping_status":"","sticky":false,"template":"","format":"standard","meta":{"footnotes":""},"categories":[1591],"tags":[11,1887,27,12,1427,1885,1886,132],"class_list":{"0":"post-328161","1":"post","2":"type-post","3":"status-publish","4":"format-standard","5":"has-post-thumbnail","7":"category-russie","8":"tag-actualites","9":"tag-federation-de-russie","10":"tag-france","11":"tag-news","12":"tag-opinions","13":"tag-russia","14":"tag-russian-federation","15":"tag-russie"},"share_on_mastodon":{"url":"https:\/\/pubeurope.com\/@fr\/115052516775937817","error":""},"_links":{"self":[{"href":"https:\/\/www.europesays.com\/fr\/wp-json\/wp\/v2\/posts\/328161","targetHints":{"allow":["GET"]}}],"collection":[{"href":"https:\/\/www.europesays.com\/fr\/wp-json\/wp\/v2\/posts"}],"about":[{"href":"https:\/\/www.europesays.com\/fr\/wp-json\/wp\/v2\/types\/post"}],"author":[{"embeddable":true,"href":"https:\/\/www.europesays.com\/fr\/wp-json\/wp\/v2\/users\/2"}],"replies":[{"embeddable":true,"href":"https:\/\/www.europesays.com\/fr\/wp-json\/wp\/v2\/comments?post=328161"}],"version-history":[{"count":0,"href":"https:\/\/www.europesays.com\/fr\/wp-json\/wp\/v2\/posts\/328161\/revisions"}],"wp:featuredmedia":[{"embeddable":true,"href":"https:\/\/www.europesays.com\/fr\/wp-json\/wp\/v2\/media\/328162"}],"wp:attachment":[{"href":"https:\/\/www.europesays.com\/fr\/wp-json\/wp\/v2\/media?parent=328161"}],"wp:term":[{"taxonomy":"category","embeddable":true,"href":"https:\/\/www.europesays.com\/fr\/wp-json\/wp\/v2\/categories?post=328161"},{"taxonomy":"post_tag","embeddable":true,"href":"https:\/\/www.europesays.com\/fr\/wp-json\/wp\/v2\/tags?post=328161"}],"curies":[{"name":"wp","href":"https:\/\/api.w.org\/{rel}","templated":true}]}}