{"id":328169,"date":"2025-08-19T00:10:23","date_gmt":"2025-08-19T00:10:23","guid":{"rendered":"https:\/\/www.europesays.com\/fr\/328169\/"},"modified":"2025-08-19T00:10:23","modified_gmt":"2025-08-19T00:10:23","slug":"cyclisme-agenda-la-vuelta-renewi-tour-allemagne-limousin-le-programme-de-la-semaine","status":"publish","type":"post","link":"https:\/\/www.europesays.com\/fr\/328169\/","title":{"rendered":"Cyclisme. Agenda &#8211; La Vuelta, Renewi Tour, Allemagne, Limousin&#8230; le programme de la semaine"},"content":{"rendered":"<p>Cette semaine, tous les regards convergent vers l\u2019Espagne o\u00f9 <strong><a href=\"https:\/\/www.cyclismactu.net\/..\/news-tour-d-espagne-route-a-j-7-de-vuelta-2025-parcours-et-profils-des-21-etapes-85547.html\" target=\"_blank\" rel=\"noopener\">La\u00a0Vuelta<\/a>\u00a0<\/strong>s\u2019\u00e9lancera samedi depuis Turin. Dernier Grand Tour de la saison, la course promet d\u00e9j\u00e0 de passionnantes explications entre favoris du g\u00e9n\u00e9ral et chasseurs d\u2019\u00e9tapes. Autour de ce rendez-vous majeur, le calendrier reste fourni : le <strong>Renewi Tour<\/strong>, le <strong>Tour d\u2019Allemagne<\/strong> et le <strong>Tour du Limousin-P\u00e9rigord<\/strong> rythmeront les journ\u00e9es d\u00e8s ce mardi, tandis que les <strong>Tour de l\u2019Avenir<\/strong> hommes et femmes prendront leur d\u00e9part samedi.<\/p>\n<p>Vid\u00e9o &#8211; Le parcours de La Vuelta 2025, qui d\u00e9bute ce samedi Lire la suite de l&rsquo;article&#13;<\/p>\n<p>\u00a0<\/p>\n<p>&#13;<br \/>\nL&rsquo;Agenda&#13;<\/p>\n<p><strong>Mardi 19 ao\u00fbt<\/strong><\/p>\n<p>&#13;<\/p>\n<p><strong>Route &#8211; <\/strong>Tour du Limousin-P\u00e9rigord &#8211; Nouvelle Aquitaine\u00a0(2.1 \/ Elites Hommes) &#8211; \u00e9tape 1<\/p>\n<p>&#13;<\/p>\n<p>\u00a0<\/p>\n<p>&#13;<\/p>\n<p><strong>Mercredi 20 ao\u00fbt<\/strong><\/p>\n<p>&#13;<\/p>\n<p><strong>Route &#8211;<\/strong> Renewi Tour\u00a0(2.UWT \/ Elites Hommes) &#8211; \u00e9tape 1<\/p>\n<p>&#13;<\/p>\n<p><strong>Route &#8211; <\/strong>Tour d&rsquo;Allemagne\u00a0(2.1 \/ Elites Hommes) &#8211; \u00e9tape 1<\/p>\n<p>&#13;<\/p>\n<p><strong>Route &#8211; <\/strong>Tour du Limousin-P\u00e9rigord &#8211; Nouvelle Aquitaine\u00a0(2.1 \/ Elites Hommes) &#8211; \u00e9tape 2<\/p>\n<p>&#13;<\/p>\n<p>\u00a0<\/p>\n<p>&#13;<\/p>\n<p><strong>Jeudi 21 ao\u00fbt<\/strong><\/p>\n<p>&#13;<\/p>\n<p><strong>Route &#8211;<\/strong> Renewi Tour\u00a0(2.UWT \/ Elites Hommes) &#8211; \u00e9tape 2<\/p>\n<p>&#13;<\/p>\n<p><strong>Route &#8211; <\/strong>Tour d&rsquo;Allemagne\u00a0(2.Pro \/ Elites Hommes) &#8211; \u00e9tape 2<\/p>\n<p>&#13;<\/p>\n<p><strong>Route &#8211; <\/strong>Tour du Limousin-P\u00e9rigord &#8211; Nouvelle Aquitaine\u00a0(2.1 \/ Elites Hommes) &#8211; \u00e9tape 3<\/p>\n<p>&#13;<\/p>\n<p><strong>Route &#8211; <\/strong>GP Lucien Van Impe\u00a0(1.1 \/ Elites Femmes)<\/p>\n<p>&#13;<\/p>\n<p>\u00a0<\/p>\n<p>&#13;<\/p>\n<p><strong>Vendredi 22 ao\u00fbt<\/strong><\/p>\n<p>&#13;<\/p>\n<p><strong>Route &#8211;<\/strong> Renewi Tour\u00a0(2.UWT \/ Elites Hommes) &#8211; \u00e9tape 3<\/p>\n<p>&#13;<\/p>\n<p><strong>Route &#8211; <\/strong>Tour d&rsquo;Allemagne\u00a0(2.Pro \/ Elites Hommes) &#8211; \u00e9tape 3<\/p>\n<p>&#13;<\/p>\n<p><strong>Route &#8211; <\/strong>Tour du Limousin-P\u00e9rigord &#8211; Nouvelle Aquitaine\u00a0(2.1 \/ Elites Hommes) &#8211; \u00e9tape 4<\/p>\n<p>&#13;<\/p>\n<p>\u00a0<\/p>\n<p>&#13;<\/p>\n<p><strong>Samedi 23 ao\u00fbt<\/strong><\/p>\n<p>&#13;<\/p>\n<p><strong>Route &#8211;<\/strong>\u00a0La Vuelta\u00a0(2.UWT \/ Elites Hommes) &#8211; \u00e9tape 1<\/p>\n<p>&#13;<\/p>\n<p><strong>Route &#8211;<\/strong> Renewi Tour\u00a0(2.UWT \/ Elites Hommes) &#8211; \u00e9tape 4<\/p>\n<p>&#13;<\/p>\n<p><strong>Route &#8211; <\/strong>Tour d&rsquo;Allemagne\u00a0(2.Pro \/ Elites Hommes) &#8211; \u00e9tape 4<\/p>\n<p>&#13;<\/p>\n<p><strong>Route &#8211; <\/strong>Tour de l&rsquo;Avenir\u00a0(2.Ncup \/ Espoirs Hommes) &#8211; prologue<\/p>\n<p>&#13;<\/p>\n<p><strong>Route &#8211; <\/strong>Tour de l&rsquo;Avenir\u00a0Femmes (2.2U \/ Espoirs Femmes) &#8211;\u00a0prologue<\/p>\n<p>&#13;<\/p>\n<p>\u00a0<\/p>\n<p>&#13;<\/p>\n<p><strong>Dimanche 24 ao\u00fbt<\/strong><\/p>\n<p>&#13;<\/p>\n<p><strong>Route &#8211;<\/strong>\u00a0La Vuelta\u00a0(2.UWT \/ Elites Hommes) &#8211; \u00e9tape 2<\/p>\n<p>&#13;<\/p>\n<p><strong>Route &#8211;<\/strong> Renewi Tour\u00a0(2.UWT \/ Elites Hommes) &#8211; \u00e9tape 5<\/p>\n<p>&#13;<\/p>\n<p><strong>Route &#8211; <\/strong>Tour d&rsquo;Allemagne\u00a0(2.Pro \/ Elites Hommes) &#8211; \u00e9tape 5<\/p>\n<p>&#13;<\/p>\n<p><strong>Route &#8211; <\/strong>Tour de l&rsquo;Avenir\u00a0(2.Ncup \/ Espoirs Hommes) &#8211; \u00e9tape 1<\/p>\n<p>&#13;<\/p>\n<p><strong>Route &#8211; <\/strong>Tour de l&rsquo;Avenir\u00a0Femmes (2.2U \/ Espoirs Femmes) &#8211;\u00a0\u00e9tape 1<\/p>\n","protected":false},"excerpt":{"rendered":"Cette semaine, tous les regards convergent vers l\u2019Espagne o\u00f9 La\u00a0Vuelta\u00a0s\u2019\u00e9lancera samedi depuis Turin. Dernier Grand Tour de la&hellip;\n","protected":false},"author":2,"featured_media":328170,"comment_status":"","ping_status":"","sticky":false,"template":"","format":"standard","meta":{"footnotes":""},"categories":[1587],"tags":[11,4763,672,1804,207,1805,1803,1777,674,211,1801,12,1802,209,210,212,208,213],"class_list":{"0":"post-328169","1":"post","2":"type-post","3":"status-publish","4":"format-standard","5":"has-post-thumbnail","7":"category-allemagne","8":"tag-actualites","9":"tag-agenda","10":"tag-allemagne","11":"tag-bundesrepublik-deutschland","12":"tag-cyclisme","13":"tag-de","14":"tag-deutschland","15":"tag-eu","16":"tag-europe","17":"tag-ffc","18":"tag-germany","19":"tag-news","20":"tag-republique-federale-dallemagne","21":"tag-route","22":"tag-tour-de-france","23":"tag-uci","24":"tag-velo","25":"tag-world-tour"},"share_on_mastodon":{"url":"https:\/\/pubeurope.com\/@fr\/115052532534364598","error":""},"_links":{"self":[{"href":"https:\/\/www.europesays.com\/fr\/wp-json\/wp\/v2\/posts\/328169","targetHints":{"allow":["GET"]}}],"collection":[{"href":"https:\/\/www.europesays.com\/fr\/wp-json\/wp\/v2\/posts"}],"about":[{"href":"https:\/\/www.europesays.com\/fr\/wp-json\/wp\/v2\/types\/post"}],"author":[{"embeddable":true,"href":"https:\/\/www.europesays.com\/fr\/wp-json\/wp\/v2\/users\/2"}],"replies":[{"embeddable":true,"href":"https:\/\/www.europesays.com\/fr\/wp-json\/wp\/v2\/comments?post=328169"}],"version-history":[{"count":0,"href":"https:\/\/www.europesays.com\/fr\/wp-json\/wp\/v2\/posts\/328169\/revisions"}],"wp:featuredmedia":[{"embeddable":true,"href":"https:\/\/www.europesays.com\/fr\/wp-json\/wp\/v2\/media\/328170"}],"wp:attachment":[{"href":"https:\/\/www.europesays.com\/fr\/wp-json\/wp\/v2\/media?parent=328169"}],"wp:term":[{"taxonomy":"category","embeddable":true,"href":"https:\/\/www.europesays.com\/fr\/wp-json\/wp\/v2\/categories?post=328169"},{"taxonomy":"post_tag","embeddable":true,"href":"https:\/\/www.europesays.com\/fr\/wp-json\/wp\/v2\/tags?post=328169"}],"curies":[{"name":"wp","href":"https:\/\/api.w.org\/{rel}","templated":true}]}}